{"id":641155,"date":"2026-01-04T21:24:13","date_gmt":"2026-01-04T21:24:13","guid":{"rendered":"https:\/\/www.europesays.com\/fr\/641155\/"},"modified":"2026-01-04T21:24:13","modified_gmt":"2026-01-04T21:24:13","slug":"russie-demande-des-reponses-us-sur-des-biolabs-en-ukraine","status":"publish","type":"post","link":"https:\/\/www.europesays.com\/fr\/641155\/","title":{"rendered":"Russie demande des r\u00e9ponses US sur des biolabs en Ukraine"},"content":{"rendered":"<p class=\"date\">19:04 04-01-2026<\/p>\n<p>By <a href=\"https:\/\/commons.wikimedia.org\/w\/index.php?title=User:Jeskra1&amp;action=edit&amp;redlink=1\" class=\"new\" title=\"User:Jeskra1 (page does not exist)\" rel=\"nofollow noopener noreferrer\" target=\"_blank\">J.N. Eskra<\/a> &#8211; Own work, <a href=\"https:\/\/creativecommons.org\/licenses\/by-sa\/4.0\" title=\"Creative Commons Attribution-Share Alike 4.0\" rel=\"nofollow noopener noreferrer\" target=\"_blank\">CC BY-SA 4.0<\/a>, <a href=\"https:\/\/commons.wikimedia.org\/w\/index.php?curid=77326670\" rel=\"nofollow noopener noreferrer\" target=\"_blank\">Link<\/a><\/p>\n<p class=\"desc\">Moscou exige de Washington des explications sur des activit\u00e9s bio-militaires en Ukraine, jug\u00e9es mena\u00e7antes pour la Convention sur les armes biologiques.<\/p>\n<p>Le directeur du D\u00e9partement de la non-prolif\u00e9ration et du contr\u00f4le des armements du minist\u00e8re russe des Affaires \u00e9trang\u00e8res, Oleg Postnikov, a indiqu\u00e9 que Moscou a exig\u00e9 de Washington qu\u2019il se prononce sur ce que la Russie d\u00e9crit comme des activit\u00e9s militaro-biologiques am\u00e9ricaines sur le territoire ukrainien. Selon lui, la Russie n\u2019a toujours pas re\u00e7u de r\u00e9ponse jug\u00e9e ad\u00e9quate, alors que la question demeure pressante et r\u00e9clame, \u00e0 ses yeux, une issue claire.<\/p>\n<p>Il a soulign\u00e9 que la partie russe entend continuer \u00e0 exercer des pressions sur les autorit\u00e9s am\u00e9ricaines et ukrainiennes pour r\u00e9gler ce qu\u2019il a qualifi\u00e9 de situation inappropri\u00e9e, estimant qu\u2019elle constitue un facteur de tension s\u00e9rieux qui sape le r\u00e9gime de la BTWC et la bios\u00e9curit\u00e9 mondiale.<\/p>\n<p>Moscou rattache sa position \u00e0 des d\u00e9clarations formul\u00e9es en 2022. \u00c0 l\u2019\u00e9poque, le minist\u00e8re russe de la D\u00e9fense affirmait que, durant l\u2019op\u00e9ration militaire sp\u00e9ciale en Ukraine, les forces russes avaient d\u00e9couvert un r\u00e9seau de laboratoires biologiques qui auraient travaill\u00e9 dans le cadre de contrats du Pentagone sur des agents pathog\u00e8nes de maladies infectieuses dangereuses. Par la suite, le pr\u00e9sident russe Vladimir Poutine a accus\u00e9 le r\u00e9gime de Kiev de cr\u00e9er des composants d\u2019armes biologiques \u00e0 proximit\u00e9 imm\u00e9diate des fronti\u00e8res russes.<\/p>\n","protected":false},"excerpt":{"rendered":"19:04 04-01-2026 By J.N. Eskra &#8211; Own work, CC BY-SA 4.0, Link Moscou exige de Washington des explications&hellip;\n","protected":false},"author":2,"featured_media":641156,"comment_status":"","ping_status":"","sticky":false,"template":"","format":"standard","meta":{"footnotes":""},"categories":[1591],"tags":[11,1887,12,1885,1886,132],"class_list":{"0":"post-641155","1":"post","2":"type-post","3":"status-publish","4":"format-standard","5":"has-post-thumbnail","7":"category-russie","8":"tag-actualites","9":"tag-federation-de-russie","10":"tag-news","11":"tag-russia","12":"tag-russian-federation","13":"tag-russie"},"share_on_mastodon":{"url":"https:\/\/pubeurope.com\/@fr\/115838940935992211","error":""},"_links":{"self":[{"href":"https:\/\/www.europesays.com\/fr\/wp-json\/wp\/v2\/posts\/641155","targetHints":{"allow":["GET"]}}],"collection":[{"href":"https:\/\/www.europesays.com\/fr\/wp-json\/wp\/v2\/posts"}],"about":[{"href":"https:\/\/www.europesays.com\/fr\/wp-json\/wp\/v2\/types\/post"}],"author":[{"embeddable":true,"href":"https:\/\/www.europesays.com\/fr\/wp-json\/wp\/v2\/users\/2"}],"replies":[{"embeddable":true,"href":"https:\/\/www.europesays.com\/fr\/wp-json\/wp\/v2\/comments?post=641155"}],"version-history":[{"count":0,"href":"https:\/\/www.europesays.com\/fr\/wp-json\/wp\/v2\/posts\/641155\/revisions"}],"wp:featuredmedia":[{"embeddable":true,"href":"https:\/\/www.europesays.com\/fr\/wp-json\/wp\/v2\/media\/641156"}],"wp:attachment":[{"href":"https:\/\/www.europesays.com\/fr\/wp-json\/wp\/v2\/media?parent=641155"}],"wp:term":[{"taxonomy":"category","embeddable":true,"href":"https:\/\/www.europesays.com\/fr\/wp-json\/wp\/v2\/categories?post=641155"},{"taxonomy":"post_tag","embeddable":true,"href":"https:\/\/www.europesays.com\/fr\/wp-json\/wp\/v2\/tags?post=641155"}],"curies":[{"name":"wp","href":"https:\/\/api.w.org\/{rel}","templated":true}]}}