{"id":641157,"date":"2026-01-04T21:25:16","date_gmt":"2026-01-04T21:25:16","guid":{"rendered":"https:\/\/www.europesays.com\/fr\/641157\/"},"modified":"2026-01-04T21:25:16","modified_gmt":"2026-01-04T21:25:16","slug":"il-avait-ete-deploye-au-venezuela-face-aux-navires-americains-quest-ce-que-le-mohajer-6-ce-drone-iranien-que-la-russie-utilise-en-ukraine","status":"publish","type":"post","link":"https:\/\/www.europesays.com\/fr\/641157\/","title":{"rendered":"Il avait \u00e9t\u00e9 d\u00e9ploy\u00e9 au Venezuela face aux navires am\u00e9ricains\u00a0: qu\u2019est-ce que le Mohajer-6, ce drone iranien que la Russie utilise en Ukraine\u00a0?"},"content":{"rendered":"<p>\n                                                                Le drone de combat iranien Mohajer-6 a \u00e9t\u00e9 d\u00e9ploy\u00e9 par le Venezuela pour surveiller les forces navales am\u00e9ricaines avant la capture du pr\u00e9sident Nicolas Maduro, r\u00e9v\u00e8le le site sp\u00e9cialis\u00e9 Defense Express. Aper\u00e7u sur la base a\u00e9rienne d\u2019El Libertador le 30\u00a0d\u00e9cembre, cet engin capable de frapper des navires de guerre poss\u00e8de une autonomie de 2\u00a0400\u00a0km.\n                            <\/p>\n<p><a href=\"https:\/\/www.midilibre.fr\/2026\/01\/01\/guerre-en-ukraine-la-russie-accuse-kiev-dune-attaque-de-drones-ayant-fait-au-moins-24-morts-lors-du-nouvel-an-13139980.php\" target=\"_blank\" rel=\"noopener\">Il est iranien mais sert \u00e0 la Russie <\/a>dans la guerre face \u00e0 l\u2019Ukraine. <a href=\"https:\/\/www.midilibre.fr\/2024\/08\/13\/guerre-en-ukraine-une-portee-de-2-000-kilometres-et-une-duree-de-vol-amelioree-liran-devoile-son-nouveau-drone-mohajer-10-12140069.php\" target=\"_blank\" rel=\"noopener\">Le drone de combat\u00a0Mohajer-6 <\/a>a \u00e9t\u00e9 aper\u00e7u le 30\u00a0d\u00e9cembre dernier au Venezuela servant \u00e0 la d\u00e9fense du pays avant<a href=\"https:\/\/www.midilibre.fr\/2026\/01\/03\/attaque-americaine-au-venezuela-elle-serait-derriere-la-capture-de-nicolas-maduro-quest-ce-que-la-delta-force-cette-unite-speciale-americaine-13141446.php\" target=\"_blank\" rel=\"noopener\"> la capture de son pr\u00e9sident Nicolas Maduro<\/a> par les \u00c9tats-Unis, selon le site sp\u00e9cialis\u00e9 <a href=\"https:\/\/en.defence-ua.com\/news\/venezuela_deploys_iranian_mohajer_6_drones_already_used_against_ukraine_to_target_us_naval_vessels-17032.html\" target=\"_blank\" rel=\"noopener\">Defense Express.<\/a><\/p>\n<p>Il avait ainsi \u00e9t\u00e9 aper\u00e7u avant l\u2019attaque am\u00e9ricaine sur la base a\u00e9rienne d\u2019El Libertador, pr\u00e8s de Maracay, situ\u00e9e \u00e0 l\u2019ouest de la capitale Caracas.<\/p>\n<p>Un drone contre les navires am\u00e9ricains<\/p>\n<p>Le site sp\u00e9cialis\u00e9 pr\u00e9cise que le drone de conception iranienne peut frapper des navires de guerre et servait \u00e0 surveiller les bateaux am\u00e9ricains qui \u00e9taient stationn\u00e9s sur les c\u00f4tes v\u00e9n\u00e9zu\u00e9liennes. Selon le site sp\u00e9cialis\u00e9 \u00ab\u00a0son altitude de vol est d\u2019environ 5,5\u00a0km et sa masse maximale au d\u00e9collage est d\u2019environ 600\u00a0kg\u00a0\u00bb.<\/p>\n<p>Capable d\u2019emporter jusqu\u2019\u00e0 4 missiles, l\u2019engin peut \u00e9galement \u00eatre pilot\u00e9 \u00e0 distance avec une port\u00e9e allant de 200 \u00e0 500\u00a0km. Il a une autonomie de 2\u00a0400\u00a0km, pour environ 12\u00a0h et jusqu\u2019\u00e0 200\u00a0km\/h. Alors que des sanctions p\u00e8sent sur l\u2019Iran, il se pourrait que le Venezuela ait acc\u00e8s par le pays aux informations permettant un assemblage au pays. Une version encore plus performante, le Mohajer-10, avait \u00e9t\u00e9 pr\u00e9sent\u00e9e par l\u2019Iran en ao\u00fbt\u00a02024.<\/p>\n","protected":false},"excerpt":{"rendered":"Le drone de combat iranien Mohajer-6 a \u00e9t\u00e9 d\u00e9ploy\u00e9 par le Venezuela pour surveiller les forces navales am\u00e9ricaines&hellip;\n","protected":false},"author":2,"featured_media":641158,"comment_status":"","ping_status":"","sticky":false,"template":"","format":"standard","meta":{"footnotes":""},"categories":[1590],"tags":[1111,11,69001,1777,674,12,220],"class_list":{"0":"post-641157","1":"post","2":"type-post","3":"status-publish","4":"format-standard","5":"has-post-thumbnail","7":"category-ukraine","8":"tag-actu","9":"tag-actualites","10":"tag-du00e9fense-armu00e9e","11":"tag-eu","12":"tag-europe","13":"tag-news","14":"tag-ukraine"},"share_on_mastodon":{"url":"https:\/\/pubeurope.com\/@fr\/115838944742681206","error":""},"_links":{"self":[{"href":"https:\/\/www.europesays.com\/fr\/wp-json\/wp\/v2\/posts\/641157","targetHints":{"allow":["GET"]}}],"collection":[{"href":"https:\/\/www.europesays.com\/fr\/wp-json\/wp\/v2\/posts"}],"about":[{"href":"https:\/\/www.europesays.com\/fr\/wp-json\/wp\/v2\/types\/post"}],"author":[{"embeddable":true,"href":"https:\/\/www.europesays.com\/fr\/wp-json\/wp\/v2\/users\/2"}],"replies":[{"embeddable":true,"href":"https:\/\/www.europesays.com\/fr\/wp-json\/wp\/v2\/comments?post=641157"}],"version-history":[{"count":0,"href":"https:\/\/www.europesays.com\/fr\/wp-json\/wp\/v2\/posts\/641157\/revisions"}],"wp:featuredmedia":[{"embeddable":true,"href":"https:\/\/www.europesays.com\/fr\/wp-json\/wp\/v2\/media\/641158"}],"wp:attachment":[{"href":"https:\/\/www.europesays.com\/fr\/wp-json\/wp\/v2\/media?parent=641157"}],"wp:term":[{"taxonomy":"category","embeddable":true,"href":"https:\/\/www.europesays.com\/fr\/wp-json\/wp\/v2\/categories?post=641157"},{"taxonomy":"post_tag","embeddable":true,"href":"https:\/\/www.europesays.com\/fr\/wp-json\/wp\/v2\/tags?post=641157"}],"curies":[{"name":"wp","href":"https:\/\/api.w.org\/{rel}","templated":true}]}}