{"id":641163,"date":"2026-01-04T21:28:13","date_gmt":"2026-01-04T21:28:13","guid":{"rendered":"https:\/\/www.europesays.com\/fr\/641163\/"},"modified":"2026-01-04T21:28:13","modified_gmt":"2026-01-04T21:28:13","slug":"allemagne-lattaque-du-reseau-electrique-de-berlin-attribuee-par-les-autorites-a-des-extremistes-de-gauche-04-01-2026-a-1752","status":"publish","type":"post","link":"https:\/\/www.europesays.com\/fr\/641163\/","title":{"rendered":"Allemagne-L&rsquo;attaque du r\u00e9seau \u00e9lectrique de Berlin attribu\u00e9e par les autorit\u00e9s \u00e0 des \u00ab\u00a0extr\u00e9mistes de gauche\u00a0\u00bb &#8211; 04\/01\/2026 \u00e0 17:52"},"content":{"rendered":"<p>\n L&rsquo;incendie<br \/>\nqui a affect\u00e9 le sud-ouest de Berlin, privant d&rsquo;\u00e9lectricit\u00e9 des<br \/>\ndizaines de milliers de personnes, est probablement d\u00fb \u00e0 une<br \/>\nattaque de l&rsquo;extr\u00eame gauche, ont d\u00e9clar\u00e9 dimanche des<br \/>\nresponsables allemands.\n<\/p>\n<p>\n La soci\u00e9t\u00e9 de gestion du r\u00e9seau \u00e9lectrique Stromnetz Berlin<br \/>\na d\u00e9clar\u00e9 samedi que l&rsquo;incendie criminel pr\u00e9sum\u00e9 pourrait priver<br \/>\nd&rsquo;\u00e9lectricit\u00e9 jusqu&rsquo;\u00e0 45.000 foyers jusqu&rsquo;au 8 janvier.<br \/>\nDimanche, l&rsquo;entreprise a indiqu\u00e9 qu&rsquo;environ 35.000<br \/>\nfoyers et 1.900 entreprises \u00e9taient toujours affect\u00e9s malgr\u00e9 les<br \/>\nefforts d\u00e9ploy\u00e9s pour r\u00e9tablir le courant.\n<\/p>\n<p>\n Les m\u00e9dias locaux ont publi\u00e9 une lettre de l&rsquo;organisation<br \/>\nd&rsquo;extr\u00eame gauche Volcano Group revendiquant une op\u00e9ration visant<br \/>\nl&rsquo;industrie \u00e9nerg\u00e9tique bas\u00e9e sur les combustibles fossiles.\n<\/p>\n<p>\n \u00ab\u00a0La lettre revendiquant l&rsquo;attentat a \u00e9t\u00e9 authentifi\u00e9e par<br \/>\nles autorit\u00e9s de s\u00e9curit\u00e9\u00a0\u00bb, peut-on lire dans un message d&rsquo;Iris<br \/>\nSpranger, ministre de l&rsquo;Int\u00e9rieur de la ville de Berlin, publi\u00e9<br \/>\nsur x.\n<\/p>\n<p>\n \u00ab\u00a0Je condamne avec la plus grande fermet\u00e9 cette attaque<br \/>\ninhumaine contre les Berlinois et les visiteurs de la ville.<br \/>\nL\u2019enqu\u00eate est en cours\u00a0\u00bb, ajoute-t-elle.\n<\/p>\n<p>\n En septembre, un incendie criminel pr\u00e9sum\u00e9 visant deux<br \/>\npyl\u00f4nes a priv\u00e9 d&rsquo;\u00e9lectricit\u00e9 environ 50.000 foyers berlinois.\n<\/p>\n<p>\n (Reportage de Christoph Steitz<br \/>\nVersion fran\u00e7aise Elizabeth Pineau)<\/p>\n","protected":false},"excerpt":{"rendered":"L&rsquo;incendie qui a affect\u00e9 le sud-ouest de Berlin, privant d&rsquo;\u00e9lectricit\u00e9 des dizaines de milliers de personnes, est probablement&hellip;\n","protected":false},"author":2,"featured_media":2554,"comment_status":"","ping_status":"","sticky":false,"template":"","format":"standard","meta":{"footnotes":""},"categories":[1587],"tags":[400,11,672,398,408,1804,405,1805,1803,1777,674,1801,403,402,399,404,12,1802,401,406,407],"class_list":{"0":"post-641163","1":"post","2":"type-post","3":"status-publish","4":"format-standard","5":"has-post-thumbnail","7":"category-allemagne","8":"tag-action-cac-40","9":"tag-actualites","10":"tag-allemagne","11":"tag-bourse-de-paris","12":"tag-boursorama","13":"tag-bundesrepublik-deutschland","14":"tag-cotations","15":"tag-de","16":"tag-deutschland","17":"tag-eu","18":"tag-europe","19":"tag-germany","20":"tag-indices-devises","21":"tag-investir","22":"tag-investissement","23":"tag-marche-boursier","24":"tag-news","25":"tag-republique-federale-dallemagne","26":"tag-sicav","27":"tag-trackers","28":"tag-warrants"},"share_on_mastodon":{"url":"https:\/\/pubeurope.com\/@fr\/115838956670396550","error":""},"_links":{"self":[{"href":"https:\/\/www.europesays.com\/fr\/wp-json\/wp\/v2\/posts\/641163","targetHints":{"allow":["GET"]}}],"collection":[{"href":"https:\/\/www.europesays.com\/fr\/wp-json\/wp\/v2\/posts"}],"about":[{"href":"https:\/\/www.europesays.com\/fr\/wp-json\/wp\/v2\/types\/post"}],"author":[{"embeddable":true,"href":"https:\/\/www.europesays.com\/fr\/wp-json\/wp\/v2\/users\/2"}],"replies":[{"embeddable":true,"href":"https:\/\/www.europesays.com\/fr\/wp-json\/wp\/v2\/comments?post=641163"}],"version-history":[{"count":0,"href":"https:\/\/www.europesays.com\/fr\/wp-json\/wp\/v2\/posts\/641163\/revisions"}],"wp:featuredmedia":[{"embeddable":true,"href":"https:\/\/www.europesays.com\/fr\/wp-json\/wp\/v2\/media\/2554"}],"wp:attachment":[{"href":"https:\/\/www.europesays.com\/fr\/wp-json\/wp\/v2\/media?parent=641163"}],"wp:term":[{"taxonomy":"category","embeddable":true,"href":"https:\/\/www.europesays.com\/fr\/wp-json\/wp\/v2\/categories?post=641163"},{"taxonomy":"post_tag","embeddable":true,"href":"https:\/\/www.europesays.com\/fr\/wp-json\/wp\/v2\/tags?post=641163"}],"curies":[{"name":"wp","href":"https:\/\/api.w.org\/{rel}","templated":true}]}}