{"id":64118,"date":"2025-04-30T10:18:12","date_gmt":"2025-04-30T10:18:12","guid":{"rendered":"https:\/\/www.europesays.com\/fr\/64118\/"},"modified":"2025-04-30T10:18:12","modified_gmt":"2025-04-30T10:18:12","slug":"grenoble-un-incendie-ravage-les-locaux-dune-spa-plusieurs-chats-evacues-durgence","status":"publish","type":"post","link":"https:\/\/www.europesays.com\/fr\/64118\/","title":{"rendered":"Grenoble. Un incendie ravage les locaux d&rsquo;une SPA, plusieurs chats \u00e9vacu\u00e9s d&rsquo;urgence"},"content":{"rendered":"<p>            Par<br \/>\n        <strong><br \/>\n            <a href=\"https:\/\/actu.fr\/auteur\/julien-sournies\" title=\"Consulter tous les articles de Julien Sournies\" rel=\"nofollow noopener\" target=\"_blank\">Julien Sournies<\/a><br \/>\n        <\/strong><\/p>\n<p>        Publi\u00e9 le<\/p>\n<p>            30 avr. 2025 \u00e0 12h06        <\/p>\n<p>Grosse <strong>frayeur<\/strong> au sein de la chatterie de la Soci\u00e9t\u00e9 protectrice des animaux (SPA) du Dauphin\u00e9 ce mardi 29\u00a0avril 2025 au soir.<\/p>\n<p class=\" wall-content\">En raison d\u2019une machine \u00e0 laver qui a pris feu \u00e0 la suite d\u2019un court-circuit, un violent <strong>incendie s\u2019est d\u00e9clench\u00e9<\/strong> dans les locaux, situ\u00e9s au 103 de la rue de Stalingrad \u00e0 <a href=\"https:\/\/actu.fr\/grenoble\/\" rel=\"nofollow noopener\" target=\"_blank\">Grenoble<\/a> (<a href=\"https:\/\/actu.fr\/auvergne-rhone-alpes\/isere_38\" rel=\"nofollow noopener\" target=\"_blank\">Is\u00e8re<\/a>).<\/p>\n<p>    <a href=\"https:\/\/www.google.com\/maps\/embed?pb=!1m18!1m12!1m3!1d5625.460071260376!2d5.72216327541599!3d45.17231637107071!2m3!1f0!2f0!3f0!3m2!1i1024!2i768!4f13.1!3m3!1m2!1s0x478af4be893107ff%3A0xa8e5fa5c5592f815!2s103%20Rue%20de%20Stalingrad%2C%2038100%20Grenoble!5e0!3m2!1sfr!2sfr!4v1746006502391!5m2!1sfr!2sfr\" title=\"Ouvrie le lien\" rel=\"nofollow noopener\" target=\"_blank\">Cliquez ici pour visualiser le contenu<\/a><\/p>\n<p>Tous les chats sauv\u00e9s<\/p>\n<p class=\" wall-content\">Si les sapeurs-pompiers sont parvenus \u00e0 circonscrire rapidement le sinistre, de <strong>nombreux d\u00e9g\u00e2ts<\/strong> ont \u00e9t\u00e9 identifi\u00e9s par la SPA du Dauphin\u00e9. \u00ab\u2009Tout est parti en fum\u00e9e\u2009: (notre infirmerie, nos box inox, nos caisses de transport, machine \u00e0 laver, s\u00e8che-linge, mat\u00e9riel m\u00e9dical, frigo\u2026) tout notre mat\u00e9riel si pr\u00e9cieux pour soigner et accueillir nos petits prot\u00e9g\u00e9s\u2009\u00bb, d\u00e9plore-t-elle sur ses r\u00e9seaux sociaux.<\/p>\n<p class=\" wall-content\">Mais le plus important r\u00e9sidait ailleurs. Gr\u00e2ce \u00e0 une soigneuse pr\u00e9sente sur les lieux de l\u2019incendie, bien \u00e9paul\u00e9e par plusieurs b\u00e9n\u00e9voles, tous les chats ont pu \u00eatre <strong>extraits des flammes<\/strong>.<\/p>\n<blockquote class=\"ac-article-quote wall-content\">\n<p>Tous nos pensionnaires ont \u00e9t\u00e9 sauv\u00e9s, un \u00e0 un, dans un moment d\u2019urgence absolue [&#8230;] Grace \u00e0 elles, aucune victime.<\/p>\n<p>    <strong>SPA du Dauphin\u00e9<\/strong>\n            <\/p><\/blockquote>\n<p>Vid\u00e9os : en ce moment sur ActuUne cagnotte lanc\u00e9e<\/p>\n<p class=\" wall-content\">En attendant la r\u00e9fection des locaux, tous les f\u00e9lins ont pu \u00eatre <strong>transf\u00e9r\u00e9s<\/strong> au refuge du Maupas \u00e0 Uriage, situ\u00e9 \u00e0 un peu moins 15km de la capitale des Alpes.<\/p>\n<p><a class=\"jo-module-caroussel__img-container\" href=\"https:\/\/static.actu.fr\/uploads\/2025\/04\/spa-grenoble.png\" title=\"Agrandir la photo Un incendie a ravag\u00e9 les locaux d\u2019une chatterie appartenant \u00e0 la SPA \u00e0 Grenoble mardi soir. (\u00a9 SPA du Dauphin\u00e9)\" data-idx=\"1\" rel=\"nofollow noopener\" target=\"_blank\"><br \/>\n    <img decoding=\"async\" class=\"jo-module-caroussel__img\" loading=\"lazy\" src=\"https:\/\/www.europesays.com\/fr\/wp-content\/uploads\/2025\/04\/spa-grenoble-640x427.png\" alt=\"Un incendie a ravag\u00e9 les locaux d\u2019une chatterie appartenant \u00e0 la SPA \u00e0 Grenoble mardi soir. (\u00a9 SPA du Dauphin\u00e9)\" width=\"640\" height=\"427\"\/><\/a><a class=\"jo-module-caroussel__img-container\" href=\"https:\/\/static.actu.fr\/uploads\/2025\/04\/spa-grenoble-2.png\" title=\"Agrandir la photo Un incendie a ravag\u00e9 les locaux d\u2019une chatterie appartenant \u00e0 la SPA \u00e0 Grenoble mardi soir. (\u00a9 SPA du Dauphin\u00e9)\" data-idx=\"2\" rel=\"nofollow noopener\" target=\"_blank\"><br \/>\n    <img decoding=\"async\" class=\"jo-module-caroussel__img\" loading=\"lazy\" src=\"https:\/\/www.europesays.com\/fr\/wp-content\/uploads\/2025\/04\/spa-grenoble-2-640x427.png\" alt=\"Un incendie a ravag\u00e9 les locaux d\u2019une chatterie appartenant \u00e0 la SPA \u00e0 Grenoble mardi soir. (\u00a9 SPA du Dauphin\u00e9)\" width=\"640\" height=\"427\"\/><\/a><\/p>\n<p class=\" wall-content\">Face \u00e0 \u00ab\u2009cette immense perte\u2009\u00bb, une <a href=\"https:\/\/www.leetchi.com\/fr\/c\/incendie-a-la-chatterie-de-la-spa-du-dauphine-1041770?utm_source=native&amp;utm_medium=social_sharing\" rel=\"nofollow noopener\" target=\"_blank\">cagnotte en ligne<\/a> a \u00e9t\u00e9 ouverte par l\u2019association afin de racheter le mat\u00e9riel endommag\u00e9 et financer la r\u00e9fection des locaux. Une cagnotte qui a d\u00e9j\u00e0 re\u00e7u un peu plus de 8 000 euros \u00e0 l\u2019heure o\u00f9 nous \u00e9crivons ces lignes.<\/p>\n<p class=\" wall-content\">Suivez toute l\u2019actualit\u00e9 de vos villes et m\u00e9dias favoris en vous inscrivant \u00e0 <a href=\"https:\/\/moncompte.actu.fr\" title=\"D\u00e9couvez Mon Actu\" rel=\"nofollow noopener\" data-trk=\"{&quot;cta&quot;:{&quot;action&quot;:&quot;https:\\\/\\\/moncompte.actu.fr&quot;,&quot;category&quot;:&quot;mon compte&quot;,&quot;from&quot;:&quot;article footer&quot;,&quot;name&quot;:&quot;Mon actu&quot;,&quot;type&quot;:&quot;cta&quot;}}\" target=\"_blank\">Mon Actu<\/a>.<\/p>\n","protected":false},"excerpt":{"rendered":"Par Julien Sournies Publi\u00e9 le 30 avr. 2025 \u00e0 12h06 Grosse frayeur au sein de la chatterie de&hellip;\n","protected":false},"author":2,"featured_media":64119,"comment_status":"","ping_status":"","sticky":false,"template":"","format":"standard","meta":{"footnotes":""},"categories":[9566],"tags":[1111,11,1867,2430,1777,674,1011,27,2731,1310,12,25,104],"class_list":{"0":"post-64118","1":"post","2":"type-post","3":"status-publish","4":"format-standard","5":"has-post-thumbnail","7":"category-grenoble","8":"tag-actu","9":"tag-actualites","10":"tag-animaux","11":"tag-auvergne-rhone-alpes","12":"tag-eu","13":"tag-europe","14":"tag-fr","15":"tag-france","16":"tag-grenoble","17":"tag-incendie","18":"tag-news","19":"tag-republique-francaise","20":"tag-societe"},"share_on_mastodon":{"url":"https:\/\/pubeurope.com\/@fr\/114426407003290095","error":""},"_links":{"self":[{"href":"https:\/\/www.europesays.com\/fr\/wp-json\/wp\/v2\/posts\/64118","targetHints":{"allow":["GET"]}}],"collection":[{"href":"https:\/\/www.europesays.com\/fr\/wp-json\/wp\/v2\/posts"}],"about":[{"href":"https:\/\/www.europesays.com\/fr\/wp-json\/wp\/v2\/types\/post"}],"author":[{"embeddable":true,"href":"https:\/\/www.europesays.com\/fr\/wp-json\/wp\/v2\/users\/2"}],"replies":[{"embeddable":true,"href":"https:\/\/www.europesays.com\/fr\/wp-json\/wp\/v2\/comments?post=64118"}],"version-history":[{"count":0,"href":"https:\/\/www.europesays.com\/fr\/wp-json\/wp\/v2\/posts\/64118\/revisions"}],"wp:featuredmedia":[{"embeddable":true,"href":"https:\/\/www.europesays.com\/fr\/wp-json\/wp\/v2\/media\/64119"}],"wp:attachment":[{"href":"https:\/\/www.europesays.com\/fr\/wp-json\/wp\/v2\/media?parent=64118"}],"wp:term":[{"taxonomy":"category","embeddable":true,"href":"https:\/\/www.europesays.com\/fr\/wp-json\/wp\/v2\/categories?post=64118"},{"taxonomy":"post_tag","embeddable":true,"href":"https:\/\/www.europesays.com\/fr\/wp-json\/wp\/v2\/tags?post=64118"}],"curies":[{"name":"wp","href":"https:\/\/api.w.org\/{rel}","templated":true}]}}