{"id":641180,"date":"2026-01-04T21:41:10","date_gmt":"2026-01-04T21:41:10","guid":{"rendered":"https:\/\/www.europesays.com\/fr\/641180\/"},"modified":"2026-01-04T21:41:10","modified_gmt":"2026-01-04T21:41:10","slug":"ef-education-easypost-healy-salue-la-lutte-antidopage-mais-doute-de-sa-pleine-efficacite-sports","status":"publish","type":"post","link":"https:\/\/www.europesays.com\/fr\/641180\/","title":{"rendered":"EF Education-EasyPost : Healy salue la lutte antidopage mais doute de sa pleine efficacit\u00e9 : Sports"},"content":{"rendered":"<p class=\"date\">\n                                                            Mathieu Warnier, Media365, publi\u00e9 le dimanche 04 janvier 2026 \u00e0 20h35\n                                                    <\/p>\n<p>Alors que la saison 2025 a vu Oier Lazkano \u00eatre sanctionn\u00e9 pour des anomalies dans son passeport biologique, Ben Healy a confi\u00e9 que le dopage ne pouvait pas \u00eatre \u00e9limin\u00e9 \u00e0 coup s\u00fbr m\u00eame s&rsquo;il met en avant les mesures prises par les autorit\u00e9s sportives.<\/p>\n<p>Ben Healy n&rsquo;a pas toujours sa langue dans sa poche. A l&rsquo;approche du d\u00e9but de la saison 2026, avec le Tour Down Under qui d\u00e9bute le 20 janvier prochain, le coureur de l&rsquo;\u00e9quipe EF Education-EasyPost s&rsquo;est longuement confi\u00e9 dans les colonnes du tablo\u00efd irlandais Irish Mirror. Un entretien dans lequel le sujet du dopage n&rsquo;a pas manqu\u00e9 d&rsquo;\u00eatre \u00e9voqu\u00e9 alors que le cyclisme doit composer avec un pass\u00e9 controvers\u00e9 en la mati\u00e8re. En toute franchise, le super-combatif du dernier Tour de France a confi\u00e9 qu&rsquo;il est \u00ab\u00a0impossible de dire\u00a0: &lsquo;Oh oui, ce sport est 100% propre&rsquo;\u00a0\u00bb, avec un propos qui concerne \u00ab\u00a0n&rsquo;importe quel sport\u00a0\u00bb et pas uniquement le cyclisme.<\/p>\n<p>Healy salue \u00ab\u00a0des tests rigoureux et fr\u00e9quents\u00a0\u00bb<\/p>\n<p>Malgr\u00e9 tout, Ben Healy assure que sa prise de position \u00ab\u00a0ne remet absolument pas en cause les efforts d\u00e9ploy\u00e9s par le sport et les instances dirigeantes pour garantir l&rsquo;int\u00e9grit\u00e9 du sport\u00a0et d\u00e9masque les cas de dopage\u00a0\u00bb. Le m\u00e9daill\u00e9 de bronze des derniers Mondiaux derri\u00e8re Tadej Pogacar et Remco Evenepoel cite en exemple le cas d&rsquo;Oier Lazkano. En effet, le coureur espagnol a \u00e9t\u00e9 suspendu alors que son passeport biologique pr\u00e9sentait des anomalies sur la p\u00e9riode allant de 2022 \u00e0 2024, perdant son contrat avec l&rsquo;\u00e9quipe Movistar. \u00ab\u00a0Tous les athl\u00e8tes sont soumis \u00e0 des tests rigoureux et fr\u00e9quents, potentiellement m\u00eame plus fr\u00e9quents que dans d&rsquo;autres sports\u00a0\u00bb, ajoute-t-il.<\/p>\n<p>Le mat\u00e9riel et les tactiques point\u00e9s du doigt<\/p>\n<p>Toutefois, le cyclisme professionnel se montre toujours plus rapide et performant. Un ph\u00e9nom\u00e8ne que de nombreux observateurs justifient par un mat\u00e9riel en constante \u00e9volution. Une th\u00e8se \u00e0 laquelle Ben Healy souscrit volontiers. \u00ab\u00a0Je pense que la principale raison pour laquelle les courses sont si rapides aujourd&rsquo;hui, c&rsquo;est le mat\u00e9riel que nous utilisons, m\u00eame par rapport \u00e0 l&rsquo;\u00e9poque o\u00f9 je courais en espoirs, il y a seulement cinq ans\u00a0\u00bb, a affirm\u00e9 le coureur irlandais. Mais il ajoute que \u00ab\u00a0la fa\u00e7on dont on court maintenant\u00a0\u00bb joue \u00e9galement un r\u00f4le. Il cite ainsi l&rsquo;\u00e9quipe UAE Team Emirates-XRG dont les coureurs \u00ab\u00a0mettent en place leur train\u00a0\u00bb imposant leur rythme au peloton. \u00ab\u00a0Un par un, les coureurs emm\u00e8nent la course \u00e0 toute vitesse, conclut Ben Healy. \u00c7a fait toute la diff\u00e9rence.\u00a0\u00bb<\/p>\n","protected":false},"excerpt":{"rendered":"Mathieu Warnier, Media365, publi\u00e9 le dimanche 04 janvier 2026 \u00e0 20h35 Alors que la saison 2025 a vu&hellip;\n","protected":false},"author":2,"featured_media":641181,"comment_status":"","ping_status":"","sticky":false,"template":"","format":"standard","meta":{"footnotes":""},"categories":[1411],"tags":[1154,207,1011,27,60],"class_list":{"0":"post-641180","1":"post","2":"type-post","3":"status-publish","4":"format-standard","5":"has-post-thumbnail","7":"category-cyclisme","8":"tag-cycling","9":"tag-cyclisme","10":"tag-fr","11":"tag-france","12":"tag-sports"},"share_on_mastodon":{"url":"https:\/\/pubeurope.com\/@fr\/115839007686866512","error":""},"_links":{"self":[{"href":"https:\/\/www.europesays.com\/fr\/wp-json\/wp\/v2\/posts\/641180","targetHints":{"allow":["GET"]}}],"collection":[{"href":"https:\/\/www.europesays.com\/fr\/wp-json\/wp\/v2\/posts"}],"about":[{"href":"https:\/\/www.europesays.com\/fr\/wp-json\/wp\/v2\/types\/post"}],"author":[{"embeddable":true,"href":"https:\/\/www.europesays.com\/fr\/wp-json\/wp\/v2\/users\/2"}],"replies":[{"embeddable":true,"href":"https:\/\/www.europesays.com\/fr\/wp-json\/wp\/v2\/comments?post=641180"}],"version-history":[{"count":0,"href":"https:\/\/www.europesays.com\/fr\/wp-json\/wp\/v2\/posts\/641180\/revisions"}],"wp:featuredmedia":[{"embeddable":true,"href":"https:\/\/www.europesays.com\/fr\/wp-json\/wp\/v2\/media\/641181"}],"wp:attachment":[{"href":"https:\/\/www.europesays.com\/fr\/wp-json\/wp\/v2\/media?parent=641180"}],"wp:term":[{"taxonomy":"category","embeddable":true,"href":"https:\/\/www.europesays.com\/fr\/wp-json\/wp\/v2\/categories?post=641180"},{"taxonomy":"post_tag","embeddable":true,"href":"https:\/\/www.europesays.com\/fr\/wp-json\/wp\/v2\/tags?post=641180"}],"curies":[{"name":"wp","href":"https:\/\/api.w.org\/{rel}","templated":true}]}}