{"id":641182,"date":"2026-01-04T21:42:10","date_gmt":"2026-01-04T21:42:10","guid":{"rendered":"https:\/\/www.europesays.com\/fr\/641182\/"},"modified":"2026-01-04T21:42:10","modified_gmt":"2026-01-04T21:42:10","slug":"cauchemar-a-lom-un-joueur-donne-rendez-vous-au-psg","status":"publish","type":"post","link":"https:\/\/www.europesays.com\/fr\/641182\/","title":{"rendered":"Cauchemar \u00e0 l\u2019OM : Un joueur donne rendez-vous au PSG !"},"content":{"rendered":"<p>                    Alexis Poch<br \/>\n                        &#8211;<\/p>\n<p>Journaliste<\/p>\n<p>Titulaire d&rsquo;un Master en journalisme sportif, je suis tomb\u00e9 amoureux du tennis d\u00e8s l&rsquo;enfance et j&rsquo;ai toujours aim\u00e9 lire les belles histoires de ce sport. Aujourd&rsquo;hui, je souhaite les raconter, profiter de ma passion \u00e0 fond et \u00eatre au plus proche des as du circuit.<\/p>\n<p class=\"heading\">Pour son premier match de 2026, l&rsquo;OM a v\u00e9cu une rencontre difficile en \u00e9tant battu par le FC Nantes (0-2). A domicile les Marseillais ont fini \u00e0 9 et les Canaris en ont profit\u00e9. Malgr\u00e9 tout Timothy Weah a d\u00e9j\u00e0 les yeux tourn\u00e9s vers le prochain match, un gros rendez-vous puisqu&rsquo;il s&rsquo;agit du Troph\u00e9e des champions face au PSG.<\/p>\n<p>En s&rsquo;inclinant face \u00e0 <strong>Nantes<\/strong>, l&rsquo;<a href=\"https:\/\/le10sport.com\/football\/ligue1\/om\/cest-signe-il-fait-son-retour-a-marseille-le-grand-bonheur-avec-lom-770549\" target=\"_blank\" rel=\"noopener\"><strong>OM<\/strong><\/a> devra vite rebondir et esp\u00e9rer un meilleur sc\u00e9nario lors de son affrontement face au <strong>PSG<\/strong>. Le club de la cit\u00e9 phoc\u00e9enne a une belle occasion de se frotter au club de la capitale lors du <strong>Troph\u00e9e des champions<\/strong>. C&rsquo;est en tout cas ce vers quoi le regard de <strong>Timothy Weah<\/strong> est tourn\u00e9.<\/p>\n<p>                                            Catastrophe \u00e0 l&rsquo;OM<\/p>\n<p>Oppos\u00e9 \u00e0 la lanterne rouge pour d\u00e9buter l&rsquo;ann\u00e9e, l&rsquo;<strong>OM<\/strong> a r\u00e9alis\u00e9 une tr\u00e8s mauvaise op\u00e9ration en <strong>Ligue 1<\/strong> puisque le <strong>RC Lens<\/strong> a gagn\u00e9 et s&rsquo;envole un peu plus en t\u00eate du classement. Le club compte d\u00e9sormais 8 points de retard et derri\u00e8re, <strong>Lyon et Rennes<\/strong> se rapprochent \u00e9galement \u00e0 seulement 2 points apr\u00e8s leur victoire. \u00ab C\u2019\u00e9tait tr\u00e8s compliqu\u00e9 cet apr\u00e8s-midi. C\u2019est un match qu\u2019on doit assumer. On sait que les cartons rouges \u00e7a ne suffit pas dans les matchs de haut niveau \u00bb analyse d&rsquo;abord <strong>Timothy Weah<\/strong> au micro de Ligue1+.<\/p>\n<p>                                            L&rsquo;OM d\u00e9j\u00e0 tourn\u00e9 vers le PSG <\/p>\n<p>D\u00e9cevants \u00e0 domicile, les Marseillais disputeront jeudi le <strong>Troph\u00e9e des champions<\/strong> face au <strong>PSG<\/strong>. Visiblement T<strong>imothy Weah<\/strong> semble avoir d\u00e9j\u00e0 focalis\u00e9 son attention sur ce rendez-vous attendu. \u00ab On doit se remettre en question, retourner \u00e0 l\u2019entrainement, on a une finale \u00e0 jouer contre le PSG. Le premier rouge est difficile, on voit bien que le gardien frappe le ballon et Arthur Vermeeren arrive. Le deuxi\u00e8me, il \u00e9tait d\u00e9j\u00e0 sur un jaune et c\u2019est \u00e7a le r\u00e9sultat. On doit assumer, relever la t\u00eate, ce n\u2019est pas la fin, on doit continuer \u00e0 travailller et place au match contre Paris \u00bb poursuit-il.<\/p>\n","protected":false},"excerpt":{"rendered":"Alexis Poch &#8211; Journaliste Titulaire d&rsquo;un Master en journalisme sportif, je suis tomb\u00e9 amoureux du tennis d\u00e8s l&rsquo;enfance&hellip;\n","protected":false},"author":2,"featured_media":641183,"comment_status":"","ping_status":"","sticky":false,"template":"","format":"standard","meta":{"footnotes":""},"categories":[1410],"tags":[63,1011,27,60],"class_list":{"0":"post-641182","1":"post","2":"type-post","3":"status-publish","4":"format-standard","5":"has-post-thumbnail","7":"category-football","8":"tag-football","9":"tag-fr","10":"tag-france","11":"tag-sports"},"share_on_mastodon":{"url":"https:\/\/pubeurope.com\/@fr\/115839011889236474","error":""},"_links":{"self":[{"href":"https:\/\/www.europesays.com\/fr\/wp-json\/wp\/v2\/posts\/641182","targetHints":{"allow":["GET"]}}],"collection":[{"href":"https:\/\/www.europesays.com\/fr\/wp-json\/wp\/v2\/posts"}],"about":[{"href":"https:\/\/www.europesays.com\/fr\/wp-json\/wp\/v2\/types\/post"}],"author":[{"embeddable":true,"href":"https:\/\/www.europesays.com\/fr\/wp-json\/wp\/v2\/users\/2"}],"replies":[{"embeddable":true,"href":"https:\/\/www.europesays.com\/fr\/wp-json\/wp\/v2\/comments?post=641182"}],"version-history":[{"count":0,"href":"https:\/\/www.europesays.com\/fr\/wp-json\/wp\/v2\/posts\/641182\/revisions"}],"wp:featuredmedia":[{"embeddable":true,"href":"https:\/\/www.europesays.com\/fr\/wp-json\/wp\/v2\/media\/641183"}],"wp:attachment":[{"href":"https:\/\/www.europesays.com\/fr\/wp-json\/wp\/v2\/media?parent=641182"}],"wp:term":[{"taxonomy":"category","embeddable":true,"href":"https:\/\/www.europesays.com\/fr\/wp-json\/wp\/v2\/categories?post=641182"},{"taxonomy":"post_tag","embeddable":true,"href":"https:\/\/www.europesays.com\/fr\/wp-json\/wp\/v2\/tags?post=641182"}],"curies":[{"name":"wp","href":"https:\/\/api.w.org\/{rel}","templated":true}]}}