{"id":641186,"date":"2026-01-04T21:44:36","date_gmt":"2026-01-04T21:44:36","guid":{"rendered":"https:\/\/www.europesays.com\/fr\/641186\/"},"modified":"2026-01-04T21:44:36","modified_gmt":"2026-01-04T21:44:36","slug":"les-maisons-fantastiques-de-lartiste-not-vital-entre-chateau-medieval-et-maison-atelier","status":"publish","type":"post","link":"https:\/\/www.europesays.com\/fr\/641186\/","title":{"rendered":"Les maisons fantastiques de l&rsquo;artiste Not Vital, entre ch\u00e2teau m\u00e9di\u00e9val et maison-atelier"},"content":{"rendered":"<p>Le concept de \u00ab Scarch \u00bb, contraction de sculpture et d\u2019architecture, est n\u00e9 : \u00ab Quand une \u0153uvre devient un espace dans lequel on peut entrer, ce n\u2019est plus tout \u00e0 fait une sculpture ni de l\u2019architecture, mais les deux \u00e0 la fois. \u00bb En Patagonie, il ach\u00e8te une <a href=\"https:\/\/www.admagazine.fr\/article\/iles-paradisiaques-terre\" target=\"_blank\" rel=\"noopener\">\u00eele<\/a> et y construit un monolithe habitable, NotOna. \u00ab J\u2019ai creus\u00e9 un tunnel dans la roche pour obtenir un refuge isol\u00e9 de tout. \u00bb En 2008, il ouvre un studio \u00e0 P\u00e9kin, o\u00f9 il collabore avec des artisans sp\u00e9cialis\u00e9s dans le martelage de l\u2019acier. Inspir\u00e9 par <a href=\"https:\/\/www.admagazine.fr\/galerie\/salvador-dali-photos-artiste-excentrique\" target=\"_blank\" rel=\"noopener\">Salvador Dali<\/a>, il \u00e9tend peu apr\u00e8s son travail \u00e0 la peinture. \u00c9ternel nomade doubl\u00e9 d\u2019un cr\u00e9ateur infatigable, Not Vital ouvre aussi un studio \u00e0 Rio de Janeiro, mais il finit toujours par revenir dans son Engadine natale. En 2016, il y acquiert le ch\u00e2teau de Tarasp, un monument m\u00e9di\u00e9val qu\u2019il avait coutume d\u2019observer dans son enfance. Construit au XIe si\u00e8cle, l\u2019\u00e9difice avait \u00e9t\u00e9 transform\u00e9 au d\u00e9but du xxe si\u00e8cle par l\u2019industriel Karl August Lingner, qui l\u2019avait soumis \u00e0 une impressionnante r\u00e9novation <a href=\"https:\/\/www.admagazine.fr\/article\/chateau-neogothique-levallois-perret-renovation\" target=\"_blank\" rel=\"noopener\">n\u00e9ogothique<\/a>.<\/p>\n<p><img decoding=\"async\" alt=\"balustrade escalier principal ch\u00e2teau de Tarasp con\u00e7ue Not Vital avec oreilles doigts et nez mouls laiton Aux murs...\" loading=\"lazy\" class=\"ResponsiveImageContainer-eNxvmU cfBbTk responsive-image__image\"   src=\"https:\/\/www.europesays.com\/fr\/wp-content\/uploads\/2026\/01\/%C2%A9%20Simon%20Watson_Not%20Vital_Tarasp_0008.jpeg\"\/><\/p>\n<p>La balustrade de l\u2019escalier principal du ch\u00e2teau de Tarasp a \u00e9t\u00e9 con\u00e7ue par Not Vital avec des oreilles, des doigts et des nez moul\u00e9s en laiton. Aux murs, un triple autoportrait de Not Vital et une tapisserie flamande.<\/p>\n<p>\u00a9 Simon Watson<\/p>\n<p>Dirig\u00e9e par l\u2019historien de l\u2019architecte Johann Rudolf Rahn, elle avait transform\u00e9 le <a href=\"https:\/\/www.admagazine.fr\/article\/chateaux-terrifiants-parfois-hantes-europe\" target=\"_blank\" rel=\"noopener\">ch\u00e2teau<\/a> en un lieu digne d\u2019un conte de f\u00e9es allemand : spectaculaires d\u00e9corations, pi\u00e8ces richement meubl\u00e9es, plafonds \u00e9labor\u00e9s. Not Vital, lui, opte pour l\u2019inverse : il retire, r\u00e9duit, lib\u00e8re de l\u2019espace, restaure le toit, investissant temps et argent dans un bien qu\u2019il finira par confier \u00e0 une fondation qui porte son nom, en en faisant ainsi un bien public. Il se d\u00e9barrasse du superflu pour ramener le b\u00e2timent \u00e0 son essence : pi\u00e8ces nues, bois patin\u00e9, plafonds peints y racontent l\u2019histoire d\u2019une certaine aust\u00e9rit\u00e9. Les pi\u00e8ces y sont reli\u00e9es par des <a href=\"https:\/\/www.admagazine.fr\/article\/escaliers-spectaculaires-monde-de-new-york-paris\" target=\"_blank\" rel=\"noopener\">escaliers<\/a>, des po\u00eales anciens et des passages secrets ; les int\u00e9rieurs ne sont plus de simples synonymes d\u2019une \u00e9poque, mais des \u0153uvres \u00e0 part enti\u00e8re.<\/p>\n","protected":false},"excerpt":{"rendered":"Le concept de \u00ab Scarch \u00bb, contraction de sculpture et d\u2019architecture, est n\u00e9 : \u00ab Quand une \u0153uvre&hellip;\n","protected":false},"author":2,"featured_media":641187,"comment_status":"","ping_status":"","sticky":false,"template":"","format":"standard","meta":{"footnotes":""},"categories":[1358],"tags":[1348,1384,1385,1386,58,59,1011,27,56113],"class_list":{"0":"post-641186","1":"post","2":"type-post","3":"status-publish","4":"format-standard","5":"has-post-thumbnail","7":"category-arts-et-design","8":"tag-arts","9":"tag-arts-and-design","10":"tag-arts-et-design","11":"tag-design","12":"tag-divertissement","13":"tag-entertainment","14":"tag-fr","15":"tag-france","16":"tag-maisons-dartistes"},"share_on_mastodon":{"url":"https:\/\/pubeurope.com\/@fr\/115839019491051367","error":""},"_links":{"self":[{"href":"https:\/\/www.europesays.com\/fr\/wp-json\/wp\/v2\/posts\/641186","targetHints":{"allow":["GET"]}}],"collection":[{"href":"https:\/\/www.europesays.com\/fr\/wp-json\/wp\/v2\/posts"}],"about":[{"href":"https:\/\/www.europesays.com\/fr\/wp-json\/wp\/v2\/types\/post"}],"author":[{"embeddable":true,"href":"https:\/\/www.europesays.com\/fr\/wp-json\/wp\/v2\/users\/2"}],"replies":[{"embeddable":true,"href":"https:\/\/www.europesays.com\/fr\/wp-json\/wp\/v2\/comments?post=641186"}],"version-history":[{"count":0,"href":"https:\/\/www.europesays.com\/fr\/wp-json\/wp\/v2\/posts\/641186\/revisions"}],"wp:featuredmedia":[{"embeddable":true,"href":"https:\/\/www.europesays.com\/fr\/wp-json\/wp\/v2\/media\/641187"}],"wp:attachment":[{"href":"https:\/\/www.europesays.com\/fr\/wp-json\/wp\/v2\/media?parent=641186"}],"wp:term":[{"taxonomy":"category","embeddable":true,"href":"https:\/\/www.europesays.com\/fr\/wp-json\/wp\/v2\/categories?post=641186"},{"taxonomy":"post_tag","embeddable":true,"href":"https:\/\/www.europesays.com\/fr\/wp-json\/wp\/v2\/tags?post=641186"}],"curies":[{"name":"wp","href":"https:\/\/api.w.org\/{rel}","templated":true}]}}