{"id":641192,"date":"2026-01-04T21:48:12","date_gmt":"2026-01-04T21:48:12","guid":{"rendered":"https:\/\/www.europesays.com\/fr\/641192\/"},"modified":"2026-01-04T21:48:12","modified_gmt":"2026-01-04T21:48:12","slug":"ce-film-aux-49-millions-dentrees-arrive-pour-la-premiere-fois-en-streaming-sur-netflix","status":"publish","type":"post","link":"https:\/\/www.europesays.com\/fr\/641192\/","title":{"rendered":"Ce film aux 4,9 millions d&rsquo;entr\u00e9es arrive pour la premi\u00e8re fois en streaming sur Netflix"},"content":{"rendered":"<p>Netflix a obtenu les droits de diffusion d\u2019un film qui a cartonn\u00e9 au cin\u00e9ma en 2024. Ce drame romantique fran\u00e7ais arrive en janvier sur la plateforme, et il ne faudra pas le manquer.<\/p>\n<p>Impossible d\u2019\u00e9chapper \u00e0 la <a href=\"https:\/\/www.programme-tv.net\/news\/cinema\/222186-chronologie-des-medias-notre-infographie-pour-bien-comprendre-la-reforme\/\" data-api-deeplink=\"teleloisirs:\/\/news\/222186\" target=\"_blank\" rel=\"noopener\">chronologie des m\u00e9dias<\/a> en France. Une loi fixe les d\u00e9lais l\u00e9gaux entre la sortie d\u2019un film en salles et sa diffusion sur les plateformes de streaming ainsi qu&rsquo;\u00e0 la t\u00e9l\u00e9vision. C\u2019est pour cela qu\u2019il faut g\u00e9n\u00e9ralement attendre de nombreux mois avant de voir depuis notre canap\u00e9 un film que l\u2019on a manqu\u00e9 de peu au cin\u00e9ma. Ces r\u00e8gles permettent \u00e0 la fois de pr\u00e9server les salles de cin\u00e9ma, d\u2019assurer le financement des films et de lutter contre le piratage des contenus en ligne. Les plateformes ren\u00e9gocient r\u00e9guli\u00e8rement les accords qui les lient au monde du cin\u00e9ma. Cela a \u00e9t\u00e9 le cas en f\u00e9vrier 2025. Selon ces r\u00e8gles, Canal+ peut diffuser un film 6 mois apr\u00e8s sa sortie en salles, un privil\u00e8ge d\u00fb aux montants qu\u2019il investit dans la production cin\u00e9matographique. Disney+ est pass\u00e9 de 17 mois d\u2019attente (comme Prime Video encore aujourd\u2019hui) avant f\u00e9vrier 2025 \u00e0 9 mois d\u00e9sormais. Netflix, elle, doit toujours attendre 15 mois. Sur les cha\u00eenes gratuites, les films ne peuvent pas \u00eatre diffus\u00e9s moins de 22 mois apr\u00e8s la sortie au cin\u00e9ma.<\/p>\n<p>                        Ce drame romantique qui a cartonn\u00e9 au cin\u00e9ma arrive sur Netflix le 23 janvier<\/p>\n<p>Selon les accords sign\u00e9s avant la diffusion du film, Netflix va bient\u00f4t avoir le droit de diffuser un long m\u00e9trage phare de 2024 : <a href=\"https:\/\/www.programme-tv.net\/news\/cinema\/377127-lamour-ouf-mais-comment-est-nee-letrange-sequence-du-chewing-gum\/\" data-api-deeplink=\"teleloisirs:\/\/news\/377127\" target=\"_blank\" rel=\"noopener\">L\u2019amour ouf.<\/a> Le projet que<a href=\"https:\/\/www.programme-tv.net\/news\/cinema\/364769-j-ai-besoin-de-regarder-les-autres-gilles-lellouche-emu-en-evoquant-une-scene-importante-de-son-film-l-amour-ouf-video\/\" data-api-deeplink=\"teleloisirs:\/\/news\/364769\" target=\"_blank\" rel=\"noopener\"> Gilles Lellouche a mis plus d\u2019une d\u00e9cennie \u00e0 r\u00e9aliser <\/a>est sorti en octobre 2024 au cin\u00e9ma et il sera d\u00e8s le 23 janvier 2026 sur Netflix. Si vous n\u2019aviez pas eu l\u2019occasion de le voir \u00e0 l\u2019\u00e9poque, contrairement \u00e0 4,9 millions de Fran\u00e7ais, vous aurez certainement envie de lui laisser une chance. L\u2019amour ouf raconte l\u2019histoire de deux adolescents, Clotaire et Jackie, dans les ann\u00e9es 1980, dans le nord de la France. Amoureux malgr\u00e9 leur diff\u00e9rence de classe sociale et d\u2019ambitions pour le futur, ils construisent une histoire. Mais au fil du temps, Clotaire sombre dans la d\u00e9linquance. Devenu adulte, et apr\u00e8s 10 ans pass\u00e9s en prison, le jeune homme tente de retrouver Jackie, qui s\u2019est construit une autre vie. Ce film met en sc\u00e8ne <a href=\"https:\/\/www.programme-tv.net\/news\/people\/388773-ma-vie-privee-m-est-chere-francois-civil-fait-une-ferme-mise-au-point-apres-avoir-dementi-la-grossesse-de-sa-compagne-adele-exarchopoulos\/\" data-api-deeplink=\"teleloisirs:\/\/news\/388773\" target=\"_blank\" rel=\"noopener\">Ad\u00e8le Exarchopoulos et Fran\u00e7ois Civil<\/a> dans les r\u00f4les principaux.<\/p>\n<p>C\u2019est en lisant le roman de Neville Thompson, Jackie Loves Johnser OK?, en 2006, que Gilles Lellouche a eu l\u2019id\u00e9e de cr\u00e9er L\u2019amour ouf. Une forme d\u2019adaptation du roman, avec des codes \u00e0 la fran\u00e7aise. Son id\u00e9e n\u2019\u00e9tait pas mauvaise. L\u2019amour ouf a re\u00e7u 13 nominations aux C\u00e9sar 2025 et a valu un troph\u00e9e \u00e0 <a href=\"https:\/\/www.programme-tv.net\/biographie\/331-chabat-alain\/\" data-link-people=\"15a6ddc4-c997-428f-a11b-be19a9d7fb47\" target=\"_blank\" rel=\"noopener\">Alain Chabat<\/a> en tant que meilleur acteur dans un second r\u00f4le.<\/p>\n<p>Article \u00e9crit en collaboration avec 6Medias<\/p>\n","protected":false},"excerpt":{"rendered":"Netflix a obtenu les droits de diffusion d\u2019un film qui a cartonn\u00e9 au cin\u00e9ma en 2024. Ce drame&hellip;\n","protected":false},"author":2,"featured_media":641193,"comment_status":"","ping_status":"","sticky":false,"template":"","format":"standard","meta":{"footnotes":""},"categories":[1354],"tags":[36267,2083,244,58,59,1346,1011,27,55842,5684,74776,1360,127,1722,129],"class_list":{"0":"post-641192","1":"post","2":"type-post","3":"status-publish","4":"format-standard","5":"has-post-thumbnail","7":"category-films","8":"tag-adu00e8le-exarchopoulos","9":"tag-bandes-annonces","10":"tag-commentaire","11":"tag-divertissement","12":"tag-entertainment","13":"tag-films","14":"tag-fr","15":"tag-france","16":"tag-franu00e7ois-civil","17":"tag-gilles-lellouche","18":"tag-lamour-ouf","19":"tag-movies","20":"tag-netflix","21":"tag-pub-streaming-netflix","22":"tag-svod"},"share_on_mastodon":{"url":"https:\/\/pubeurope.com\/@fr\/115839035261581974","error":""},"_links":{"self":[{"href":"https:\/\/www.europesays.com\/fr\/wp-json\/wp\/v2\/posts\/641192","targetHints":{"allow":["GET"]}}],"collection":[{"href":"https:\/\/www.europesays.com\/fr\/wp-json\/wp\/v2\/posts"}],"about":[{"href":"https:\/\/www.europesays.com\/fr\/wp-json\/wp\/v2\/types\/post"}],"author":[{"embeddable":true,"href":"https:\/\/www.europesays.com\/fr\/wp-json\/wp\/v2\/users\/2"}],"replies":[{"embeddable":true,"href":"https:\/\/www.europesays.com\/fr\/wp-json\/wp\/v2\/comments?post=641192"}],"version-history":[{"count":0,"href":"https:\/\/www.europesays.com\/fr\/wp-json\/wp\/v2\/posts\/641192\/revisions"}],"wp:featuredmedia":[{"embeddable":true,"href":"https:\/\/www.europesays.com\/fr\/wp-json\/wp\/v2\/media\/641193"}],"wp:attachment":[{"href":"https:\/\/www.europesays.com\/fr\/wp-json\/wp\/v2\/media?parent=641192"}],"wp:term":[{"taxonomy":"category","embeddable":true,"href":"https:\/\/www.europesays.com\/fr\/wp-json\/wp\/v2\/categories?post=641192"},{"taxonomy":"post_tag","embeddable":true,"href":"https:\/\/www.europesays.com\/fr\/wp-json\/wp\/v2\/tags?post=641192"}],"curies":[{"name":"wp","href":"https:\/\/api.w.org\/{rel}","templated":true}]}}