{"id":641194,"date":"2026-01-04T21:49:10","date_gmt":"2026-01-04T21:49:10","guid":{"rendered":"https:\/\/www.europesays.com\/fr\/641194\/"},"modified":"2026-01-04T21:49:10","modified_gmt":"2026-01-04T21:49:10","slug":"lepidemie-de-grippe-poursuit-sa-progression-en-normandie","status":"publish","type":"post","link":"https:\/\/www.europesays.com\/fr\/641194\/","title":{"rendered":"L&rsquo;\u00e9pid\u00e9mie de grippe poursuit sa progression en Normandie"},"content":{"rendered":"<p>                    Par<br \/>\n        <strong><br \/>\n            <a href=\"https:\/\/actu.fr\/auteur\/redaction-pressemanche\" title=\"Consulter tous les articles de R\u00e9daction La Presse de la Manche\" target=\"_blank\" rel=\"noopener\">R\u00e9daction La Presse de la Manche<\/a><br \/>\n                    <\/strong><\/p>\n<p>        Publi\u00e9 le<\/p>\n<p>            4 janv. 2026 \u00e0 8h44        <\/p>\n<p data-olk-copy-source=\"MessageBody\">Selon le\u00a0<a href=\"https:\/\/www.santepubliquefrance.fr\/maladies-et-traumatismes\/maladies-et-infections-respiratoires\/grippe\/documents\/bulletin-national\/infections-respiratoires-aigues-grippe-bronchiolite-covid-19-.-bulletin-du-31-decembre-2025\" target=\"_blank\" rel=\"noopener\">bulletin\u00a0hebdomadaire r\u00e9gional<\/a><b> <\/b>de <b>Sant\u00e9 publique<\/b> du<b> 31 d\u00e9cembre 2025<\/b> relatif \u00e0 la surveillance \u00e9pid\u00e9miologique pour la semaine, l\u2019<b>\u00e9pid\u00e9mie<\/b> de <a href=\"https:\/\/actu.fr\/tag\/grippe\" target=\"_blank\" rel=\"noopener\">grippe<\/a><b> continue d\u2019augmenter <\/b>en <a href=\"https:\/\/actu.fr\/normandie\/\" target=\"_blank\" rel=\"noopener\">Normandie<\/a>, notamment les nombres de <b>passages aux urgences <\/b>et d\u2019<b>hospitalisations<\/b>. Une l\u00e9g\u00e8re diminution du nombre de consultations \u00e0 <a href=\"https:\/\/actu.fr\/tag\/sos-medecins\" target=\"_blank\" rel=\"noopener\">SOS M\u00e9decins<\/a> est observ\u00e9e.<\/p>\n<p>Toutes les classes d\u2019\u00e2ge sont concern\u00e9es<\/p>\n<p data-olk-copy-source=\"MessageBody\" class=\" wall-content\">Les <b>vacances <\/b>et les<b> f\u00eates de fin d\u2019ann\u00e9e <\/b>peuvent avoir influenc\u00e9 ces tendances.<\/p>\n<p data-olk-copy-source=\"MessageBody\" class=\" wall-content\">Concernant la <b>bronchiolite<\/b>, l\u2019\u00e9pid\u00e9mie reste <b>stable<\/b>. Les indicateurs aux urgences et d\u2019hospitalisation se stabilisent tandis que l\u2019activit\u00e9 en ville (SOS M\u00e9decins) et la circulation du VRS (donn\u00e9es des laboratoires) sont en diminution. Cette interpr\u00e9tation reste \u00e0 confirmer du fait des vacances et les f\u00eates de fin d\u2019ann\u00e9e qui peuvent avoir influenc\u00e9 ces tendances.<\/p>\n<p class=\" wall-content\">Personnalisez votre actualit\u00e9 en ajoutant vos villes et m\u00e9dias en favori avec <a href=\"https:\/\/moncompte.actu.fr\" title=\"D\u00e9couvez Mon Actu\" rel=\"nofollow noopener\" data-trk=\"{&quot;cta&quot;:{&quot;action&quot;:&quot;https:\\\/\\\/moncompte.actu.fr&quot;,&quot;category&quot;:&quot;mon compte&quot;,&quot;from&quot;:&quot;article footer&quot;,&quot;name&quot;:&quot;Mon actu&quot;,&quot;type&quot;:&quot;cta&quot;}}\" target=\"_blank\">Mon Actu<\/a>.<\/p>\n","protected":false},"excerpt":{"rendered":"Par R\u00e9daction La Presse de la Manche Publi\u00e9 le 4 janv. 2026 \u00e0 8h44 Selon le\u00a0bulletin\u00a0hebdomadaire r\u00e9gional de&hellip;\n","protected":false},"author":2,"featured_media":641195,"comment_status":"","ping_status":"","sticky":false,"template":"","format":"standard","meta":{"footnotes":""},"categories":[10],"tags":[1011,27,29786,72,71,104],"class_list":{"0":"post-641194","1":"post","2":"type-post","3":"status-publish","4":"format-standard","5":"has-post-thumbnail","7":"category-sante","8":"tag-fr","9":"tag-france","10":"tag-grippe","11":"tag-health","12":"tag-sante","13":"tag-societe"},"share_on_mastodon":{"url":"https:\/\/pubeurope.com\/@fr\/115839039142635018","error":""},"_links":{"self":[{"href":"https:\/\/www.europesays.com\/fr\/wp-json\/wp\/v2\/posts\/641194","targetHints":{"allow":["GET"]}}],"collection":[{"href":"https:\/\/www.europesays.com\/fr\/wp-json\/wp\/v2\/posts"}],"about":[{"href":"https:\/\/www.europesays.com\/fr\/wp-json\/wp\/v2\/types\/post"}],"author":[{"embeddable":true,"href":"https:\/\/www.europesays.com\/fr\/wp-json\/wp\/v2\/users\/2"}],"replies":[{"embeddable":true,"href":"https:\/\/www.europesays.com\/fr\/wp-json\/wp\/v2\/comments?post=641194"}],"version-history":[{"count":0,"href":"https:\/\/www.europesays.com\/fr\/wp-json\/wp\/v2\/posts\/641194\/revisions"}],"wp:featuredmedia":[{"embeddable":true,"href":"https:\/\/www.europesays.com\/fr\/wp-json\/wp\/v2\/media\/641195"}],"wp:attachment":[{"href":"https:\/\/www.europesays.com\/fr\/wp-json\/wp\/v2\/media?parent=641194"}],"wp:term":[{"taxonomy":"category","embeddable":true,"href":"https:\/\/www.europesays.com\/fr\/wp-json\/wp\/v2\/categories?post=641194"},{"taxonomy":"post_tag","embeddable":true,"href":"https:\/\/www.europesays.com\/fr\/wp-json\/wp\/v2\/tags?post=641194"}],"curies":[{"name":"wp","href":"https:\/\/api.w.org\/{rel}","templated":true}]}}