{"id":641198,"date":"2026-01-04T21:51:11","date_gmt":"2026-01-04T21:51:11","guid":{"rendered":"https:\/\/www.europesays.com\/fr\/641198\/"},"modified":"2026-01-04T21:51:11","modified_gmt":"2026-01-04T21:51:11","slug":"en-direct-polemiques-cyberharcelement-les-reponses-de-brigitte-macron-dans-le-20h-de-tf1","status":"publish","type":"post","link":"https:\/\/www.europesays.com\/fr\/641198\/","title":{"rendered":"EN DIRECT &#8211; Pol\u00e9miques, cyberharc\u00e8lement : les r\u00e9ponses de Brigitte Macron dans le 20H de TF1"},"content":{"rendered":"<p>\u00ab\u00a0C&rsquo;est l&rsquo;un des jugements. Demain, c&rsquo;est pour le cyber-harc\u00e8lement\u00a0\u00bb, indique Brigitte Macron, au sujet de la d\u00e9cision tr\u00e8s attendue du tribunal correctionnel de Paris ce lundi. \u00ab\u00a0Apr\u00e8s j&rsquo;en ai un autre contre les deux femmes qui sont en train de jouer avec ma g\u00e9n\u00e9alogie en pr\u00e9tendant que je suis un homme\u00a0\u00bb, poursuit la Premi\u00e8re dame sur TF1. \u00ab\u00a0On ne touchera pas \u00e0 ma g\u00e9onologie, c&rsquo;est quelque chose d&rsquo;impossible. (&#8230;) On ne joue pas avec \u00e7a\u00a0\u00bb, mart\u00e8le-t-elle.\u00a0<\/p>\n<p>L&rsquo;\u00e9pouse d&rsquo;Emmanuel Macron dit \u00eatre \u00ab\u00a0\u00e0 longueur de temps aux c\u00f4t\u00e9s des adolescents \u00e0 se battre contre le harc\u00e8lement\u00a0\u00bb. \u00ab\u00a0Mais si je ne montre pas l&rsquo;exemple, \u00e7a va \u00eatre difficile\u00a0\u00bb, conclut-elle.<\/p>\n","protected":false},"excerpt":{"rendered":"\u00ab\u00a0C&rsquo;est l&rsquo;un des jugements. Demain, c&rsquo;est pour le cyber-harc\u00e8lement\u00a0\u00bb, indique Brigitte Macron, au sujet de la d\u00e9cision tr\u00e8s&hellip;\n","protected":false},"author":2,"featured_media":641199,"comment_status":"","ping_status":"","sticky":false,"template":"","format":"standard","meta":{"footnotes":""},"categories":[8],"tags":[1111,11,1921,986,20532,58,59,1011,27,1922,2952,74777,133,5010],"class_list":{"0":"post-641198","1":"post","2":"type-post","3":"status-publish","4":"format-standard","5":"has-post-thumbnail","7":"category-divertissement","8":"tag-actu","9":"tag-actualites","10":"tag-article-video","11":"tag-brigitte-macron","12":"tag-didier-deschamps","13":"tag-divertissement","14":"tag-entertainment","15":"tag-fr","16":"tag-france","17":"tag-info","18":"tag-le-20h","19":"tag-pieces-jaunes","20":"tag-video","21":"tag-video-sujets-de-societe"},"share_on_mastodon":{"url":"https:\/\/pubeurope.com\/@fr\/115839047094525890","error":""},"_links":{"self":[{"href":"https:\/\/www.europesays.com\/fr\/wp-json\/wp\/v2\/posts\/641198","targetHints":{"allow":["GET"]}}],"collection":[{"href":"https:\/\/www.europesays.com\/fr\/wp-json\/wp\/v2\/posts"}],"about":[{"href":"https:\/\/www.europesays.com\/fr\/wp-json\/wp\/v2\/types\/post"}],"author":[{"embeddable":true,"href":"https:\/\/www.europesays.com\/fr\/wp-json\/wp\/v2\/users\/2"}],"replies":[{"embeddable":true,"href":"https:\/\/www.europesays.com\/fr\/wp-json\/wp\/v2\/comments?post=641198"}],"version-history":[{"count":0,"href":"https:\/\/www.europesays.com\/fr\/wp-json\/wp\/v2\/posts\/641198\/revisions"}],"wp:featuredmedia":[{"embeddable":true,"href":"https:\/\/www.europesays.com\/fr\/wp-json\/wp\/v2\/media\/641199"}],"wp:attachment":[{"href":"https:\/\/www.europesays.com\/fr\/wp-json\/wp\/v2\/media?parent=641198"}],"wp:term":[{"taxonomy":"category","embeddable":true,"href":"https:\/\/www.europesays.com\/fr\/wp-json\/wp\/v2\/categories?post=641198"},{"taxonomy":"post_tag","embeddable":true,"href":"https:\/\/www.europesays.com\/fr\/wp-json\/wp\/v2\/tags?post=641198"}],"curies":[{"name":"wp","href":"https:\/\/api.w.org\/{rel}","templated":true}]}}