{"id":641200,"date":"2026-01-04T21:52:11","date_gmt":"2026-01-04T21:52:11","guid":{"rendered":"https:\/\/www.europesays.com\/fr\/641200\/"},"modified":"2026-01-04T21:52:11","modified_gmt":"2026-01-04T21:52:11","slug":"je-ne-mattendais-pas-a-un-tel-resultat-le-jour-ou-jai-decide-de-ne-plus-jamais-laver-mes-cheveux","status":"publish","type":"post","link":"https:\/\/www.europesays.com\/fr\/641200\/","title":{"rendered":"Je ne m\u2019attendais pas \u00e0 un tel r\u00e9sultat : le jour o\u00f9 j\u2019ai d\u00e9cid\u00e9 de ne plus jamais laver mes cheveux"},"content":{"rendered":"<p><strong>Face \u00e0 la neige de janvier et \u00e0 la routine du matin, il y a parfois des \u00e9piphanies dignes d&rsquo;un 4 janvier glacial : et si la vraie r\u00e9volution beaut\u00e9, c&rsquo;\u00e9tait tout simplement d&rsquo;arr\u00eater de laver ses cheveux ? Dans un monde o\u00f9 l&rsquo;on matraque nos crini\u00e8res de produits en qu\u00eate de perfection, d\u00e9couvrir qu&rsquo;on s&rsquo;en sort mieux sans les sch\u00e9mas classiques a de quoi \u00e9tonner\u2026 et passionner. Cap sur une exp\u00e9rience capillaire radicale, dont les r\u00e9sultats risquent de d\u00e9passer toutes les esp\u00e9rances !<\/strong><\/p>\n<p>Le cercle vicieux du shampoing : quand trop laver ab\u00eeme vraiment les cheveux<br \/>\nLa fausse propret\u00e9 : pourquoi nos cheveux crient au secours<\/p>\n<p>L&rsquo;hiver s&rsquo;installe, la tentation de se r\u00e9chauffer sous la douche est grande, et chaque flacon de shampoing promet monts et merveilles. Pourtant, derri\u00e8re la sensation de fra\u00eecheur imm\u00e9diate, <strong>une routine trop fr\u00e9quente fragilise la fibre capillaire<\/strong>. Les cheveux deviennent ternes, cassants, \u00e9lectriques voire indisciplin\u00e9s, comme s&rsquo;ils r\u00e9clamaient une pause.<\/p>\n<p>En lavant trop souvent, on agresse la barri\u00e8re naturelle du cuir chevelu, ce fameux film hydrolipidique qui prot\u00e8ge et nourrit. Cons\u00e9quence : \u00e0 force de chercher la propret\u00e9 \u00e0 tout prix, on d\u00e9clenche\u2026 l&rsquo;effet inverse. <strong>Le cheveu se sent agress\u00e9, r\u00e9agit, regraisse plus vite : le pi\u00e8ge est tendu<\/strong>.<\/p>\n<p>Agents d\u00e9capants et silicone : le cocktail explosif des produits capillaires<\/p>\n<p>Les \u00e9tiquettes affichent des noms improbables, mais derri\u00e8re leur promesse de \u00ab cheveux soyeux \u00bb, beaucoup de shampoings du commerce regorgent de sulfates et de silicones. Or, <strong>ces agents nettoyants d\u00e9capent le cuir chevelu\u2026 au d\u00e9triment de sa sant\u00e9 !<\/strong><\/p>\n<p>R\u00e9sultat : une spirale infernale o\u00f9 les lavages trop agressifs incitent le cuir chevelu \u00e0 produire davantage de s\u00e9bum pour se d\u00e9fendre. Quant aux silicones, ils gainent visuellement la fibre, mais <strong>\u00e9touffent le cheveu<\/strong>, entravant sa capacit\u00e9 \u00e0 respirer et \u00e0 retrouver son \u00e9clat naturel.<\/p>\n<p>Oser le \u00ab\u00a0no poo\u00a0\u00bb : un tabou qui fascine autant qu&rsquo;il d\u00e9range<br \/>\n Les origines d&rsquo;une pratique qui bouscule nos habitudes<\/p>\n<p>L&rsquo;id\u00e9e de ne plus laver ses cheveux au shampoing fait lever plus d&rsquo;un sourcil, surtout \u00e0 la rentr\u00e9e de janvier o\u00f9 l&rsquo;on aspire \u00e0 une page blanche. Pourtant, la m\u00e9thode \u00ab\u00a0no poo\u00a0\u00bb (pour \u00ab no shampoo \u00bb) tient presque de la reconqu\u00eate : <strong>redonner \u00e0 la chevelure son autonomie, sans produits chimiques ni artifices<\/strong>.<\/p>\n<p>Venue des \u00c9tats-Unis, cette pratique a progress\u00e9 \u00e0 bas bruit en France, port\u00e9e par le <a href=\"https:\/\/journaldesseniors.20minutes.fr\/beaute\/jai-economise-plus-de-500-euros-par-an-depuis-que-je-connais-cette-astuce-beaute-zero-dechet\/\" target=\"_blank\" rel=\"noopener\">mouvement z\u00e9ro d\u00e9chet<\/a> et une envie grandissante de simplicit\u00e9. L&rsquo;hiver, quand le chauffage ass\u00e8che tout sur son passage, la tentation de ne pas agresser davantage le cuir chevelu prend tout son sens.<\/p>\n<p> \u00ab\u00a0Sale\u00a0\u00bb ou sain ? Changer de regard sur l&rsquo;hygi\u00e8ne des cheveux<\/p>\n<p>La grande peur demeure : <strong>n&rsquo;est-ce pas sale de ne pas laver ses cheveux<\/strong> ? Pourtant, la \u00ab salet\u00e9 \u00bb n&rsquo;est bien souvent qu&rsquo;une l\u00e9gende moderne. Le cuir chevelu, bien rinc\u00e9 \u00e0 l&rsquo;eau ti\u00e8de, reste propre et en bonne sant\u00e9. Seuls les exc\u00e8s de produits chimiques cr\u00e9ent une d\u00e9pendance\u2026 qui n&rsquo;a rien de physiologique !<\/p>\n<p>Adopter le no poo, c&rsquo;est aussi <strong>faire tomber un tabou culturel<\/strong> : l&rsquo;hygi\u00e8ne, ce n&rsquo;est pas forc\u00e9ment l&rsquo;odeur chimique d&rsquo;une salle de bains, mais la capacit\u00e9 \u00e0 respecter l&rsquo;\u00e9quilibre naturel de son corps. Un peu comme troquer la baguette industrielle pour un pain au levain, quitte \u00e0 \u00e9tonner l&rsquo;entourage.<\/p>\n<p>La premi\u00e8re semaine : d\u00e9m\u00ealer les id\u00e9es re\u00e7ues et affronter le miroir<br \/>\nL&rsquo;attente du \u00ab\u00a0gras\u00a0\u00bb : mythe ou r\u00e9alit\u00e9 ?<\/p>\n<p>Le passage au no poo r\u00e9serve son lot de surprises. <strong>On s&rsquo;attend \u00e0 voir ses cheveux huileux, brillants de s\u00e9bum, indomptables<\/strong>. Mais la v\u00e9rit\u00e9 est souvent moins dramatique. La majorit\u00e9 des chevelures vivent une courte p\u00e9riode de transition, surtout si les lavages \u00e9taient quotidiens auparavant.<\/p>\n<p>Dans la plupart des cas, le cuir chevelu r\u00e9apprend \u00e0 r\u00e9guler sa production de s\u00e9bum en une \u00e0 deux semaines. Oui, il peut y avoir quelques jours g\u00eanants, mais <strong>rien d&rsquo;insurmontable<\/strong>. Ce que l&rsquo;on prend pour du \u00ab gras \u00bb, c&rsquo;est souvent juste un cheveu lib\u00e9r\u00e9 de ses silicones, qui retrouve sa vraie texture\u2026 parfois surprenante, mais authentique.<\/p>\n<p>S&rsquo;assumer sans artifices : petites astuces pour survivre \u00e0 la phase critique<\/p>\n<p>Pour ne pas flancher lors de ces premiers jours, <strong>quelques ruses de sioux font toute la diff\u00e9rence<\/strong> :<\/p>\n<ul>\n<li>Brosser soigneusement matin et soir, pour r\u00e9partir le s\u00e9bum des racines jusqu&rsquo;aux pointes.<\/li>\n<li>Rincer abondamment \u00e0 l&rsquo;eau ti\u00e8de, en massant le cuir chevelu avec les doigts pour oxyg\u00e9ner et d\u00e9coller les impuret\u00e9s.<\/li>\n<li>Porter un headband ou une jolie barrette pour dompter les frisottis ou les ondulations rebelles.<\/li>\n<\/ul>\n<p>Le miroir devient alors un alli\u00e9 pour observer la transformation et se r\u00e9concilier avec une beaut\u00e9 libre et imparfaite.<\/p>\n<p>Ce qui change vraiment : texture, volume, \u00e9clat\u2026 le surprenant renouveau<br \/>\nUn cuir chevelu qui respire enfin : bye bye d\u00e9mangeaisons<\/p>\n<p>Apr\u00e8s la fameuse phase de transition, <strong>les r\u00e9sultats sont souvent bluffants<\/strong> : moins de d\u00e9mangeaisons, une sensation de cuir chevelu l\u00e9ger, qui respire. Fini les gratouilles sous le bonnet en plein hiver !<\/p>\n<p><strong>Priv\u00e9 de sulfates et de silicones, le cuir chevelu se r\u00e9gule tout seul<\/strong>. Les petites pellicules de janvier, t\u00e9moin de froid et de chauffage \u00e0 fond, s&rsquo;estompent. M\u00eame les cheveux boucl\u00e9s, fris\u00e9s ou secs rel\u00e8vent la t\u00eate : ils deviennent souples, doux, gain\u00e9s naturellement.<\/p>\n<p>Des longueurs transform\u00e9es : douceur et lumi\u00e8re retrouv\u00e9es<\/p>\n<p><strong>L&rsquo;effet \u00ab cheveux de paille \u00bb appartient soudain au pass\u00e9<\/strong>. Les longueurs reprennent du galon, affichant volume et lumi\u00e8re, comme si la crini\u00e8re se r\u00e9veillait d&rsquo;une longue sieste. Les pointes, moins sollicit\u00e9es par le lavage, se d\u00e9doublent moins et s&rsquo;assouplissent peu \u00e0 peu.<\/p>\n<p><strong>La vraie surprise<\/strong> : une <a href=\"https:\/\/journaldesseniors.20minutes.fr\/beaute\/ce-masque-maison-a-moins-de-2-euros-rendra-vos-cheveux-aussi-doux-et-brillants-quapres-un-soin-en-salon\/\" target=\"_blank\" rel=\"noopener\">brillance naturelle<\/a>, amplifi\u00e9e par la circulation du s\u00e9bum et l&rsquo;absence de r\u00e9sidus.<\/p>\n<p>Beaucoup d\u00e9couvrent, apr\u00e8s quelques semaines, une texture vivante, un toucher soyeux qui n&rsquo;a rien \u00e0 envier aux pubs pour soins luxueux. La chevelure retrouve enfin sa vraie personnalit\u00e9\u2026 et quelle r\u00e9v\u00e9lation !<\/p>\n<p>Abandonner le shampoing, mais pas l&rsquo;entretien : mes nouveaux rituels<br \/>\nRincer, masser, brosser : le trio magique au quotidien<\/p>\n<p>Qui dit no poo ne dit pas abandon total de l&rsquo;hygi\u00e8ne. <strong>Rincer longuement les cheveux \u00e0 l&rsquo;eau ti\u00e8de ou fra\u00eeche<\/strong>, sous la douche, permet d&rsquo;enlever poussi\u00e8res, sueur et petites impuret\u00e9s du quotidien. On masse en douceur pour stimuler la circulation, et la brosse, alli\u00e9e incontournable, redistribue les huiles naturelles sur toutes les longueurs.<\/p>\n<p>Ainsi, sans shampoing, le cheveu se nettoie et s&rsquo;auto-r\u00e9gule tout seul, comme il l&rsquo;a toujours fait\u2026 bien avant l&rsquo;invention des flacons parfum\u00e9s.<\/p>\n<p> Adopter l&rsquo;espacement progressif pour respecter la nature du cheveu<\/p>\n<p>L\u00e0 encore, <strong>l&rsquo;important n&rsquo;est pas de tout arr\u00eater du jour au lendemain<\/strong>. Beaucoup choisissent de ralentir les lavages progressivement : trois fois par semaine, puis deux, puis une, jusqu&rsquo;\u00e0 de simples rin\u00e7ages \u00e0 l&rsquo;eau. L&rsquo;hiver, avec le froid et les bonnets, <strong>l&rsquo;espacement devient presque un r\u00e9flexe vital<\/strong>, \u00e9vitant la d\u00e9shydratation suppl\u00e9mentaire due au chauffage.<\/p>\n<p>Chaque chevelure est unique : le secret consiste \u00e0 observer, \u00e9couter, adapter le rythme selon les besoins. La patience paie, et les cheveux le rendent au centuple par leur \u00e9clat tout neuf.<\/p>\n<p>Les questions qui font peur : social, odeur, r\u00e9sultats\u2026 ce que j&rsquo;aurais voulu savoir avant<br \/>\n Que pensent les autres ? Briser les pr\u00e9jug\u00e9s au bureau et \u00e0 la maison<\/p>\n<p>Arr\u00eater le shampoing suscite forc\u00e9ment des r\u00e9actions, surtout au travail ou en famille. <strong>L&rsquo;image du cheveu mal lav\u00e9 a la vie dure<\/strong> dans l&rsquo;imaginaire collectif. Mais il suffit de quelques compliments sur la brillance retrouv\u00e9e pour faire taire les sceptiques.<\/p>\n<p>C&rsquo;est souvent la confiance que l&rsquo;on d\u00e9gage qui fait la diff\u00e9rence. Quand bien m\u00eame les premiers jours d\u00e9stabilisent, voir ses cheveux heureux finit par convaincre l&rsquo;entourage. Le plus difficile reste parfois de r\u00e9pondre aux \u00ab\u00a0Tu n&rsquo;as pas l&rsquo;impression\u2026 que \u00e7a sent ?\u00a0\u00bb. Surprise : <strong>un cuir chevelu sain ne sent rien du tout, du moment qu&rsquo;il est bien rinc\u00e9<\/strong>.<\/p>\n<p> Peut-on vraiment vivre sans shampoing toute une vie ?<\/p>\n<p>La grande question en filigrane : <strong>cette m\u00e9thode est-elle viable sur la dur\u00e9e<\/strong> ? Et si l&rsquo;on voyage, fait du sport ou subit la pollution hivernale parisienne ? La cl\u00e9 reste la m\u00eame : rincer, brosser, masser, et s&rsquo;adapter \u00e0 chaque contexte.<\/p>\n<p>Beaucoup vivent tr\u00e8s bien sans jamais revenir en arri\u00e8re, parfois en ne lavant leurs cheveux qu&rsquo;aux grandes occasions, ou en adoptant un shampoing doux et rare pour certains \u00e9v\u00e9nements. La normalit\u00e9, finalement, c&rsquo;est d&rsquo;\u00e9couter <strong>ce que nos cheveux r\u00e9clament\u2026 pas ce que la publicit\u00e9 impose<\/strong>.<\/p>\n<p>Ce que j&rsquo;ai retenu : red\u00e9couvrir ses cheveux, renouer avec la simplicit\u00e9<\/p>\n<p>\u00c0 travers cette aventure capillaire, les surprises sont nombreuses : <strong>une <a href=\"https:\/\/journaldesseniors.20minutes.fr\/beaute\/finis-les-ongles-fragiles-et-cassants-depuis-que-jai-teste-cette-astuce-ils-sont-plus-forts-que-jamais\/\" target=\"_blank\" rel=\"noopener\">simplicit\u00e9 retrouv\u00e9e<\/a>, un gain de temps sous la douche, une confiance nouvelle<\/strong> devant le miroir. Les cheveux, <a href=\"https:\/\/journaldesseniors.20minutes.fr\/beaute\/depuis-que-jai-teste-cette-recette-mes-mains-ne-sont-plus-jamais-seches\/\" target=\"_blank\" rel=\"noopener\">lib\u00e9r\u00e9s des artifices<\/a>, r\u00e9v\u00e8lent leur vraie beaut\u00e9.<\/p>\n<p>Loin d&rsquo;\u00eatre une lubie passag\u00e8re, le \u00ab\u00a0no poo\u00a0\u00bb invite chacun \u00e0 r\u00e9apprivoiser ses propres rituels. Et si l&rsquo;on profitait de ce d\u00e9but d&rsquo;ann\u00e9e pour se lancer ? La solution, souvent, se cache dans un simple rin\u00e7age \u00e0 l&rsquo;eau, transformant la routine en une libert\u00e9 r\u00e9jouissante.<\/p>\n<p>Au final, <a href=\"https:\/\/journaldesseniors.20minutes.fr\/beaute\/je-nai-plus-aucun-probleme-de-pieds-depuis-que-jai-adopte-cette-routine-beaute\/\" target=\"_blank\" rel=\"noopener\">prendre soin<\/a> de ses cheveux, c&rsquo;est parfois accepter d&rsquo;en faire\u2026 beaucoup moins. Une r\u00e9volution en douceur qui se savoure chaque matin devant le miroir givr\u00e9 de janvier, r\u00e9v\u00e9lant une beaut\u00e9 naturelle longtemps \u00e9touff\u00e9e par les produits conventionnels.<\/p>\n","protected":false},"excerpt":{"rendered":"Face \u00e0 la neige de janvier et \u00e0 la routine du matin, il y a parfois des \u00e9piphanies&hellip;\n","protected":false},"author":2,"featured_media":641201,"comment_status":"","ping_status":"","sticky":false,"template":"","format":"standard","meta":{"footnotes":""},"categories":[7],"tags":[1011,27,56,43,40,41,39,42,44],"class_list":{"0":"post-641200","1":"post","2":"type-post","3":"status-publish","4":"format-standard","5":"has-post-thumbnail","7":"category-sciences-et-technologies","8":"tag-fr","9":"tag-france","10":"tag-push","11":"tag-science","12":"tag-science-and-technology","13":"tag-sciences","14":"tag-sciences-et-technologies","15":"tag-technologies","16":"tag-technology"},"share_on_mastodon":{"url":"https:\/\/pubeurope.com\/@fr\/115839050952548236","error":""},"_links":{"self":[{"href":"https:\/\/www.europesays.com\/fr\/wp-json\/wp\/v2\/posts\/641200","targetHints":{"allow":["GET"]}}],"collection":[{"href":"https:\/\/www.europesays.com\/fr\/wp-json\/wp\/v2\/posts"}],"about":[{"href":"https:\/\/www.europesays.com\/fr\/wp-json\/wp\/v2\/types\/post"}],"author":[{"embeddable":true,"href":"https:\/\/www.europesays.com\/fr\/wp-json\/wp\/v2\/users\/2"}],"replies":[{"embeddable":true,"href":"https:\/\/www.europesays.com\/fr\/wp-json\/wp\/v2\/comments?post=641200"}],"version-history":[{"count":0,"href":"https:\/\/www.europesays.com\/fr\/wp-json\/wp\/v2\/posts\/641200\/revisions"}],"wp:featuredmedia":[{"embeddable":true,"href":"https:\/\/www.europesays.com\/fr\/wp-json\/wp\/v2\/media\/641201"}],"wp:attachment":[{"href":"https:\/\/www.europesays.com\/fr\/wp-json\/wp\/v2\/media?parent=641200"}],"wp:term":[{"taxonomy":"category","embeddable":true,"href":"https:\/\/www.europesays.com\/fr\/wp-json\/wp\/v2\/categories?post=641200"},{"taxonomy":"post_tag","embeddable":true,"href":"https:\/\/www.europesays.com\/fr\/wp-json\/wp\/v2\/tags?post=641200"}],"curies":[{"name":"wp","href":"https:\/\/api.w.org\/{rel}","templated":true}]}}