{"id":641204,"date":"2026-01-04T21:54:13","date_gmt":"2026-01-04T21:54:13","guid":{"rendered":"https:\/\/www.europesays.com\/fr\/641204\/"},"modified":"2026-01-04T21:54:13","modified_gmt":"2026-01-04T21:54:13","slug":"jai-fait-le-choix-de-mecarter-lex-president-de-madagascar-andry-rajoelina-sexprime-pour-la-premiere-fois-depuis-le-coup-detat","status":"publish","type":"post","link":"https:\/\/www.europesays.com\/fr\/641204\/","title":{"rendered":"\u00ab\u00a0J&rsquo;ai fait le choix de m&rsquo;\u00e9carter\u00a0\u00bb, l&rsquo;ex-pr\u00e9sident de Madagascar, Andry Rajoelina, s&rsquo;exprime pour la premi\u00e8re fois depuis le coup d&rsquo;\u00c9tat"},"content":{"rendered":"<p class=\"svelte-qfpp5o first-paragraph\">Andry Rajoelina, l&rsquo;ex-pr\u00e9sident malgache, s&rsquo;est exprim\u00e9 pour la premi\u00e8re fois sur ses r\u00e9seaux sociaux depuis qu&rsquo;il a \u00e9t\u00e9 renvers\u00e9 mi-octobre. \u00ab\u00a0C\u2019est en mon \u00e2me et conscience que j\u2019ai fait le choix de m\u2019\u00e9carter, plut\u00f4t que d\u2019entra\u00eenerle peuple Malagasy (ndlr: malgache) dans l\u2019affrontement et le chaos\u00a0\u00bb, indique l&rsquo;ancien chef d&rsquo;\u00c9tat,<a class=\"article-link svelte-123pfsg\" href=\"https:\/\/la1ere.franceinfo.fr\/mayotte\/madagascar-le-president-malgache-andry-rajoelina-a-bien-ete-exfiltre-par-la-france-affirme-rfi-1632455.html\" target=\"_blank\" rel=\"noopener noreferrer nofollow\"> exfiltr\u00e9 par un avion militaire fran\u00e7ais le 12 octobre<\/a>. Deux jours plus tard, <a class=\"article-link svelte-123pfsg\" href=\"https:\/\/la1ere.franceinfo.fr\/reunion\/madagascar-les-militaires-prennent-le-pouvoir-la-confusion-institutionnelle-regne-1633238.html\" target=\"_blank\" rel=\"noopener noreferrer nofollow\">les militaires command\u00e9s par le colonel Micha\u00ebl Randrianirina annon\u00e7aient prendre le pouvoir<\/a>.<\/p>\n<\/p>\n<p class=\"svelte-qfpp5o\">\u00ab\u00a0Aujourd\u2019hui, l\u2019heure n\u2019est ni \u00e0 la haine ni \u00e0 la vengeance, mais \u00e0 l\u2019unit\u00e9 et \u00e0 la responsabilit\u00e9\u00a0\u00bb, ajoute Andry Rajoelina, alors que<a class=\"article-link svelte-123pfsg\" href=\"https:\/\/la1ere.franceinfo.fr\/mayotte\/le-ministere-de-la-justice-malgache-promet-des-poursuites-contre-le-president-dechu-andry-rajoelina-1649131.html\" target=\"_blank\" rel=\"noopener noreferrer nofollow\"> la nouvelle ministre de la Justice malgache avait promis des poursuites judiciaires \u00e0 son encontre<\/a>. \u00ab\u00a0Je souhaite que cette nouvelle ann\u00e9e soit une ann\u00e9e o\u00f9 les divergences laissent place au dialogue, o\u00f9 le peuple retrouve espoir, car les Malagasy m\u00e9ritent un avenir meilleur\u00a0\u00bb, assure le pr\u00e9sident d\u00e9chu.<\/p>\n<p class=\"svelte-qfpp5o\">Quelques jours plus t\u00f4t, l\u00e0 aussi \u00e0 l&rsquo;occasion des f\u00eates de fin d&rsquo;ann\u00e9e, la Conf\u00e9rence des \u00e9v\u00eaques de Madagascar a mis en garde les autorit\u00e9s de transition. \u00ab\u00a0Les crises montrent que nous ne savons pas tirer les le\u00e7ons de l&rsquo;histoire\u00a0\u00bb, affirment les repr\u00e9sentants religieux, qui d\u00e9noncent \u00ab\u00a0la persistance de corruptions scandaleuses\u00a0\u00bb, <a class=\"article-link svelte-123pfsg\" href=\"https:\/\/www.rfi.fr\/fr\/afrique\/20251229-madagascar-la-conf%C3%A9rence-%C3%A9piscopale-met-en-garde-les-autorit%C3%A9s-de-transition\" target=\"_blank\" rel=\"noopener noreferrer nofollow\">comme l&rsquo;a relev\u00e9 RFI<\/a>. La Franc, <a class=\"article-link svelte-123pfsg\" href=\"https:\/\/la1ere.franceinfo.fr\/mayotte\/emmanuel-macron-entame-jeudi-sa-tournee-africaine-par-l-ile-maurice-pour-promouvoir-le-lien-de-voisinage-avec-mayotte-1644373.html\" target=\"_blank\" rel=\"noopener noreferrer nofollow\">qui cherche depuis \u00e0 se rapprocher de Maurice<\/a>, peut \u00e9galement s&rsquo;inqui\u00e9ter des signes d&rsquo;une proximit\u00e9 avec Moscou. Les 20 et 21 d\u00e9cembre, une importante d\u00e9l\u00e9gation russe s&rsquo;\u00e9tait rendue \u00e0 Madagascar, avec du mat\u00e9riel militaire destin\u00e9 \u00e0 la garde pr\u00e9sidentielle, comportant notamment des fusils et des lance-roquettes antichars selon l&rsquo;agence de presse Bloomberg.<\/p>\n","protected":false},"excerpt":{"rendered":"Andry Rajoelina, l&rsquo;ex-pr\u00e9sident malgache, s&rsquo;est exprim\u00e9 pour la premi\u00e8re fois sur ses r\u00e9seaux sociaux depuis qu&rsquo;il a \u00e9t\u00e9&hellip;\n","protected":false},"author":2,"featured_media":641205,"comment_status":"","ping_status":"","sticky":false,"template":"","format":"standard","meta":{"footnotes":""},"categories":[5],"tags":[11,1011,27,14,12,28],"class_list":{"0":"post-641204","1":"post","2":"type-post","3":"status-publish","4":"format-standard","5":"has-post-thumbnail","7":"category-international","8":"tag-actualites","9":"tag-fr","10":"tag-france","11":"tag-international","12":"tag-news","13":"tag-world"},"share_on_mastodon":{"url":"https:\/\/pubeurope.com\/@fr\/115839058791713766","error":""},"_links":{"self":[{"href":"https:\/\/www.europesays.com\/fr\/wp-json\/wp\/v2\/posts\/641204","targetHints":{"allow":["GET"]}}],"collection":[{"href":"https:\/\/www.europesays.com\/fr\/wp-json\/wp\/v2\/posts"}],"about":[{"href":"https:\/\/www.europesays.com\/fr\/wp-json\/wp\/v2\/types\/post"}],"author":[{"embeddable":true,"href":"https:\/\/www.europesays.com\/fr\/wp-json\/wp\/v2\/users\/2"}],"replies":[{"embeddable":true,"href":"https:\/\/www.europesays.com\/fr\/wp-json\/wp\/v2\/comments?post=641204"}],"version-history":[{"count":0,"href":"https:\/\/www.europesays.com\/fr\/wp-json\/wp\/v2\/posts\/641204\/revisions"}],"wp:featuredmedia":[{"embeddable":true,"href":"https:\/\/www.europesays.com\/fr\/wp-json\/wp\/v2\/media\/641205"}],"wp:attachment":[{"href":"https:\/\/www.europesays.com\/fr\/wp-json\/wp\/v2\/media?parent=641204"}],"wp:term":[{"taxonomy":"category","embeddable":true,"href":"https:\/\/www.europesays.com\/fr\/wp-json\/wp\/v2\/categories?post=641204"},{"taxonomy":"post_tag","embeddable":true,"href":"https:\/\/www.europesays.com\/fr\/wp-json\/wp\/v2\/tags?post=641204"}],"curies":[{"name":"wp","href":"https:\/\/api.w.org\/{rel}","templated":true}]}}