{"id":641214,"date":"2026-01-04T21:59:20","date_gmt":"2026-01-04T21:59:20","guid":{"rendered":"https:\/\/www.europesays.com\/fr\/641214\/"},"modified":"2026-01-04T21:59:20","modified_gmt":"2026-01-04T21:59:20","slug":"gagnez-vos-places-pour-le-spectacle-de-sophia-aram-a-nancy","status":"publish","type":"post","link":"https:\/\/www.europesays.com\/fr\/641214\/","title":{"rendered":"Gagnez vos places pour le spectacle de Sophia Aram \u00e0 Nancy"},"content":{"rendered":"\n<p>Samedi 24 janvier, Sophia Aram pr\u00e9sente son nouveau spectacle \u00ab\u00a0Le Monde d&rsquo;apr\u00e8s\u00a0\u00bb \u00e0 20h00 \u00e0 la Salle Poirel de Nancy.<\/p>\n<p>\u00c9coutez Magnum toute cette semaine pour gagner vos places.<\/p>\n<p>Pour mon 5\u00e8me spectacle, j&rsquo;ai choisi de m&rsquo;amuser avec la dinguerie d&rsquo;une \u00e9poque r\u00e9ussissant l&rsquo;exploit de ressusciter les timbr\u00e9s que l&rsquo;on croyait oubli\u00e9s et d&rsquo;en inventer de nouveaux qui n&rsquo;ont rien \u00e0 envier aux premiers.<br \/>\u00a0<br \/>\u00a0Je d\u00e9die donc ce spectacle aux antivax d\u00e9couvrant l&rsquo;innocuit\u00e9 d&rsquo;un faux pass-vaccinal face \u00e0 un vrai virus, aux petites bourgeoises le cul bien moul\u00e9 dans leurs leggings venant expier leurs vacances \u00e0 Courchevel en faisant la promotion d&rsquo;un islam rigoriste qu&rsquo;elles n&rsquo;auront ni \u00e0 subir ni \u00e0 combattre, aux antis\u00e9mites d\u00e9complex\u00e9s par la gr\u00e2ce d&rsquo;un candidat r\u00e9ussissant l&rsquo;exploit d&rsquo;\u00eatre juif et p\u00e9tainiste, aux gilets jaunes venus vomir leur bi\u00e8re sur la tombe du soldat inconnu, aux complotistes, aux populistes et aux d\u00e9c\u00e9r\u00e9br\u00e9s qui les excusent autant qu&rsquo;ils les utilisent. Aux poutinol\u00e2tres qui apr\u00e8s avoir cri\u00e9 tous les samedis \u00e0 la dictature dans notre pays, admirant la poigne d&rsquo;un autocrate sans foi ni loi&#8230;\u00a0<br \/>\u00a0<br \/>\u00a0Sophia<\/p>\n","protected":false},"excerpt":{"rendered":"Samedi 24 janvier, Sophia Aram pr\u00e9sente son nouveau spectacle \u00ab\u00a0Le Monde d&rsquo;apr\u00e8s\u00a0\u00bb \u00e0 20h00 \u00e0 la Salle Poirel&hellip;\n","protected":false},"author":2,"featured_media":641215,"comment_status":"","ping_status":"","sticky":false,"template":"","format":"standard","meta":{"footnotes":""},"categories":[9635],"tags":[1111,11,2389,1777,674,1011,27,775,30237,73687,71518,3457,11209,1702,12,1825,25,64894,32452,3140,774],"class_list":{"0":"post-641214","1":"post","2":"type-post","3":"status-publish","4":"format-standard","5":"has-post-thumbnail","7":"category-nancy","8":"tag-actu","9":"tag-actualites","10":"tag-alsace","11":"tag-eu","12":"tag-europe","13":"tag-fr","14":"tag-france","15":"tag-grand-est","16":"tag-haute-marne","17":"tag-magnum","18":"tag-magnum-la-radio","19":"tag-meurthe-et-moselle","20":"tag-meuse","21":"tag-nancy","22":"tag-news","23":"tag-radio","24":"tag-republique-francaise","25":"tag-salle-poirel","26":"tag-sophia-aram","27":"tag-spectacle","28":"tag-vosges"},"share_on_mastodon":{"url":"https:\/\/pubeurope.com\/@fr\/115839078396087819","error":""},"_links":{"self":[{"href":"https:\/\/www.europesays.com\/fr\/wp-json\/wp\/v2\/posts\/641214","targetHints":{"allow":["GET"]}}],"collection":[{"href":"https:\/\/www.europesays.com\/fr\/wp-json\/wp\/v2\/posts"}],"about":[{"href":"https:\/\/www.europesays.com\/fr\/wp-json\/wp\/v2\/types\/post"}],"author":[{"embeddable":true,"href":"https:\/\/www.europesays.com\/fr\/wp-json\/wp\/v2\/users\/2"}],"replies":[{"embeddable":true,"href":"https:\/\/www.europesays.com\/fr\/wp-json\/wp\/v2\/comments?post=641214"}],"version-history":[{"count":0,"href":"https:\/\/www.europesays.com\/fr\/wp-json\/wp\/v2\/posts\/641214\/revisions"}],"wp:featuredmedia":[{"embeddable":true,"href":"https:\/\/www.europesays.com\/fr\/wp-json\/wp\/v2\/media\/641215"}],"wp:attachment":[{"href":"https:\/\/www.europesays.com\/fr\/wp-json\/wp\/v2\/media?parent=641214"}],"wp:term":[{"taxonomy":"category","embeddable":true,"href":"https:\/\/www.europesays.com\/fr\/wp-json\/wp\/v2\/categories?post=641214"},{"taxonomy":"post_tag","embeddable":true,"href":"https:\/\/www.europesays.com\/fr\/wp-json\/wp\/v2\/tags?post=641214"}],"curies":[{"name":"wp","href":"https:\/\/api.w.org\/{rel}","templated":true}]}}