{"id":641216,"date":"2026-01-04T22:01:34","date_gmt":"2026-01-04T22:01:34","guid":{"rendered":"https:\/\/www.europesays.com\/fr\/641216\/"},"modified":"2026-01-04T22:01:34","modified_gmt":"2026-01-04T22:01:34","slug":"le-celtic-de-wilfried-nancy-gifle-par-les-rangers-senfonce-un-peu-plus-dans-la-crise","status":"publish","type":"post","link":"https:\/\/www.europesays.com\/fr\/641216\/","title":{"rendered":"le Celtic de Wilfried Nancy, gifl\u00e9 par les Rangers, s\u2019enfonce un peu plus dans la crise"},"content":{"rendered":"<p>\n    Les joueurs verts et blancs dirig\u00e9s par l\u2019entra\u00eeneur fran\u00e7ais encha\u00eenent une sixi\u00e8me d\u00e9faite cons\u00e9cutive dans le classique face aux Rangers (3-1).<\/p>\n<p class=\"fig-paragraph\">Le Celtic et son entra\u00eeneur fran\u00e7ais\u00a0<a href=\"http:\/\/www.lefigaro.fr\/sports\/football\/foot-le-calvaire-du-coach-francais-de-wilfried-nancy-se-prolonge-au-celtic-20251217\" data-fig-type=\"NewsFlash\" data-gtm-custom-categorie=\"navigation\" data-gtm-custom-action=\"crossclick\" data-gtm-custom-label=\"Contextuel\" data-gtm-event=\"customEventSPE\" data-fig-domain=\"LEFIGARO\" target=\"_blank\" rel=\"noopener\">Wilfried Nancy\u00a0<\/a>ont subi une sixi\u00e8me d\u00e9faite en huit matches, samedi \u00e0 domicile en championnat d&rsquo;Ecosse dans le sommet \u00e0 ne pas perdre contre les Rangers (3-1), rival historique.<\/p>\n<p class=\"fig-paragraph\">Les Hoops ont outrageusement domin\u00e9 la premi\u00e8re p\u00e9riode mais n&rsquo;ont converti qu&rsquo;un seul de leurs onze tirs, celui de Yang Hyun-jun (19e), et ils ont pay\u00e9 cher ce manque de r\u00e9alisme apr\u00e8s la mi-temps.<\/p>\n<p>                                            <a class=\"fig-a11y-skip\" href=\"#fig-a11y-skip-main-inarticle\" data-module=\"a11y-skip\" data-context=\"was @visible\"><br \/>\n    Passer la publicit\u00e9<br \/>\n<\/a>            <\/p>\n<p class=\"fig-paragraph\">Les Rangers ont renvers\u00e9 la partie en une vingtaine de minutes sur un doubl\u00e9 de Youssef Chermiti (50e, 59e) et un dernier but de Mikey Moore (71e).<\/p>\n<p class=\"fig-paragraph\">Les grands perdants du jour, Nancy en t\u00eate, sont rentr\u00e9s au vestiaire sous les sifflets nourris du Celtic Park.<\/p>\n<p class=\"fig-paragraph\">Le quadruple champion d&rsquo;Ecosse en titre reste deuxi\u00e8me de la Scottish Premiership mais se fait rejoindre au classement par les Rangers, troisi\u00e8mes avec 38 points \u00e9galement.<\/p>\n<p class=\"fig-paragraph\">Les Hearts, leaders, comptent trois points d&rsquo;avance et un match en plus \u00e0 disputer. Le club d&rsquo;Edimbourg affronte Livingston dans la journ\u00e9e.<\/p>\n<p class=\"fig-paragraph\">La pression monte encore de plusieurs crans autour de Wilfried Nancy, le troisi\u00e8me entra\u00eeneur du Celtic cette saison apr\u00e8s Brendan Rodgers et l&rsquo;int\u00e9rimaire Martin O&rsquo;Neill.<\/p>\n<p>                                            <a class=\"fig-a11y-skip\" href=\"#fig-a11y-skip-main-inarticle_mtf\" data-module=\"a11y-skip\" data-context=\"was @visible\"><br \/>\n    Passer la publicit\u00e9<br \/>\n<\/a>            <\/p>\n<p class=\"fig-paragraph\">L&rsquo;ancien entra\u00eeneur de Colombus, aux Etats-Unis, a enregistr\u00e9 six d\u00e9faites en huit matches, toutes comp\u00e9titions confondues, depuis son arriv\u00e9e d\u00e9but d\u00e9cembre.<\/p>\n","protected":false},"excerpt":{"rendered":"Les joueurs verts et blancs dirig\u00e9s par l\u2019entra\u00eeneur fran\u00e7ais encha\u00eenent une sixi\u00e8me d\u00e9faite cons\u00e9cutive dans le classique face&hellip;\n","protected":false},"author":2,"featured_media":641217,"comment_status":"","ping_status":"","sticky":false,"template":"","format":"standard","meta":{"footnotes":""},"categories":[9635],"tags":[1111,11,454,69,448,83,451,64,1777,450,449,674,1011,27,775,452,453,66,446,447,1702,12,70,25,455],"class_list":{"0":"post-641216","1":"post","2":"type-post","3":"status-publish","4":"format-standard","5":"has-post-thumbnail","7":"category-nancy","8":"tag-actu","9":"tag-actualites","10":"tag-ballon-dor","11":"tag-bundesliga","12":"tag-champions-league","13":"tag-coupe-de-france","14":"tag-coupe-du-monde","15":"tag-equipe-de-france","16":"tag-eu","17":"tag-euro","18":"tag-europa-league","19":"tag-europe","20":"tag-fr","21":"tag-france","22":"tag-grand-est","23":"tag-italie","24":"tag-liga","25":"tag-ligue-1","26":"tag-ligue-2","27":"tag-ligue-des-champions","28":"tag-nancy","29":"tag-news","30":"tag-premier-league","31":"tag-republique-francaise","32":"tag-uefa"},"share_on_mastodon":{"url":"https:\/\/pubeurope.com\/@fr\/115839086329685639","error":""},"_links":{"self":[{"href":"https:\/\/www.europesays.com\/fr\/wp-json\/wp\/v2\/posts\/641216","targetHints":{"allow":["GET"]}}],"collection":[{"href":"https:\/\/www.europesays.com\/fr\/wp-json\/wp\/v2\/posts"}],"about":[{"href":"https:\/\/www.europesays.com\/fr\/wp-json\/wp\/v2\/types\/post"}],"author":[{"embeddable":true,"href":"https:\/\/www.europesays.com\/fr\/wp-json\/wp\/v2\/users\/2"}],"replies":[{"embeddable":true,"href":"https:\/\/www.europesays.com\/fr\/wp-json\/wp\/v2\/comments?post=641216"}],"version-history":[{"count":0,"href":"https:\/\/www.europesays.com\/fr\/wp-json\/wp\/v2\/posts\/641216\/revisions"}],"wp:featuredmedia":[{"embeddable":true,"href":"https:\/\/www.europesays.com\/fr\/wp-json\/wp\/v2\/media\/641217"}],"wp:attachment":[{"href":"https:\/\/www.europesays.com\/fr\/wp-json\/wp\/v2\/media?parent=641216"}],"wp:term":[{"taxonomy":"category","embeddable":true,"href":"https:\/\/www.europesays.com\/fr\/wp-json\/wp\/v2\/categories?post=641216"},{"taxonomy":"post_tag","embeddable":true,"href":"https:\/\/www.europesays.com\/fr\/wp-json\/wp\/v2\/tags?post=641216"}],"curies":[{"name":"wp","href":"https:\/\/api.w.org\/{rel}","templated":true}]}}