{"id":641218,"date":"2026-01-04T22:02:11","date_gmt":"2026-01-04T22:02:11","guid":{"rendered":"https:\/\/www.europesays.com\/fr\/641218\/"},"modified":"2026-01-04T22:02:11","modified_gmt":"2026-01-04T22:02:11","slug":"au-mourillon-un-tourisme-de-fetes-aussi-bon-que-lan-passe-voire-meilleur","status":"publish","type":"post","link":"https:\/\/www.europesays.com\/fr\/641218\/","title":{"rendered":"Au Mourillon, un tourisme de f\u00eates aussi bon que l\u2019an pass\u00e9, voire meilleur"},"content":{"rendered":"<p class=\"fs-5 \">Wendy a le sourire : \u00ab On d\u00e9marre 2026 \u00e0 fond. Les familles sont l\u00e0. Le soleil aussi. Tout le monde s\u2019amuse. \u00bb<\/p>\n<p class=\"fs-5 \">Employ\u00e9e au Kiddy\u2019s Land sur les plages du Mourillon, elle voit passer depuis le d\u00e9but des vacances scolaires un d\u00e9fil\u00e9 quotidien de gens qui sont de bonne humeur.<\/p>\n<p class=\"fs-5 \">\u00ab Les gens avaient besoin de ce break de fin d\u2019ann\u00e9e. Et nous, on a bien travaill\u00e9 : aussi bien que l\u2019an dernier voire mieux. \u00bb<\/p>\n<p class=\"fs-5 \">Le mini-accrobranches attire les enfants et les voitures du mini-kart voisin tournent sans discontinuer.<\/p>\n<p class=\"fs-5 \">\u00ab On regrette seulement les journ\u00e9es de pluie, survenues juste avant No\u00ebl. \u00c7a a fait fuir les gens. Mais d\u00e8s le 25 d\u00e9cembre, tout le monde est ressorti. \u00bb<\/p>\n<p>                                                                                Touristes \u00e9trangers et gens du Nord<\/p>\n<p class=\"fs-5 \">Au restaurant L\u2019Stac, les pieds dans l\u2019eau, on est satisfait aussi : \u00ab Bien s\u00fbr, notre client\u00e8le locale \u00e9tait pr\u00e9sente mais beaucoup de touristes \u00e9trangers sont venus \u00e0 Toulon cette ann\u00e9e, surtout des Allemands et des Hollandais, ravis de trouver du soleil quelque part ! \u00bb, expliquent Julie et \u00c9milien, salari\u00e9s du lieu. \u00ab La fr\u00e9quentation pendant les f\u00eates a \u00e9t\u00e9 r\u00e9guli\u00e8re. \u00c7a fait du bien. On esp\u00e8re que \u00e7a va continuer jusqu\u2019\u00e0 l\u2019\u00e9t\u00e9 ! \u00bb<\/p>\n<p class=\"fs-5 \">\u00ab Oui, les Toulonnais ont r\u00e9pondu pr\u00e9sents pendant les f\u00eates. Souvent, ils recevaient de la famille. On a accueilli aussi beaucoup de gens du Nord cette ann\u00e9e, et des Parisiens \u00bb, ajoute No\u00e9mie, serveuse au restaurant Le Lagon. \u00ab En tout cas, entre No\u00ebl et le Jour de l\u2019An, \u00e7a a \u00e9t\u00e9 du non-stop. C\u2019\u00e9tait sympa. \u00bb<\/p>\n<p>                                                                                En centre-ville aussi, \u00ab le march\u00e9 de No\u00ebl a fait le plein \u00bb<\/p>\n<p class=\"fs-5 \">\u00ab Il est encore trop t\u00f4t pour donner une tendance du tourisme toulonnais pendant les f\u00eates, mais globalement les commer\u00e7ants sont contents \u00bb, estime Magali Turbatte, adjointe \u00e0 l\u2019attractivit\u00e9 \u00e9conomique et au tourisme. <\/p>\n<p class=\"fs-5 \">\u00ab Comme chaque ann\u00e9e, le march\u00e9 de No\u00ebl a fait le plein, aussi bien sur la place de la Libert\u00e9 que sur la place d\u2019Armes et dans les quartiers. Certains jours de beau temps, la patinoire affichait complet. Les gens ont appr\u00e9ci\u00e9 les animations. \u00bb<\/p>\n<p class=\"fs-5 \">En revanche, les quelques jours de pluie avant le 25 d\u00e9cembre ont vid\u00e9 Toulon. On ne peut pas tout avoir tout le temps !<\/p>\n","protected":false},"excerpt":{"rendered":"Wendy a le sourire : \u00ab On d\u00e9marre 2026 \u00e0 fond. Les familles sont l\u00e0. Le soleil aussi.&hellip;\n","protected":false},"author":2,"featured_media":641219,"comment_status":"","ping_status":"","sticky":false,"template":"","format":"standard","meta":{"footnotes":""},"categories":[9619],"tags":[1111,11,1777,674,1011,27,12,882,25,2310],"class_list":{"0":"post-641218","1":"post","2":"type-post","3":"status-publish","4":"format-standard","5":"has-post-thumbnail","7":"category-toulon","8":"tag-actu","9":"tag-actualites","10":"tag-eu","11":"tag-europe","12":"tag-fr","13":"tag-france","14":"tag-news","15":"tag-provence-alpes-cote-dazur","16":"tag-republique-francaise","17":"tag-toulon"},"share_on_mastodon":{"url":"https:\/\/pubeurope.com\/@fr\/115839090300480834","error":""},"_links":{"self":[{"href":"https:\/\/www.europesays.com\/fr\/wp-json\/wp\/v2\/posts\/641218","targetHints":{"allow":["GET"]}}],"collection":[{"href":"https:\/\/www.europesays.com\/fr\/wp-json\/wp\/v2\/posts"}],"about":[{"href":"https:\/\/www.europesays.com\/fr\/wp-json\/wp\/v2\/types\/post"}],"author":[{"embeddable":true,"href":"https:\/\/www.europesays.com\/fr\/wp-json\/wp\/v2\/users\/2"}],"replies":[{"embeddable":true,"href":"https:\/\/www.europesays.com\/fr\/wp-json\/wp\/v2\/comments?post=641218"}],"version-history":[{"count":0,"href":"https:\/\/www.europesays.com\/fr\/wp-json\/wp\/v2\/posts\/641218\/revisions"}],"wp:featuredmedia":[{"embeddable":true,"href":"https:\/\/www.europesays.com\/fr\/wp-json\/wp\/v2\/media\/641219"}],"wp:attachment":[{"href":"https:\/\/www.europesays.com\/fr\/wp-json\/wp\/v2\/media?parent=641218"}],"wp:term":[{"taxonomy":"category","embeddable":true,"href":"https:\/\/www.europesays.com\/fr\/wp-json\/wp\/v2\/categories?post=641218"},{"taxonomy":"post_tag","embeddable":true,"href":"https:\/\/www.europesays.com\/fr\/wp-json\/wp\/v2\/tags?post=641218"}],"curies":[{"name":"wp","href":"https:\/\/api.w.org\/{rel}","templated":true}]}}