{"id":641222,"date":"2026-01-04T22:04:11","date_gmt":"2026-01-04T22:04:11","guid":{"rendered":"https:\/\/www.europesays.com\/fr\/641222\/"},"modified":"2026-01-04T22:04:11","modified_gmt":"2026-01-04T22:04:11","slug":"zamas-une-nouvelle-vision-de-la-proprete-urbaine","status":"publish","type":"post","link":"https:\/\/www.europesays.com\/fr\/641222\/","title":{"rendered":"Zamas, une nouvelle vision de la propret\u00e9 urbaine"},"content":{"rendered":"<p>Fr\u00e8re et s\u0153ur dans la vie, Zo\u00e9mie et Zachary sont aussi les deux fondateurs de la jeune pousse Zamas. Cette soci\u00e9t\u00e9 montpelli\u00e9raine se d\u00e9veloppe sur un constat implacable\u00a0: les services de propret\u00e9 urbaine des communes ne disposent pas de donn\u00e9es et d\u2019outils num\u00e9riques adapt\u00e9s pour g\u00e9rer leur activit\u00e9. Ancienne stagiaire chez Citeo, Zo\u00e9mie Cassette y est alors charg\u00e9e de cr\u00e9er un \u00e9tat des lieux des corbeilles de rue pour le compte d\u2019une commune. Et l\u00e0, le verdict tombe\u00a0: \u00ab\u00a0Les responsables techniques ne savent pas vraiment combien ils avaient de corbeilles, ni comment optimiser les tourn\u00e9es pour les vider\u2026 Tout \u00e9tait fait avec des plannings remplis \u00e0 la main\u00a0\u00bb, raconte la jeune femme qui, d\u00e8s 2021, mobilise son fr\u00e8re, ing\u00e9nieur de l\u2019\u00c9cole des Mines d\u2019Albi et \u00e9nerg\u00e9ticien, pour cr\u00e9er un syst\u00e8me d\u2019information adapt\u00e9 \u00e0 la gestion urbaine.<\/p>\n<p>De cette id\u00e9e, Zamas va na\u00eetre en 2024 et se perfectionner, jusqu\u2019\u00e0 d\u00e9velopper un assistant intelligent \u00e0 la planification et au suivi op\u00e9rationnel des services techniques des communes. Le tout avec une interface simple pour cartographier les \u00e9quipements, suive les v\u00e9hicules ou encore g\u00e9rer les emplois du temps des agents. \u00ab\u00a0Nous sommes aussi aid\u00e9s par la r\u00e9glementation qui \u00e9volue gr\u00e2ce \u00e0 la loi Agec\u00a0\u00bb, compl\u00e8te Zachary Cassette. \u00ab\u00a0Cette loi anti-gaspillage pour une \u00e9conomie circulaire impose aux fabricants de tout ce qui est jetable (chewing-gum, gobelets, cigarettes, etc.) de financer le nettoyage. C\u2019est une enveloppe de 500 millions d\u2019euros qui peut inciter les collectivit\u00e9s \u00e0 s\u2019\u00e9quiper.\u00a0\u00bb<\/p>\n<p>Avoir une vision globale de l\u2019espace public<\/p>\n<p>Zamas peut d\u00e9j\u00e0 compter sur plusieurs communes r\u00e9f\u00e9rentes, comme Lod\u00e8ve, qui a \u00e9t\u00e9 l\u2019une des premi\u00e8res \u00e0 tester leurs solutions, ou encore Clermont-l\u2019H\u00e9rault, et depuis, d\u2019autres collectivit\u00e9s manifestent leur int\u00e9r\u00eat. Objectif, d\u00e9velopper l\u2019activit\u00e9 de Zamas, encore toute jeune, en doublant le chiffre d\u2019affaires tous les ans.<\/p>\n<p>Mais les deux dirigeants veulent aller plus loin. \u00ab\u00a0En France, on ne prend pas assez soin de notre espace public, de nos villes. On fait beaucoup de curatif, on nettoie, mais on n\u2019anticipe pas. Les agents sont trop invisibilis\u00e9s\u00a0\u00bb, explique encore Zo\u00e9mie Cassette. \u00ab\u00a0Il faut aussi travailler sur la pr\u00e9vention, la communication dans les entreprises, l\u2019\u00e9ducation dans les \u00e9coles&#8230; Il faut reconna\u00eetre le travail des agents techniques qui ne sont pas assez valoris\u00e9s. Aujourd\u2019hui, ils ne font que nettoyer. Demain, ils pourraient aussi avoir un r\u00f4le global dans l\u2019organisation de la ville.\u00a0\u00bb.<\/p>\n<p>De quoi imaginer une nouvelle conception de l\u2019espace urbain, \u00e0 condition bien s\u00fbr de faire \u00e9voluer les mentalit\u00e9s. <br class=\"autobr\"\/><br \/>\nM.V.<\/p>\n<p>Sur la photo\u00a0: Zo\u00e9mie et Zachary Cassette, cofondateurs de la jeune pousse Zamas lors de l\u2019\u00e9dition 2025 du salon Pollutec. Cr\u00e9dits\u00a0: M.V.-Toul\u00c9co.<\/p>\n","protected":false},"excerpt":{"rendered":"Fr\u00e8re et s\u0153ur dans la vie, Zo\u00e9mie et Zachary sont aussi les deux fondateurs de la jeune pousse&hellip;\n","protected":false},"author":2,"featured_media":641223,"comment_status":"","ping_status":"","sticky":false,"template":"","format":"standard","meta":{"footnotes":""},"categories":[9599],"tags":[1111,11,3588,1777,674,1011,27,2208,12,2680,17312,25,1352,74779],"class_list":{"0":"post-641222","1":"post","2":"type-post","3":"status-publish","4":"format-standard","5":"has-post-thumbnail","7":"category-montpellier","8":"tag-actu","9":"tag-actualites","10":"tag-collectivites","11":"tag-eu","12":"tag-europe","13":"tag-fr","14":"tag-france","15":"tag-montpellier","16":"tag-news","17":"tag-occitanie","18":"tag-proprete","19":"tag-republique-francaise","20":"tag-urbanisme","21":"tag-zamas"},"share_on_mastodon":{"url":"https:\/\/pubeurope.com\/@fr\/115839098171067386","error":""},"_links":{"self":[{"href":"https:\/\/www.europesays.com\/fr\/wp-json\/wp\/v2\/posts\/641222","targetHints":{"allow":["GET"]}}],"collection":[{"href":"https:\/\/www.europesays.com\/fr\/wp-json\/wp\/v2\/posts"}],"about":[{"href":"https:\/\/www.europesays.com\/fr\/wp-json\/wp\/v2\/types\/post"}],"author":[{"embeddable":true,"href":"https:\/\/www.europesays.com\/fr\/wp-json\/wp\/v2\/users\/2"}],"replies":[{"embeddable":true,"href":"https:\/\/www.europesays.com\/fr\/wp-json\/wp\/v2\/comments?post=641222"}],"version-history":[{"count":0,"href":"https:\/\/www.europesays.com\/fr\/wp-json\/wp\/v2\/posts\/641222\/revisions"}],"wp:featuredmedia":[{"embeddable":true,"href":"https:\/\/www.europesays.com\/fr\/wp-json\/wp\/v2\/media\/641223"}],"wp:attachment":[{"href":"https:\/\/www.europesays.com\/fr\/wp-json\/wp\/v2\/media?parent=641222"}],"wp:term":[{"taxonomy":"category","embeddable":true,"href":"https:\/\/www.europesays.com\/fr\/wp-json\/wp\/v2\/categories?post=641222"},{"taxonomy":"post_tag","embeddable":true,"href":"https:\/\/www.europesays.com\/fr\/wp-json\/wp\/v2\/tags?post=641222"}],"curies":[{"name":"wp","href":"https:\/\/api.w.org\/{rel}","templated":true}]}}