{"id":641224,"date":"2026-01-04T22:05:20","date_gmt":"2026-01-04T22:05:20","guid":{"rendered":"https:\/\/www.europesays.com\/fr\/641224\/"},"modified":"2026-01-04T22:05:20","modified_gmt":"2026-01-04T22:05:20","slug":"gregory-patat-philippe-tayeb-laurent-travers-la-defaite-de-trop-a-montpellier-pour-bayonne","status":"publish","type":"post","link":"https:\/\/www.europesays.com\/fr\/641224\/","title":{"rendered":"Gr\u00e9gory Patat, Philippe Tayeb, Laurent Travers&#8230; La d\u00e9faite de trop \u00e0 Montpellier pour Bayonne\u00a0?"},"content":{"rendered":"<p>                    Par<br \/>\n        <strong><br \/>\n            <a href=\"https:\/\/actu.fr\/auteur\/lucas-bertolotto\" title=\"Consulter tous les articles de Lucas Bertolotto\" target=\"_blank\" rel=\"noopener\">Lucas Bertolotto<\/a><br \/>\n                    <\/strong><\/p>\n<p>        Publi\u00e9 le<\/p>\n<p>            4 janv. 2026 \u00e0 17h20        <\/p>\n<p>\u00ab Aujourd\u2019hui, on s\u2019est fait ouvrir. \u00bb Les mots sont forts de la part de <strong>Gr\u00e9gory Patat<\/strong>. Le manager de l\u2019<strong>Aviron Bayonnais<\/strong> n\u2019a pas cach\u00e9 sa col\u00e8re samedi soir \u00e0 l\u2019issue du <a href=\"https:\/\/actu.fr\/sports\/rugby\/pro\/paris-sur-le-podium-les-talonneurs-voient-triple-ce-qu-il-faut-retenir-de-la-14e-journee-de-top-14_63647814.html\" target=\"_blank\" rel=\"noopener\">lourd revers<\/a> encaiss\u00e9 par son \u00e9quipe sur le terrain de <strong>Montpellier<\/strong> (22-62). Une nouvelle gifle re\u00e7ue \u00e0 l\u2019ext\u00e9rieur qui semble \u00eatre celle de trop pour le club basque.<\/p>\n<p>Gr\u00e9gory Patat : \u00ab On a pris tarte sur tarte \u00bb<\/p>\n<p class=\" wall-content\">Si \u00e0 domicile <a href=\"https:\/\/actu.fr\/sports\/rugby\/top-14\/top-14-un-scenario-fou-des-essais-stratospheriques-bayonne-paris-etait-dingue_63627649.html\" target=\"_blank\" rel=\"noopener\">tout va bien<\/a>, \u00e0 l\u2019ext\u00e9rieur c\u2019est tout l\u2019inverse pour l\u2019<strong>Aviron Bayonnais<\/strong>. Invaincu au stade Jean-Dauger en Top 14 depuis le 8 juin 2024, le club basque est une v\u00e9ritable machine \u00e0 succ\u00e8s devant son public alors qu\u2019il montre un tout autre visage d\u00e8s qu\u2019il part en d\u00e9placement.\u00a0<\/p>\n<blockquote class=\"ac-article-quote wall-content\">\n<p>\u00ab Ce qui m&#8217;emb\u00eate c&rsquo;est qu&rsquo;en d\u00e9but de match, il y a trois sorties de camp, dans les 22 m\u00e8tres, o\u00f9 on doit sortir les ballons. Et on a donn\u00e9 des possessions gratuites \u00e0 Montpellier qui nous a mis des rafales. Apr\u00e8s, le score&#8230; Qu&rsquo;est-ce que tu veux que je te dise ? Quand tu n&rsquo;es pas invit\u00e9 dans ces intensit\u00e9s, dans ces collisions, tu ramasses.\u00a0\u00bb<\/p>\n<p>    <strong>Gr\u00e9gory Patat<\/strong><br \/>\n        Manager de l&rsquo;Aviron Bayonnais    <\/p><\/blockquote>\n<p class=\" wall-content\">Cette saison, \u00e0 part le premier match \u00e0 l\u2019ext\u00e9rieur remport\u00e9 sur le terrain de <strong>Perpignan<\/strong> (26-19), les Bayonnais ont encaiss\u00e9 au moins quarante points lors de chacune des six rencontres suivantes. Si les scores encaiss\u00e9s n\u2019ont jamais franchi la barre symbolique des cinquante points en <strong>Top 14<\/strong>, la d\u00e9faite d\u2019hier \u00e0 <strong>Montpellier<\/strong> a \u00e9t\u00e9 bien plus lourde pour les partenaires de Joris Segonds.\u00a0<\/p>\n<p class=\" wall-content\">\n<p class=\" wall-content\">\u00ab On s\u2019est fait ouvrir, tout simplement, a r\u00e9agi <strong>Gr\u00e9gory Patat<\/strong> en conf\u00e9rence de presse \u00e0 l\u2019issue de la partie. On n\u2019\u00e9tait pas au rendez-vous des collisions, on a subi chaque impact aujourd\u2019hui, face \u00e0 une \u00e9quipe qui a fait des choses et qui a ma\u00eetris\u00e9 son rugby, on en prend soixante. Aujourd\u2019hui on a \u00e9t\u00e9 absents, on a regard\u00e9. On est souvent une \u00e9quipe \u00e0 r\u00e9action mais l\u00e0 on a quand m\u00eame pris tarte sur tarte.\u00a0 \u00bb<\/p>\n<p class=\" wall-content\">Apr\u00e8s ce nouvel \u00e9chec \u00e0 l\u2019ext\u00e9rieur, et alors que l\u2019<strong>Aviron<\/strong> est sorti du top 6 pour se retrouver \u00e0 la huiti\u00e8me place du <strong>Top 14<\/strong>, la question de l\u2019avenir du manager bayonnais a forc\u00e9ment \u00e9t\u00e9 \u00e9voqu\u00e9e, lui qui a prolong\u00e9 son contrat jusqu\u2019en 2028 en octobre dernier : \u00ab Je continue de travailler et je ne me pose pas de questions. Je suis l\u00e0 pour avoir des r\u00e9sultats, c\u2019est clair que chaque manager est soumis aux r\u00e9sultats mais aujourd\u2019hui je n\u2019ai aucun signal qui va dans ce sens [celui d\u2019un d\u00e9part]. \u00bb<\/p>\n<p>Un nouvel apport dans le staff bayonnais ?<\/p>\n<p class=\" wall-content\">Une d\u00e9claration qui a trouv\u00e9 beaucoup plus d\u2019\u00e9cho quelques minutes plus tard, lorsque <a href=\"https:\/\/actu.fr\/nouvelle-aquitaine\/bayonne_64102\/top-14-le-president-de-bayonne-deplore-n-avoir-qu-un-seul-joueur-leader-dans-son-pack_63643275.html\" target=\"_blank\" rel=\"noopener\">le pr\u00e9sident<\/a> de Bayonne <strong>Philippe Tayeb<\/strong> a \u00e9t\u00e9 interrog\u00e9 par Canal+ : \u00ab Il y a un petit moment que j\u2019ai tir\u00e9 la sonnette d\u2019alarme sur diff\u00e9rents sujets, a-t-il affirm\u00e9. On manque aujourd\u2019hui de contenu, de travail, de dynamique ou juste un peu de fra\u00eecheur. Parfois le changement de discours peut amener de la fra\u00eecheur dans un vestiaire et \u00e7a peut \u00eatre tr\u00e8s positif. \u00bb<\/p>\n<p>Votre r\u00e9gion, votre actu !<\/p>\n<p>Recevez chaque jour les infos qui comptent pour vous.<\/p>\n<p>\t<a href=\"https:\/\/actu.fr\/newsletter\" class=\"ac-btn ac-btn--corner ac-btn--medium ac-btn--blue800\" target=\"_blank\" rel=\"noopener\">S&rsquo;incrire<\/a><\/p>\n<blockquote class=\"ac-article-quote wall-content\">\n<p>\u00ab Je n&rsquo;ai pas \u00e9t\u00e9 entendu peut-\u00eatre mais aujourd&rsquo;hui, si je ne suis pas entendu, il faudra prendre des d\u00e9cisions. Fortes je ne sais pas mais c&rsquo;est obligatoire d&rsquo;am\u00e9liorer ce qu&rsquo;il se passe. \u00bb<\/p>\n<p>    <strong>Philippe Tayeb<\/strong><br \/>\n        Pr\u00e9sident de l&rsquo;Aviron Bayonnais    <\/p><\/blockquote>\n<p class=\" wall-content\">L\u2019une des solutions pour am\u00e9liorer les r\u00e9sultats de <strong>Bayonne<\/strong> \u00e0 l\u2019ext\u00e9rieur pourrait \u00eatre un nouvel apport dans le staff. L\u2019arriv\u00e9e de <strong>Jean Monribot<\/strong> a d\u2019ailleurs \u00e9t\u00e9 un temps chuchot\u00e9e dans les couloirs de Jean-Dauger, m\u00eame si <strong>Gr\u00e9gory Patat<\/strong> a bott\u00e9 en touche ce samedi avant de quitter la conf\u00e9rence de presse, en appuyant sur un point bien pr\u00e9cis.\u00a0<\/p>\n<p class=\" wall-content\">\u00ab Il faut le demander \u00e0 <strong>Philippe Tayeb<\/strong>, ce n\u2019est pas moi qui d\u00e9cide, le chef c\u2019est Philippe Tayeb, a l\u00e2ch\u00e9 le manager bayonnais. J\u2019ai ma position vis-\u00e0-vis de Jean, j\u2019en ai discut\u00e9 avec lui, mais ce n\u2019est pas moi le patron. Le patron c\u2019est qui ? C\u2019est <strong>Philippe Tayeb<\/strong>. \u00bb\u00a0<\/p>\n<p class=\" wall-content\">\n<p class=\" wall-content\">Un patron qui pourrait avoir une autre solution dans sa manche, <a href=\"https:\/\/actu.fr\/sports\/rugby\/top-14\/reunion-houleuse-mots-tres-durs-ca-tourne-aux-reglements-de-compte-a-bayonne_63416744.html\" target=\"_blank\" rel=\"noopener\">arriv\u00e9e depuis cet \u00e9t\u00e9<\/a> et d\u00e9j\u00e0 en place au sein du club basque comme il l\u2019a insinu\u00e9 au micro de Canal+ : \u00ab L\u2019arriv\u00e9e de <strong>Laurent Travers<\/strong> n\u2019a pas fait l\u2019unanimit\u00e9 ou peut-\u00eatre la majorit\u00e9. Quand on a d\u00e9cid\u00e9 avec le Conseil d\u2019Administration de l\u2019<strong>Aviron Bayonnais<\/strong> de faire venir Laurent Travers on pensait que c\u2019\u00e9tait la personne de la situation pour nous faire grandir. Ce n\u2019\u00e9tait pas pour remplacer qui que ce soit, c\u2019\u00e9tait juste pour nous faire grandir et nous transmettre de l\u2019exp\u00e9rience \u00e0 tous les niveaux. \u00bb<\/p>\n<p class=\" wall-content\">L\u2019actuel directeur du rugby <strong>Laurent Travers<\/strong> va-t-il avoir de nouvelles responsabilit\u00e9s dans les prochaines semaines ? <strong>Gr\u00e9gory Patat<\/strong> va-t-il conserver, seul, les pleins pouvoirs concernant l\u2019\u00e9quipe premi\u00e8re ? L\u00e0 encore, <strong>Philippe Tayeb<\/strong> s\u2019est exprim\u00e9 au micro de Canal+, avec un l\u00e9ger sourire : \u00ab Laurent Travers n\u2019intervient pas dans le sportif\u2026 Jusqu\u2019\u00e0 ce soir. Je ne peux pas en dire plus.<\/p>\n<p class=\" wall-content\">Personnalisez votre actualit\u00e9 en ajoutant vos villes et m\u00e9dias en favori avec <a href=\"https:\/\/moncompte.actu.fr\" title=\"D\u00e9couvez Mon Actu\" rel=\"nofollow noopener\" data-trk=\"{&quot;cta&quot;:{&quot;action&quot;:&quot;https:\\\/\\\/moncompte.actu.fr&quot;,&quot;category&quot;:&quot;mon compte&quot;,&quot;from&quot;:&quot;article footer&quot;,&quot;name&quot;:&quot;Mon actu&quot;,&quot;type&quot;:&quot;cta&quot;}}\" target=\"_blank\">Mon Actu<\/a>.<\/p>\n","protected":false},"excerpt":{"rendered":"Par Lucas Bertolotto Publi\u00e9 le 4 janv. 2026 \u00e0 17h20 \u00ab Aujourd\u2019hui, on s\u2019est fait ouvrir. \u00bb Les&hellip;\n","protected":false},"author":2,"featured_media":641225,"comment_status":"","ping_status":"","sticky":false,"template":"","format":"standard","meta":{"footnotes":""},"categories":[9599],"tags":[1111,11,4736,1777,674,1011,27,2208,12,2680,3788,25,479,60,478],"class_list":{"0":"post-641224","1":"post","2":"type-post","3":"status-publish","4":"format-standard","5":"has-post-thumbnail","7":"category-montpellier","8":"tag-actu","9":"tag-actualites","10":"tag-aviron-bayonnais","11":"tag-eu","12":"tag-europe","13":"tag-fr","14":"tag-france","15":"tag-montpellier","16":"tag-news","17":"tag-occitanie","18":"tag-pro","19":"tag-republique-francaise","20":"tag-rugby","21":"tag-sports","22":"tag-top-14"},"share_on_mastodon":{"url":"https:\/\/pubeurope.com\/@fr\/115839101991424517","error":""},"_links":{"self":[{"href":"https:\/\/www.europesays.com\/fr\/wp-json\/wp\/v2\/posts\/641224","targetHints":{"allow":["GET"]}}],"collection":[{"href":"https:\/\/www.europesays.com\/fr\/wp-json\/wp\/v2\/posts"}],"about":[{"href":"https:\/\/www.europesays.com\/fr\/wp-json\/wp\/v2\/types\/post"}],"author":[{"embeddable":true,"href":"https:\/\/www.europesays.com\/fr\/wp-json\/wp\/v2\/users\/2"}],"replies":[{"embeddable":true,"href":"https:\/\/www.europesays.com\/fr\/wp-json\/wp\/v2\/comments?post=641224"}],"version-history":[{"count":0,"href":"https:\/\/www.europesays.com\/fr\/wp-json\/wp\/v2\/posts\/641224\/revisions"}],"wp:featuredmedia":[{"embeddable":true,"href":"https:\/\/www.europesays.com\/fr\/wp-json\/wp\/v2\/media\/641225"}],"wp:attachment":[{"href":"https:\/\/www.europesays.com\/fr\/wp-json\/wp\/v2\/media?parent=641224"}],"wp:term":[{"taxonomy":"category","embeddable":true,"href":"https:\/\/www.europesays.com\/fr\/wp-json\/wp\/v2\/categories?post=641224"},{"taxonomy":"post_tag","embeddable":true,"href":"https:\/\/www.europesays.com\/fr\/wp-json\/wp\/v2\/tags?post=641224"}],"curies":[{"name":"wp","href":"https:\/\/api.w.org\/{rel}","templated":true}]}}