{"id":641230,"date":"2026-01-04T22:11:23","date_gmt":"2026-01-04T22:11:23","guid":{"rendered":"https:\/\/www.europesays.com\/fr\/641230\/"},"modified":"2026-01-04T22:11:23","modified_gmt":"2026-01-04T22:11:23","slug":"vigilance-orange-neige-verglas-lundi-5-janvier","status":"publish","type":"post","link":"https:\/\/www.europesays.com\/fr\/641230\/","title":{"rendered":"vigilance orange neige-verglas lundi 5 janvier"},"content":{"rendered":"<p>\n            Publi\u00e9 le 04-01-2026 \u00e0 17:18        <\/p>\n<p>            <img decoding=\"async\" class=\"page_photo\" src=\"https:\/\/www.rennes-scope.com\/photos\/rennes-et-lille-et-vilaine-en-vigilance-orange-neige-et-verglas-attendus-lundi-5-janvier.webp\" alt=\"Rennes et l\u2019Ille-et-Vilaine en vigilance orange : neige et verglas attendus lundi 5 janvier\" loading=\"lazy\"\/><\/p>\n<p>Cr\u00e9dit : Rennescope<\/p>\n<p>A l&rsquo;hiver 2021, quelques centim\u00e8tres de neige avaient recouverts la ville de Rennes. <\/p>\n<p>\n                                Lundi 5 janvier, l\u2019Ille-et-Vilaine est plac\u00e9 en vigilance orange neige-verglas. A Rennes, le froid s\u2019intensifie avec des pr\u00e9cipitations attendues dans l\u2019apr\u00e8s-midi et des chutes de neige possibles en soir\u00e9e.            <\/p>\n<p>M\u00e9t\u00e9o France a plac\u00e9 le d\u00e9partement d\u2019Ille-et-Vilaine en <b>vigilance orange neige-verglas<\/b> pour la journ\u00e9e de <b>lundi 5 janvier<\/b> \u00e0 partir de minuit et jusqu&rsquo;\u00e0 20h. Cette vigilance concerne un \u00e9pisode hivernal notable dans un contexte de froid persistant sur l\u2019ouest du pays.<\/p>\n<p>        Un \u00e9pisode neigeux attendu sur le d\u00e9partement<\/p>\n<p><a href=\"https:\/\/vigilance.meteofrance.fr\/fr\/ille-et-vilaine\" target=\"_blank\" rel=\"noopener noreferrer\">Selon le bulletin de vigilance de M\u00e9t\u00e9o France<\/a>, une perturbation progresse depuis les c\u00f4tes de la Manche vers le sud. Les pr\u00e9cipitations atteindront l\u2019Ille-et-Vilaine en matin\u00e9e et prendront progressivement un <b>caract\u00e8re neigeux en s\u2019enfon\u00e7ant dans les terres<\/b>. L\u2019\u00e9v\u00e9nement n\u2019a pas encore d\u00e9but\u00e9 mais n\u00e9cessite une attention particuli\u00e8re.<\/p>\n<p>Des cumuls de neige localement significatifs<\/p>\n<p>M\u00e9t\u00e9o France annonce des <b>cumuls de neige compris entre 3 et 7 centim\u00e8tres<\/b> sur une large partie du d\u00e9partement. Des cumuls pouvant atteindre <b>10 centim\u00e8tres<\/b> sont possibles localement, notamment sur les secteurs en hauteur. Ces pr\u00e9cipitations, associ\u00e9es \u00e0 des temp\u00e9ratures proches ou inf\u00e9rieures \u00e0 0 \u00b0C, favorisent \u00e9galement un <b>risque de verglas<\/b>.<\/p>\n<p>Un d\u00e9but de journ\u00e9e froid \u00e0 Rennes<\/p>\n<p>A Rennes, <a href=\"https:\/\/openweathermap.org\/\" target=\"_blank\" rel=\"noopener noreferrer\">les pr\u00e9visions issues d\u2019Openweathermap<\/a> confirment un contexte hivernal d\u00e8s les premi\u00e8res heures. La nuit de dimanche \u00e0 lundi sera marqu\u00e9e par des temp\u00e9ratures n\u00e9gatives, avec <b>-0,7 \u00b0C \u00e0 minuit<\/b> et <b>-1,4 \u00b0C vers 6 heures<\/b>. Sous l\u2019effet du vent, la temp\u00e9rature ressentie pourra ponctuellement descendre autour de <b>-5 \u00b0C<\/b>.<\/p>\n<p>Des pr\u00e9cipitations attendues dans l\u2019apr\u00e8s-midi \u00e0 Rennes<\/p>\n<p>Les temp\u00e9ratures remonteront progressivement en matin\u00e9e pour atteindre environ <b>5 \u00b0C \u00e0 la mi-journ\u00e9e<\/b>, sous un ciel tr\u00e8s nuageux. Des pr\u00e9cipitations sont attendues \u00e0 partir de <b>15 heures<\/b> sur l\u2019agglom\u00e9ration rennaise. <a href=\"https:\/\/openweathermap.org\/\" target=\"_blank\" rel=\"noopener noreferrer\">Selon les donn\u00e9es d\u2019OpenWeatherMap<\/a>, elles devraient prendre la forme de pluie dans un premier temps, avec des cumuls estim\u00e9s \u00e0 environ 3 mm sur trois heures.<\/p>\n<p>Une \u00e9volution possible vers la neige en fin de journ\u00e9e<\/p>\n<p>En fin de journ\u00e9e, la baisse des temp\u00e9ratures pourrait modifier la nature des pr\u00e9cipitations. <b>Des chutes de neige sont pr\u00e9vues \u00e0 partir de 18 heures<\/b>, alors que le thermom\u00e8tre se rapprochera du seuil de <b>0 \u00b0C<\/b>, puis passera l\u00e9g\u00e8rement en dessous en soir\u00e9e. Cette \u00e9volution reste coh\u00e9rente avec la vigilance orange neige-verglas en cours sur le d\u00e9partement.<\/p>\n<p>Une vigilance maintenue jusqu\u2019en soir\u00e9e<\/p>\n<p>La vigilance orange neige-verglas restera active en Ille-et-Vilaine d\u00e8s minuit et jusqu\u2019\u00e0 <b>20 heures lundi<\/b>. L\u2019\u00e9volution de la situation d\u00e9pendra de la progression de la perturbation et des temp\u00e9ratures observ\u00e9es au sol. M\u00e9t\u00e9o France recommande de suivre r\u00e9guli\u00e8rement les mises \u00e0 jour du bulletin de vigilance.<\/p>\n<p>                A lire aussi<\/p>\n<p>        <a href=\"https:\/\/www.rennes-scope.com\/articles-tag.php?nom=m%C3%A9t%C3%A9o\" target=\"_blank\" rel=\"noopener\"><\/p>\n<p>m\u00e9t\u00e9o<\/p>\n<p><\/a><a href=\"https:\/\/www.rennes-scope.com\/articles-tag.php?nom=neige\" target=\"_blank\" rel=\"noopener\"><\/p>\n<p>neige<\/p>\n<p><\/a><a href=\"https:\/\/www.rennes-scope.com\/articles-tag.php?nom=vigilance\" target=\"_blank\" rel=\"noopener\"><\/p>\n<p>vigilance<\/p>\n<p><\/a><\/p>\n","protected":false},"excerpt":{"rendered":"Publi\u00e9 le 04-01-2026 \u00e0 17:18 Cr\u00e9dit : Rennescope A l&rsquo;hiver 2021, quelques centim\u00e8tres de neige avaient recouverts la&hellip;\n","protected":false},"author":2,"featured_media":641231,"comment_status":"","ping_status":"","sticky":false,"template":"","format":"standard","meta":{"footnotes":""},"categories":[2821],"tags":[1111,11,829,1777,674,1011,27,12,584,25],"class_list":{"0":"post-641230","1":"post","2":"type-post","3":"status-publish","4":"format-standard","5":"has-post-thumbnail","7":"category-rennes","8":"tag-actu","9":"tag-actualites","10":"tag-bretagne","11":"tag-eu","12":"tag-europe","13":"tag-fr","14":"tag-france","15":"tag-news","16":"tag-rennes","17":"tag-republique-francaise"},"share_on_mastodon":{"url":"https:\/\/pubeurope.com\/@fr\/115839125642726981","error":""},"_links":{"self":[{"href":"https:\/\/www.europesays.com\/fr\/wp-json\/wp\/v2\/posts\/641230","targetHints":{"allow":["GET"]}}],"collection":[{"href":"https:\/\/www.europesays.com\/fr\/wp-json\/wp\/v2\/posts"}],"about":[{"href":"https:\/\/www.europesays.com\/fr\/wp-json\/wp\/v2\/types\/post"}],"author":[{"embeddable":true,"href":"https:\/\/www.europesays.com\/fr\/wp-json\/wp\/v2\/users\/2"}],"replies":[{"embeddable":true,"href":"https:\/\/www.europesays.com\/fr\/wp-json\/wp\/v2\/comments?post=641230"}],"version-history":[{"count":0,"href":"https:\/\/www.europesays.com\/fr\/wp-json\/wp\/v2\/posts\/641230\/revisions"}],"wp:featuredmedia":[{"embeddable":true,"href":"https:\/\/www.europesays.com\/fr\/wp-json\/wp\/v2\/media\/641231"}],"wp:attachment":[{"href":"https:\/\/www.europesays.com\/fr\/wp-json\/wp\/v2\/media?parent=641230"}],"wp:term":[{"taxonomy":"category","embeddable":true,"href":"https:\/\/www.europesays.com\/fr\/wp-json\/wp\/v2\/categories?post=641230"},{"taxonomy":"post_tag","embeddable":true,"href":"https:\/\/www.europesays.com\/fr\/wp-json\/wp\/v2\/tags?post=641230"}],"curies":[{"name":"wp","href":"https:\/\/api.w.org\/{rel}","templated":true}]}}