{"id":641232,"date":"2026-01-04T22:13:02","date_gmt":"2026-01-04T22:13:02","guid":{"rendered":"https:\/\/www.europesays.com\/fr\/641232\/"},"modified":"2026-01-04T22:13:02","modified_gmt":"2026-01-04T22:13:02","slug":"trois-festivals-et-des-spectacles-qui-feront-vibrer-en-janvier-a-strasbourg","status":"publish","type":"post","link":"https:\/\/www.europesays.com\/fr\/641232\/","title":{"rendered":"Trois festivals et des spectacles qui feront vibrer en janvier \u00e0 Strasbourg"},"content":{"rendered":"<p>Radio Live sur sc\u00e8ne<\/p>\n<p>C\u2019est une exp\u00e9rience \u00e0 la fois th\u00e9\u00e2trale et radiophonique \u00e0 laquelle convie la journaliste et productrice Aur\u00e9lie Charon. Tout a d\u00e9but\u00e9 en 2011 avec des s\u00e9ries radiophoniques sur la jeunesse engag\u00e9e, r\u00e9alis\u00e9es pour Radio France, et l\u2019envie de r\u00e9unir ces jeunes activistes sur sc\u00e8ne. En 2013, sous le nom de Radio Live la premi\u00e8re repr\u00e9sentation a eu lieu et a fait dialoguer des jeunes venus de plusieurs pays avec le public.<\/p>\n<p>Le Radio live de 2025, cr\u00e9\u00e9 pour le festival d\u2019Avignon, est d\u00e9clin\u00e9 en trois chapitres et convie huit personnes provenant de zones de conflits en Syrie, \u00e0 Gaza, en Bosnie, en Ukraine, au Liban, au Rwanda\u2026 Les interviews en direct d\u2019Aur\u00e9lie Charon (pr\u00e9sente sur sc\u00e8ne) alternent avec des vid\u00e9os tourn\u00e9es dans les diff\u00e9rents pays \u00e9voqu\u00e9s, des croquis dessin\u00e9s en direct, des s\u00e9quences de musique live, parfois de pas de danse, et toujours des \u00e9changes avec le public.<\/p>\n<p><img loading=\"lazy\" decoding=\"async\" width=\"792\" height=\"446\" src=\"https:\/\/www.europesays.com\/fr\/wp-content\/uploads\/2026\/01\/vivantes3-noorullah-azizi-792x446.jpg\" alt=\"\" class=\"wp-image-374221\"  \/> Spectacle \u00ab\u00a0Vivantes\u00a0\u00bb de la trilogie en \u00ab\u00a0Radio Live\u00a0\u00bb de Aur\u00e9lie CharonPhoto\u00a0: Noorullah Azizi<\/p>\n<p><strong>Chapitre 1 Vivantes invite trois femmes \u00e0 t\u00e9moigner, <\/strong>chacune a travers\u00e9 une guerre\u00a0: enfant, adolescente ou adulte. En Bosnie, en Syrie, en Ukraine, chacune a r\u00e9sist\u00e9 et r\u00e9siste encore.\u00a0Oksana, Hala et Ines sont parties ensemble \u00e0 Sarajevo pour interroger la soci\u00e9t\u00e9 d\u2019apr\u00e8s-guerre.\u00a0Comment raconte-t-on l\u2019exp\u00e9rience de la guerre \u00e0 ceux et celles qui ne la vivent pas\u00a0?<\/p>\n<p><strong>Chapitre 2 \u2013\u00a0Nos vies \u00e0 venir. Comment penser la reconstruction\u00a0?<\/strong> En Syrie, \u00e0 Gaza, et au Liban, avec Rayane, Amir et Hala qui ont v\u00e9cu la guerre dans ces pays. Cin\u00e9aste et actrice, institutrice, journaliste et po\u00e8te, parlent de leurs combats et leur espoir pour un avenir meilleur.<\/p>\n<p><strong>Chapitre 3 \u2013\u00a0R\u00e9uni\u00b7es. <\/strong>Comment penser la justice apr\u00e8s un g\u00e9nocide ou une guerre civile\u00a0? Ce spectacle r\u00e9unit des identit\u00e9s multiples\u00a0: Yannick d\u2019origine rwandaise et congolaise, Karam est palestinien syrien, Sihame a grandi en France de parents venant du Maroc.\u00a0Ils ont r\u00e9alis\u00e9 un voyage ensemble \u00e0 Kigali au moment des comm\u00e9morations du g\u00e9nocide contre les Tutsis de 1994. Ils viennent nous parler de leur fort d\u00e9sir de justice.<\/p>\n<p>Y <strong>aller<\/strong><\/p>\n<p><strong>Radio Live <\/strong><\/p>\n<ul class=\"wp-block-list\">\n<li>Chapitre 1\u00a0: mercredi 7 janvier \u00e0 20h,<\/li>\n<li>Chapitre 2\u00a0: jeudi 8, lundi 12 et mardi 13 janvier \u00e0 20h,<\/li>\n<li>Chapitre 3\u00a0: vendredi 9, mercredi 14 et jeudi 15 janvier \u00e0 20h,<\/li>\n<li>Int\u00e9grale\u00a0: samedi 10 janvier de 13h \u00e0 20h avec deux entractes.<\/li>\n<\/ul>\n<p>au Th\u00e9\u00e2tre national de Strasbourg, 1 avenue de la Marseillaise \u00e0 Strasbourg \u2013 Neustadt. <a href=\"https:\/\/tns.fr\/acheter-vos-billets\" target=\"_blank\" rel=\"noreferrer noopener\">Billetterie\u00a0de 6 \u00e0 32\u20ac<\/a>.<\/p>\n<p><a href=\"https:\/\/www.rue89strasbourg.com\/user\/offrez-rue89-strasbourg\" target=\"_blank\" rel=\" noreferrer noopener\"><img loading=\"lazy\" decoding=\"async\" width=\"1940\" height=\"500\" src=\"https:\/\/www.europesays.com\/fr\/wp-content\/uploads\/2025\/11\/banner-970x250px-promo-v2-.png\" alt=\"\" class=\"wp-image-367072\" style=\"object-fit:cover;width:970px;height:250px\"  \/><\/a><\/p>\n<p>L\u2019ann\u00e9e commence avec elles<\/p>\n<p>Sororit\u00e9, \u00e9changes, \u00e9mancipation, luttes, \u00e9nergie et mouvement\u00a0! Comme chaque ann\u00e9e depuis 2021, P\u00f4le Sud d\u00e9bute l\u2019ann\u00e9e avec \u00ab\u00a0Elles\u00a0\u00bb, les femmes chor\u00e9graphes et performeuses. Ce festival donne la parole \u00e0 dix artistes tr\u00e8s singuli\u00e8res, d\u2019origines, de pays et de g\u00e9n\u00e9rations diff\u00e9rentes.<\/p>\n<p>Dans ce programme foisonnant, on a notamment rep\u00e9r\u00e9 le spectacle \u00c0 l\u2019aune de leurs peaux de Marie Barbottin qui a travaill\u00e9 avec la philosophe f\u00e9ministe Camille Froidevaux-Metterie, et met en sc\u00e8ne cinq femmes de cinquante ans dans un manifeste contre le jeunisme. La compagnie Kila\u00ef embarque \u00e0 la rencontre quatre femmes, danseuses de hip-hop qui prennent la parole sans d\u00e9tour pour raconter leur choix d\u2019entrer dans un monde r\u00e9put\u00e9 masculin. La chor\u00e9graphe Betty Tchomanga pr\u00e9sente des Histoire(s) D\u00e9coloniale(s), \u00e0 travers le krump, le ra\u00ef, la pantomime ou les danses b\u00e9ninoises. Et on s\u2019amusera avec l\u2019Histoire de l\u2019art gr\u00e2ce \u00e0 Hortense Belh\u00f4te, l\u2019historienne de l\u2019art et performeuse, dont on a pu croiser les vid\u00e9os d\u00e9cal\u00e9es sur Arte et les r\u00e9seaux sociaux.<\/p>\n<p>Plusieurs rencontres et ateliers de danse avec les artistes sont organis\u00e9s tout au long du mois. Une belle occasion d\u2019exp\u00e9rimenter des pieds \u00e0 la t\u00eate ce que les spectacles donnent \u00e0 voir. <\/p>\n<p>Y <strong>aller<\/strong><\/p>\n<p><strong>Festival L\u2019ann\u00e9e commence avec elles<\/strong> du mardi 13 au jeudi 29 janvier 2026, \u00e0 P\u00f4le Sud, 1 rue de Bourgogne, \u00e0 Strasbourg \u2013 Meinau (sauf Hortense Belh\u00f4te qui sera \u00e0 La Pokop,19 rue du Jura, Strasbourg \u2013 Esplanade). <a href=\"https:\/\/www.billetterie.pole-sud.fr\/\" target=\"_blank\" rel=\"noreferrer noopener\">Billetterie de 6\u20ac \u00e0 26\u20ac<\/a>.<\/p>\n<p>\t\tP\u00e9dalage c\u00e9leste<\/p>\n<p>Un tandem volant, deux \u00e9quilibristes pleins d\u2019humour et de po\u00e9sie, c\u2019est la recette de ce joli spectacle que certains d\u2019entre vous ont peut-\u00eatre d\u00e9j\u00e0 vu au Festival FARSe 2025. Leandre Ribera et Laura Miralb\u00e9s sont de retour \u00e0 Strasbourg avec Fly me to the moon, une occasion de se rattraper \u00e0 l\u2019Espace K si vous les aviez rat\u00e9s sur le bitume. V\u00eatu de queue de pie, le duo de clowns embarque petits et grands pour un voyage sur la lune accompagn\u00e9 par de la musique live. On rit, on s\u2019\u00e9merveille, le cycliste en nous est ravi\u00a0! Un moment burlesque pour commencer l\u2019ann\u00e9e avec le sourire.<\/p>\n<p><img loading=\"lazy\" decoding=\"async\" width=\"792\" height=\"475\" src=\"https:\/\/www.europesays.com\/fr\/wp-content\/uploads\/2026\/01\/leandreclown---fly-me-to-the-moon---alejandro-ardilla-min-792x475.jpg\" alt=\"\" class=\"wp-image-374223\"  \/> Les deux clowns cyclistes de \u00ab\u00a0Fly me to the moon\u00a0\u00bb de Leandre ClownPhoto\u00a0: Alejandro Ardilla<\/p>\n<p>Y <strong>aller<\/strong><\/p>\n<p><strong>Fly me to the Moon<\/strong>, vendredi 16 et samedi 17 janvier 2026, \u00e0 l\u2019Espace K, 10 rue du Hohwald, \u00e0 Strasbourg \u2013 Gare. <a href=\"https:\/\/www.vostickets.fr\/Billet\/FR\/representation-ESPACE_K-30844-0.wb?REFID=mb4kAAAAAAAQAA\" target=\"_blank\" rel=\"noreferrer noopener\">Billetterie de 3\u20ac \u00e0 26\u20ac<\/a><\/p>\n<p>La f\u00eate de la musique, avant l\u2019heure<\/p>\n<p>La Cit\u00e9 de la musique et de la danse de Strasbourg f\u00eate ses 20 ans en 2026. Ce troisi\u00e8me Festival du Conservatoire lui est d\u00e9di\u00e9. Concerts, bals, d\u00e9ambulations, spectacles de danse et de th\u00e9\u00e2tre, en neuf jours plus de 30 repr\u00e9sentations et 25 spectacles sont propos\u00e9s. Une nocturne, la \u00ab\u00a0Nuit du R\u00e9p\u00e9titif\u00a0\u00bb, mettra \u00e0 l\u2019honneur les musiques r\u00e9p\u00e9titives et minimalistes \u00e0 l\u2019occasion de la Nuit des Conservatoires le vendredi 30 janvier. Elle r\u00e9unira \u00e0 elle seule 12 spectacles et interventions artistiques de 18h \u00e0 1h30 du matin \u00e0 travers tout le b\u00e2timent.<\/p>\n<p>Le festival est gratuit et il y en aura pour tous les go\u00fbts, ou presque\u00a0: musique classique, contemporaine, baroque ou cr\u00e9ation. Si vous n\u2019avez jamais franchi les portes du b\u00e2timent, c\u2019est une belle occasion pour le visiter tout en faisant plaisir \u00e0 vos oreilles. Et d\u2019ailleurs, sachez que le Conservatoire propose plus de 150 spectacles gratuits tout au long de l\u2019ann\u00e9e \u00e0 la Cit\u00e9 de la musique et de la danse, et hors les murs. La programmation est ici\u00a0: <a href=\"http:\/\/www.conservatoire.strasbourg.eu\" target=\"_blank\" rel=\"noreferrer noopener\">www.conservatoire.strasbourg.eu<\/a><\/p>\n<p>Y <strong>aller<\/strong><\/p>\n<p>Fanfare, flammes et lectures nocturnes<\/p>\n<p>Les m\u00e9diath\u00e8ques de l\u2019Eurom\u00e9tropole s\u2019animeront \u00e0 la fin des journ\u00e9es du 21 au 25 janvier \u00e0 l\u2019occasion des <a href=\"https:\/\/www.nuitsdelalecture.fr\/programme\" target=\"_blank\" rel=\"noreferrer noopener\">Nuits de la lecture<\/a>\u00a0: spectacles, concerts, lectures et m\u00eame pyjama party\u00a0! Du c\u00f4t\u00e9 de la m\u00e9diath\u00e8que Malraux, une s\u00e9rie de rendez-vous s\u2019enchaineront le samedi 24 janvier\u00a0: une d\u00e9ambulation festive et lumineuse partira \u00e0 16h de l\u2019Ar\u00e8s (\u00e0 l\u2019Esplanade) pour rejoindre la presqu\u2019\u00eele Malraux au rythme de la fanfare Strasboumboum. S\u2019en suivront des animations \u00e0 tous les \u00e9tages de la m\u00e9diath\u00e8que. Et \u00e0 19h, rendez-vous sur son parvis pour un spectacle de jonglage de feu \u00ab\u00a0Les flamm\u00e8ches\u00a0\u00bb. On pourra aussi s\u2019amuser \u00e0 la joute litt\u00e9raire qui opposera les biblioth\u00e9caires autour de la th\u00e9matique ville ou campagne. Et on finira par une lecture-performance de Mathias Malzieu (auteur, compositeur et chanteur du groupe Dionysos).<\/p>\n<p>Y <strong>aller<\/strong><\/p>\n<p>Toutes, toutes premi\u00e8res fois<\/p>\n<p>Le festival Premi\u00e8res convie au Maillon de jeunes artistes de diff\u00e9rents pays. Pour cette ann\u00e9e, ce sera la Russie, la Palestine, la Suisse, l\u2019Italie et la Gr\u00e8ce. Cinq spectacles pour d\u00e9couvrir l\u2019\u00e9mergence artistique europ\u00e9enne sur deux week-end fin janvier et d\u00e9but f\u00e9vrier.<\/p>\n<p>L\u2019artiste russe, Aleksandr Kapeliush, raconte avec une lucidit\u00e9 touchante son exil de Russie, entre souvenirs d\u2019enfance, questions d\u2019identit\u00e9 queer et r\u00e9flexions sur les libert\u00e9s qui s\u2019effacent dans son pays natal. La danseuse Marah Haj Hussein expose, elle, avec humour et col\u00e8re comment les langues peuvent \u00e0 la fois lib\u00e9rer et opprimer, en donnant la parole \u00e0 celles et ceux qui jonglent au quotidien entre l\u2019arabe et l\u2019h\u00e9breu impos\u00e9 par la colonisation. <\/p>\n<p>Le com\u00e9dien, auteur et metteur en sc\u00e8ne italien Francesco Alberici retrace son parcours dans le monde du travail contemporain\u00a0: management, performance, harc\u00e8lement, mais aussi le r\u00e9cit d\u2019une relation \u00e9mouvante et dr\u00f4le entre deux fr\u00e8res. L\u2019artiste suisse d\u2019origine togolaise, Davide-Christelle Sanvee, explore les ressorts du racisme \u00e0 travers une performance inspir\u00e9e par le r\u00e9cit de l\u2019\u00e9crivain James Baldwin, noir dans une Suisse blanche des ann\u00e9es 50. La danseuse et chor\u00e9graphe grecque Chara Kotsali embarque son public pour\u00a0une plong\u00e9e dans l\u2019Histoire, \u00ab\u00a0un voyage d\u00e9r\u00e9gl\u00e9 dans le temps\u00a0\u00bb via une chor\u00e9graphie qui convie macarena, parades militaires, a\u00e9robic ou encore danses rituelles.<\/p>\n<p>Diverses rencontres (gratuites) viendront ponctuer le festival ainsi qu\u2019un banquet, dans le hall du th\u00e9\u00e2tre, en compagnie des artistes et techniciens des compagnies invit\u00e9es.<\/p>\n<p>Y <strong>aller<\/strong><\/p>\n<p><strong>Festival Premi\u00e8res<\/strong> du 29 janvier au 7 f\u00e9vrier 2026 au Maillon, 1 boulevard de Dresde, Strasbourg \u2013 Wacken, et \u00e0 la HEAR \u2013 Plateau sc\u00e9nique, 2 rue de la Manufacture des tabacs, Strasbourg \u2013 Krutenau. <a href=\"https:\/\/maillon.eu\/focus\/9.premieres\" target=\"_blank\" rel=\"noopener\">Programme complet<\/a>. <a href=\"https:\/\/billetterie-maillon.mapado.com\/\" target=\"_blank\" rel=\"noreferrer noopener\">Tarifs de de 6\u20ac \u00e0 26\u20ac<\/a>.<\/p>\n","protected":false},"excerpt":{"rendered":"Radio Live sur sc\u00e8ne C\u2019est une exp\u00e9rience \u00e0 la fois th\u00e9\u00e2trale et radiophonique \u00e0 laquelle convie la journaliste&hellip;\n","protected":false},"author":2,"featured_media":641233,"comment_status":"","ping_status":"","sticky":false,"template":"","format":"standard","meta":{"footnotes":""},"categories":[2820],"tags":[1111,11,251,5972,29235,1777,674,1011,27,775,32834,74780,12,22967,25,8441,640,66964],"class_list":{"0":"post-641232","1":"post","2":"type-post","3":"status-publish","4":"format-standard","5":"has-post-thumbnail","7":"category-strasbourg","8":"tag-actu","9":"tag-actualites","10":"tag-culture","11":"tag-danse","12":"tag-espace-k","13":"tag-eu","14":"tag-europe","15":"tag-fr","16":"tag-france","17":"tag-grand-est","18":"tag-le-maillon","19":"tag-mediatheque-andre-malraux","20":"tag-news","21":"tag-pole-sud","22":"tag-republique-francaise","23":"tag-spectacle-vivant","24":"tag-strasbourg","25":"tag-tns"},"share_on_mastodon":{"url":"","error":""},"_links":{"self":[{"href":"https:\/\/www.europesays.com\/fr\/wp-json\/wp\/v2\/posts\/641232","targetHints":{"allow":["GET"]}}],"collection":[{"href":"https:\/\/www.europesays.com\/fr\/wp-json\/wp\/v2\/posts"}],"about":[{"href":"https:\/\/www.europesays.com\/fr\/wp-json\/wp\/v2\/types\/post"}],"author":[{"embeddable":true,"href":"https:\/\/www.europesays.com\/fr\/wp-json\/wp\/v2\/users\/2"}],"replies":[{"embeddable":true,"href":"https:\/\/www.europesays.com\/fr\/wp-json\/wp\/v2\/comments?post=641232"}],"version-history":[{"count":0,"href":"https:\/\/www.europesays.com\/fr\/wp-json\/wp\/v2\/posts\/641232\/revisions"}],"wp:featuredmedia":[{"embeddable":true,"href":"https:\/\/www.europesays.com\/fr\/wp-json\/wp\/v2\/media\/641233"}],"wp:attachment":[{"href":"https:\/\/www.europesays.com\/fr\/wp-json\/wp\/v2\/media?parent=641232"}],"wp:term":[{"taxonomy":"category","embeddable":true,"href":"https:\/\/www.europesays.com\/fr\/wp-json\/wp\/v2\/categories?post=641232"},{"taxonomy":"post_tag","embeddable":true,"href":"https:\/\/www.europesays.com\/fr\/wp-json\/wp\/v2\/tags?post=641232"}],"curies":[{"name":"wp","href":"https:\/\/api.w.org\/{rel}","templated":true}]}}