{"id":641234,"date":"2026-01-04T22:14:17","date_gmt":"2026-01-04T22:14:17","guid":{"rendered":"https:\/\/www.europesays.com\/fr\/641234\/"},"modified":"2026-01-04T22:14:17","modified_gmt":"2026-01-04T22:14:17","slug":"ligue-1-nous-navons-parle-que-du-match-a-nice-les-joueurs-du-racing-club-de-strasbourg-ont-fait-fi-du-cas-rosenior","status":"publish","type":"post","link":"https:\/\/www.europesays.com\/fr\/641234\/","title":{"rendered":"Ligue 1. \u00ab\u00a0Nous n&rsquo;avons parl\u00e9 que du match\u00a0\u00bb\u00a0:\u00a0\u00e0 Nice, les\u00a0joueurs du Racing Club de Strasbourg ont fait fi du cas\u00a0Rosenior"},"content":{"rendered":"<p>Il para\u00eet que la semaine de pr\u00e9paration du rendez-vous ni\u00e7ois n\u2019a en rien diff\u00e9r\u00e9 des autres, en d\u00e9pit des rumeurs qui envoient le coach <a href=\"https:\/\/www.dna.fr\/p\/liam-rosenior\" target=\"_blank\" rel=\"noopener\">Liam Rosenior<\/a> \u00e0 Chelsea, le club fr\u00e8re du Racing \u00e9tant donn\u00e9 leur propri\u00e9taire commun, BlueCo. Ce qui a \u00e9t\u00e9 travaill\u00e9 sur le pr\u00e9 n\u2019a pas \u00e9t\u00e9 une franche r\u00e9ussite au regard <a href=\"https:\/\/www.dna.fr\/sport\/2026\/01\/03\/trop-rares-a-avoir-ete-au-niveau-les-notes-de-nice-racing-club-de-strasbourg-(1-1)\" target=\"_blank\" rel=\"noopener\">de la derni\u00e8re heure d\u2019un pauvre match,<\/a> face \u00e0 un adversaire priv\u00e9 de 16 \u00e9l\u00e9ments, d\u2019une maladresse confondante, hant\u00e9 par une crise qui a balay\u00e9 nombre d\u2019\u00e9tages.<\/p>\n<p>Nice vient de changer d\u2019entra\u00eeneur, de pr\u00e9sident et devrait \u00eatre actif sur le march\u00e9 des transferts mais ne ressemble pas (encore\u00a0?) \u00e0 une \u00e9quipe redoutable du championnat, comme le Gym en avait&#8230;<\/p>\n","protected":false},"excerpt":{"rendered":"Il para\u00eet que la semaine de pr\u00e9paration du rendez-vous ni\u00e7ois n\u2019a en rien diff\u00e9r\u00e9 des autres, en d\u00e9pit&hellip;\n","protected":false},"author":2,"featured_media":641235,"comment_status":"","ping_status":"","sticky":false,"template":"","format":"standard","meta":{"footnotes":""},"categories":[2820],"tags":[328,1111,11,2880,1777,674,107,1701,63,1011,27,775,12,41281,25,517,640,2879],"class_list":{"0":"post-641234","1":"post","2":"type-post","3":"status-publish","4":"format-standard","5":"has-post-thumbnail","7":"category-strasbourg","8":"tag-a-la-une","9":"tag-actu","10":"tag-actualites","11":"tag-edition-strasbourg","12":"tag-eu","13":"tag-europe","14":"tag-fil-info","15":"tag-fil-info-sport","16":"tag-football","17":"tag-fr","18":"tag-france","19":"tag-grand-est","20":"tag-news","21":"tag-racing-club-strasbourg-masculin","22":"tag-republique-francaise","23":"tag-sport","24":"tag-strasbourg","25":"tag-strasbourg-ville"},"share_on_mastodon":{"url":"https:\/\/pubeurope.com\/@fr\/115839137386819391","error":""},"_links":{"self":[{"href":"https:\/\/www.europesays.com\/fr\/wp-json\/wp\/v2\/posts\/641234","targetHints":{"allow":["GET"]}}],"collection":[{"href":"https:\/\/www.europesays.com\/fr\/wp-json\/wp\/v2\/posts"}],"about":[{"href":"https:\/\/www.europesays.com\/fr\/wp-json\/wp\/v2\/types\/post"}],"author":[{"embeddable":true,"href":"https:\/\/www.europesays.com\/fr\/wp-json\/wp\/v2\/users\/2"}],"replies":[{"embeddable":true,"href":"https:\/\/www.europesays.com\/fr\/wp-json\/wp\/v2\/comments?post=641234"}],"version-history":[{"count":0,"href":"https:\/\/www.europesays.com\/fr\/wp-json\/wp\/v2\/posts\/641234\/revisions"}],"wp:featuredmedia":[{"embeddable":true,"href":"https:\/\/www.europesays.com\/fr\/wp-json\/wp\/v2\/media\/641235"}],"wp:attachment":[{"href":"https:\/\/www.europesays.com\/fr\/wp-json\/wp\/v2\/media?parent=641234"}],"wp:term":[{"taxonomy":"category","embeddable":true,"href":"https:\/\/www.europesays.com\/fr\/wp-json\/wp\/v2\/categories?post=641234"},{"taxonomy":"post_tag","embeddable":true,"href":"https:\/\/www.europesays.com\/fr\/wp-json\/wp\/v2\/tags?post=641234"}],"curies":[{"name":"wp","href":"https:\/\/api.w.org\/{rel}","templated":true}]}}