{"id":641236,"date":"2026-01-04T22:16:36","date_gmt":"2026-01-04T22:16:36","guid":{"rendered":"https:\/\/www.europesays.com\/fr\/641236\/"},"modified":"2026-01-04T22:16:36","modified_gmt":"2026-01-04T22:16:36","slug":"lbe-paris-92-sort-la-tete-de-leau-nice-confirme-sa-troisieme-place","status":"publish","type":"post","link":"https:\/\/www.europesays.com\/fr\/641236\/","title":{"rendered":"LBE | Paris 92 sort la t\u00eate de l\u2019eau, Nice confirme sa troisi\u00e8me place"},"content":{"rendered":"<p style=\"text-align: justify;\" data-start=\"697\" data-end=\"936\">Plus lib\u00e9r\u00e9es apr\u00e8s la mi-temps, les Chambraisiennes retrouvent des couleurs avec 19 buts inscrits, port\u00e9es par <strong>Emma Perche<\/strong> (10 arr\u00eats), <strong>Eva Jarrige<\/strong> (6 buts) et <strong>Constance Maury<\/strong> (5). Mais le mal est fait et Brest s\u2019impose largement (38-27).<\/p>\n<p>Metz d\u00e9roule, Strasbourg trop court<\/p>\n<p style=\"text-align: justify;\" data-start=\"983\" data-end=\"1251\">Pour son premier match de l\u2019ann\u00e9e au Rh\u00e9nus, le <strong>SATH<\/strong> r\u00e9alise une entame agressive et m\u00e8ne m\u00eame \u00e0 la 8e minute (6-5). Mais <strong>Metz<\/strong> remet rapidement de l\u2019ordre gr\u00e2ce aux mont\u00e9es de balle de <strong>Suzanne Wajoka<\/strong> et \u00e0 une <strong>Tyra Axn\u00e8r<\/strong> intenable, aussi bien \u00e0 la passe que par ses tirs de loin.<\/p>\n<p style=\"text-align: justify;\" data-start=\"1253\" data-end=\"1479\">Moment fort de la rencontre, le retour de <strong>Chlo\u00e9 Valentini<\/strong> apr\u00e8s sa grossesse, qui marque d\u00e8s sa premi\u00e8re apparition. Metz creuse l\u2019\u00e9cart avant la pause (19-12) puis d\u00e9roule en seconde p\u00e9riode pour s\u2019imposer largement (37-23).<\/p>\n<p>Nice s\u2019impose en patron sur la C\u00f4te d\u2019Azur<\/p>\n<p style=\"text-align: justify;\" data-start=\"1533\" data-end=\"1730\">Dans le derby azur\u00e9en, <strong>Nice<\/strong> confirme sa solidit\u00e9 sur le parquet de <strong>Toulon.<\/strong> Accroch\u00e9es en premi\u00e8re p\u00e9riode, les Ni\u00e7oises prennent l\u2019avantage \u00e0 la pause (15-12) avant de passer la vitesse sup\u00e9rieure.<\/p>\n<p style=\"text-align: justify;\" data-start=\"1732\" data-end=\"2047\">En deuxi\u00e8me mi-temps, <strong>Hanna Ahlen<\/strong> et <strong>Marwa Abdel-Malek<\/strong> font parler leur talent \u00e0 la cr\u00e9ation comme \u00e0 la finition, pendant que C\u00e9cilia Erin \u00e9c\u0153ure les Toulonnaises avec une s\u00e9rie de parades d\u00e9cisives. <strong>Toulon<\/strong> ne reviendra jamais \u00e0 moins de quatre longueurs. <strong>Nice<\/strong> s\u2019impose 30-26 et conserve sa 3e place, juste devant <strong>Plan-de-Cuques<\/strong>.<\/p>\n<p>Une journ\u00e9e d\u00e9cisive pour Paris 92, Dijon, Saint-Amand et Plan-de-Cuques<\/p>\n<p style=\"text-align: justify;\" data-start=\"2131\" data-end=\"2498\">Dans la lutte pour le maintien, <strong>Paris 92<\/strong> r\u00e9alise une excellente op\u00e9ration face au <strong>Havre.<\/strong> Apr\u00e8s une premi\u00e8re p\u00e9riode tr\u00e8s serr\u00e9e (16-14), les Parisiennes creusent un premier break au retour des vestiaires avant de r\u00e9sister au retour havrais, emmen\u00e9 par <strong>Vanessa Djiogap<\/strong> (6 buts). Port\u00e9es par <strong>Emmanuelle Thobor<\/strong>, elles s\u2019imposent 29-28 et remontent \u00e0 la 9e place.<\/p>\n<p style=\"text-align: justify;\" data-start=\"2500\" data-end=\"3043\" data-is-last-node=\"\" data-is-only-node=\"\">Dans le m\u00eame temps, <strong>Dijon<\/strong> s\u2019impose dans un duel accroch\u00e9 contre <strong>Besan\u00e7on<\/strong> (26-24) apr\u00e8s un score de parit\u00e9 \u00e0 la pause (13-13), revenant \u00e0 un point de <strong>Saint-Amand<\/strong>. Les Amandinoises, justement, renversent <strong>Sambre<\/strong> dans le derby du nord (27-22) gr\u00e2ce notamment \u00e0 leurs aili\u00e8res\u00a0et confortent leur 5e place. Enfin,<strong> Plan-de-Cuques<\/strong> a d\u00e9roul\u00e9 contre la Stella apr\u00e8s un d\u00e9part manqu\u00e9, port\u00e9 par une <strong>Nele Antonissen<\/strong> intenable (12 buts), pour rester au contact direct de <strong>Nice<\/strong> dans la course au podium.<\/p>\n","protected":false},"excerpt":{"rendered":"Plus lib\u00e9r\u00e9es apr\u00e8s la mi-temps, les Chambraisiennes retrouvent des couleurs avec 19 buts inscrits, port\u00e9es par Emma Perche&hellip;\n","protected":false},"author":2,"featured_media":641237,"comment_status":"","ping_status":"","sticky":false,"template":"","format":"standard","meta":{"footnotes":""},"categories":[2819],"tags":[1111,11,74729,1777,674,1011,27,12894,74781,12,2401,2268,12899,882,25],"class_list":{"0":"post-641236","1":"post","2":"type-post","3":"status-publish","4":"format-standard","5":"has-post-thumbnail","7":"category-nice","8":"tag-actu","9":"tag-actualites","10":"tag-chloe-valentini","11":"tag-eu","12":"tag-europe","13":"tag-fr","14":"tag-france","15":"tag-lbe","16":"tag-nele-antonissen","17":"tag-news","18":"tag-nice","19":"tag-ogc-nice","20":"tag-paris-92","21":"tag-provence-alpes-cote-dazur","22":"tag-republique-francaise"},"share_on_mastodon":{"url":"https:\/\/pubeurope.com\/@fr\/115839145287057956","error":""},"_links":{"self":[{"href":"https:\/\/www.europesays.com\/fr\/wp-json\/wp\/v2\/posts\/641236","targetHints":{"allow":["GET"]}}],"collection":[{"href":"https:\/\/www.europesays.com\/fr\/wp-json\/wp\/v2\/posts"}],"about":[{"href":"https:\/\/www.europesays.com\/fr\/wp-json\/wp\/v2\/types\/post"}],"author":[{"embeddable":true,"href":"https:\/\/www.europesays.com\/fr\/wp-json\/wp\/v2\/users\/2"}],"replies":[{"embeddable":true,"href":"https:\/\/www.europesays.com\/fr\/wp-json\/wp\/v2\/comments?post=641236"}],"version-history":[{"count":0,"href":"https:\/\/www.europesays.com\/fr\/wp-json\/wp\/v2\/posts\/641236\/revisions"}],"wp:featuredmedia":[{"embeddable":true,"href":"https:\/\/www.europesays.com\/fr\/wp-json\/wp\/v2\/media\/641237"}],"wp:attachment":[{"href":"https:\/\/www.europesays.com\/fr\/wp-json\/wp\/v2\/media?parent=641236"}],"wp:term":[{"taxonomy":"category","embeddable":true,"href":"https:\/\/www.europesays.com\/fr\/wp-json\/wp\/v2\/categories?post=641236"},{"taxonomy":"post_tag","embeddable":true,"href":"https:\/\/www.europesays.com\/fr\/wp-json\/wp\/v2\/tags?post=641236"}],"curies":[{"name":"wp","href":"https:\/\/api.w.org\/{rel}","templated":true}]}}