{"id":641245,"date":"2026-01-04T22:24:14","date_gmt":"2026-01-04T22:24:14","guid":{"rendered":"https:\/\/www.europesays.com\/fr\/641245\/"},"modified":"2026-01-04T22:24:14","modified_gmt":"2026-01-04T22:24:14","slug":"ligue-1-furieux-de-larbitrage-bruno-genesio-lentraineur-de-lille-boycotte-la-presse-apres-la-defaite-de-son-club-contre-rennes","status":"publish","type":"post","link":"https:\/\/www.europesays.com\/fr\/641245\/","title":{"rendered":"Ligue 1. Furieux de l&rsquo;arbitrage, Bruno Genesio, l&rsquo;entra\u00eeneur de Lille, boycotte la presse apr\u00e8s la d\u00e9faite de son club contre Rennes"},"content":{"rendered":"<p class=\"article__intro\">2026 a bien mal commenc\u00e9 pour Lille, battu \u00e0 domicile par Rennes (2-0) samedi 3 janvier, au stade Pierre-Mauroy, apr\u00e8s avoir pass\u00e9 plus des trois quarts du match, r\u00e9duit \u00e0 10 joueurs. Furieux de l&rsquo;arbitrage, l&rsquo;entra\u00eeneur lillois Bruno Genesio a boycott\u00e9 la conf\u00e9rence de presse apr\u00e8s le match.<\/p>\n<p>\n      L\u2019actu des r\u00e9gions\n    <\/p>\n<p>\n      Chaque jour, un tour d\u2019horizon des principales infos de toutes les r\u00e9gions.\n    <\/p>\n<p>    France T\u00e9l\u00e9visions utilise votre adresse e-mail afin de vous envoyer la newsletter \u00ab\u00a0L\u2019actu des r\u00e9gions\u00a0\u00bb. Vous pouvez vous d\u00e9sinscrire \u00e0 tout moment via le lien en bas de cette newsletter. <a target=\"_blank\" href=\"https:\/\/www.francetelevisions.fr\/groupe\/confidentialite\/politique-de-confidentialite\/politique-de-confidentialite-de-france-televisions-6503\" rel=\"noopener\">Notre politique de confidentialit\u00e9<\/a><\/p>\n<p>Visiblement ulc\u00e9r\u00e9 par l&rsquo;arbitrage, l&rsquo;entra\u00eeneur de Lille Bruno Genesio ne s&rsquo;est pas pr\u00e9sent\u00e9 en conf\u00e9rence de presse apr\u00e8s la d\u00e9faite du club nordiste \u00e0 domicile contre Rennes (2-0) samedi 3 janvier, lors de la 17e journ\u00e9e de Ligue 1.<\/p>\n<p>L&rsquo;international br\u00e9silien Alexsandro (3 s\u00e9lections) a \u00e9t\u00e9 coupable d&rsquo;une perte de balle dangereuse aux abords de sa surface de r\u00e9paration, avant de faucher Breel Embolo, qui venait de la r\u00e9cup\u00e9rer. Cela valait-il un carton rouge ? Pas selon Bruno Genesio.<\/p>\n<p>Genesio avait d\u00e9j\u00e0 fortement critiqu\u00e9 l&rsquo;arbitrage de M. Wattellier apr\u00e8s le derby perdu \u00e0 Lens (3-0) plus t\u00f4t dans la saison.<\/p>\n<p>Dans la foul\u00e9e de cette rencontre \u00e9lectrique, le Losc a annonc\u00e9 \u00e0 l&rsquo;ensemble des m\u00e9dias pr\u00e9sents en zone mixte que Bruno Genesio ne viendrait pas lors de la traditionnelle prise de parole qui suit tous les matchs de championnat, invoquant les \u00ab\u00a0raisons personnelles\u00a0\u00bb de l&rsquo;entra\u00eeneur.<\/p>\n<p>\u00c0 la mi-temps, le Lyonnais avait d\u00fb \u00eatre retenu par plusieurs joueurs alors qu&rsquo;il s&rsquo;avan\u00e7ait vers M. Wattellier. Dans la foul\u00e9e, le pr\u00e9sident du club Olivier L\u00e9tang avait interpell\u00e9 l&rsquo;arbitre : \u00ab\u00a0Vous savez ce que vous avez fait, c&rsquo;est une honte, un scandale.\u00a0\u00bb<\/p>\n<p>Une \u00e9ni\u00e8me invective contre l&rsquo;arbitrage qui n&rsquo;am\u00e9liorera pas son image aupr\u00e8s des instances dirigeantes du football. Mais cette fois, Olivier L\u00e9tang n&rsquo;est pas venu en zone mixte \u00e0 la fin du match, contrairement \u00e0 Nabil Bentaleb, seul joueur missionn\u00e9 par le club.<\/p>\n<p>Habib Beye, l&rsquo;entra\u00eeneur du Stade rennais, a regrett\u00e9 le climat tendu instaur\u00e9 par les dirigeants du Losc : \u00ab\u00a0Je pense qu&rsquo;on est rest\u00e9 calmes dans un contexte qui \u00e9tait un petit peu \u00e9lectrique. (&#8230;) Un peu \u00e0 son habitude, le pr\u00e9sident (Olivier L\u00e9tang, NDLR), a tent\u00e9 de cr\u00e9er un contexte. \u00c7a ne devrait plus jamais arriver aujourd&rsquo;hui en football. (&#8230;) Il faut aider les acteurs du jeu, qu&rsquo;ils soient footballeurs ou arbitres, et que ce type de pression qu&rsquo;on peut avoir \u00e0 la mi-temps d\u00e9stabilise tout un contexte.\u00a0\u00bb<\/p>\n<p>En tribune \u00e9galement, la rencontre fut tr\u00e8s tendue. Sanctionn\u00e9s par la Ligue de football professionnel (LFP) pour usage d&rsquo;engins pyrotechniques contre Marseille, les DVE, principal groupe d&rsquo;ultras du club nordiste, s&rsquo;\u00e9taient expatri\u00e9s juste \u00e0 c\u00f4t\u00e9 de la tribune de presse.<\/p>\n<p>Tout au long de la rencontre, ils ont entonn\u00e9 des chants haineux, parfois homophobes, envers le corps arbitral, leurs rivaux lensois, certains joueurs rennais mais aussi les journalistes.<\/p>\n<p>Malgr\u00e9 plusieurs demandes des journalistes, aucun dirigeant lillois n&rsquo;a souhait\u00e9 s&rsquo;exprimer \u00e0 ce sujet apr\u00e8s la rencontre.<\/p>\n<p>(Avec AFP)<\/p>\n","protected":false},"excerpt":{"rendered":"2026 a bien mal commenc\u00e9 pour Lille, battu \u00e0 domicile par Rennes (2-0) samedi 3 janvier, au stade&hellip;\n","protected":false},"author":2,"featured_media":641246,"comment_status":"","ping_status":"","sticky":false,"template":"","format":"standard","meta":{"footnotes":""},"categories":[2815],"tags":[1111,11,1777,674,1011,27,811,1307,12,25],"class_list":{"0":"post-641245","1":"post","2":"type-post","3":"status-publish","4":"format-standard","5":"has-post-thumbnail","7":"category-lille","8":"tag-actu","9":"tag-actualites","10":"tag-eu","11":"tag-europe","12":"tag-fr","13":"tag-france","14":"tag-hauts-de-france","15":"tag-lille","16":"tag-news","17":"tag-republique-francaise"},"share_on_mastodon":{"url":"https:\/\/pubeurope.com\/@fr\/115839176728228178","error":""},"_links":{"self":[{"href":"https:\/\/www.europesays.com\/fr\/wp-json\/wp\/v2\/posts\/641245","targetHints":{"allow":["GET"]}}],"collection":[{"href":"https:\/\/www.europesays.com\/fr\/wp-json\/wp\/v2\/posts"}],"about":[{"href":"https:\/\/www.europesays.com\/fr\/wp-json\/wp\/v2\/types\/post"}],"author":[{"embeddable":true,"href":"https:\/\/www.europesays.com\/fr\/wp-json\/wp\/v2\/users\/2"}],"replies":[{"embeddable":true,"href":"https:\/\/www.europesays.com\/fr\/wp-json\/wp\/v2\/comments?post=641245"}],"version-history":[{"count":0,"href":"https:\/\/www.europesays.com\/fr\/wp-json\/wp\/v2\/posts\/641245\/revisions"}],"wp:featuredmedia":[{"embeddable":true,"href":"https:\/\/www.europesays.com\/fr\/wp-json\/wp\/v2\/media\/641246"}],"wp:attachment":[{"href":"https:\/\/www.europesays.com\/fr\/wp-json\/wp\/v2\/media?parent=641245"}],"wp:term":[{"taxonomy":"category","embeddable":true,"href":"https:\/\/www.europesays.com\/fr\/wp-json\/wp\/v2\/categories?post=641245"},{"taxonomy":"post_tag","embeddable":true,"href":"https:\/\/www.europesays.com\/fr\/wp-json\/wp\/v2\/tags?post=641245"}],"curies":[{"name":"wp","href":"https:\/\/api.w.org\/{rel}","templated":true}]}}