{"id":641249,"date":"2026-01-04T22:27:12","date_gmt":"2026-01-04T22:27:12","guid":{"rendered":"https:\/\/www.europesays.com\/fr\/641249\/"},"modified":"2026-01-04T22:27:12","modified_gmt":"2026-01-04T22:27:12","slug":"le-c3-devie-jusqua-22-heures","status":"publish","type":"post","link":"https:\/\/www.europesays.com\/fr\/641249\/","title":{"rendered":"le C3 d\u00e9vi\u00e9 jusqu\u2019\u00e0 22 heures"},"content":{"rendered":"<p>Il y a des stationnements g\u00eanants, et il y a \u00e7a\u2026 Ce dimanche matin, vers 10 heures, un v\u00e9hicule utilitaire a semble-t-il, roul\u00e9 sur un bloc en b\u00e9ton arm\u00e9 dans l\u2019avenue Gaston Monmousseau \u00e0 Vaulx-en-Velin &#8211; principalement utilis\u00e9 durant les travaux pour prot\u00e9ger les ouvriers des automobilistes \u2013 et est rest\u00e9 bloqu\u00e9 durant plusieurs heures. Selon nos informations, le conducteur aurait \u00e9t\u00e9 \u00e9bloui par le soleil et n\u2019aurait pas vu le muret.<\/p>\n<p>Puisqu\u2019aucun bless\u00e9 n\u2019est \u00e0 d\u00e9plorer les sapeurs-pompiers n\u2019ont pas \u00e9t\u00e9 appel\u00e9s \u00e0 se rendre sur place. Le conducteur n\u2019a en revanche pas pu d\u00e9placer son v\u00e9hicule par ses propres moyens \u2013 la police municipale de Vaulx-en-Velin devrait se charger d\u2019enlever la <a href=\"https:\/\/www.leprogres.fr\/faits-divers-justice\/2025\/12\/15\/a-29-ans-le-jeune-homme-meurt-ecrase-par-une-camionnette\" target=\"_blank\" rel=\"noopener\">camionnette<\/a> dans la journ\u00e9e.<\/p>\n<p>  La ligne C3 d\u00e9vi\u00e9e sur trois arr\u00eats<\/p>\n<p>Pour \u00e9viter un sur-raccident, une partie de la voie de droite a \u00e9t\u00e9 ferm\u00e9e \u00e0 la circulation. Cette proc\u00e9dure, purement s\u00e9curitaire, n\u2019a pas eu de v\u00e9ritable impact sur le trafic de cet axe.<\/p>\n<p>On ne peut pas en dire autant des usagers du r\u00e9seau TCL puisque la ligne C3, prolongement du TB11 circulant entre la station Laurent Bonnevay et Vaulx- La Grappini\u00e8re, est d\u00e9vi\u00e9e dans les deux sens de circulation depuis 10 heures le matin. TCL annonce un retour \u00e0 la normale \u00e0 22 heures. Trois arr\u00eats ne sont ainsi plus desservis\u00a0: Vaulx HDV Campus, Grand Vire et Lesire.<\/p>\n","protected":false},"excerpt":{"rendered":"Il y a des stationnements g\u00eanants, et il y a \u00e7a\u2026 Ce dimanche matin, vers 10 heures, un&hellip;\n","protected":false},"author":2,"featured_media":641250,"comment_status":"","ping_status":"","sticky":false,"template":"","format":"standard","meta":{"footnotes":""},"categories":[1889],"tags":[119,1111,11,2430,3542,3152,1777,674,274,107,1011,27,2428,12,25,2429,2803,5070,5449],"class_list":{"0":"post-641249","1":"post","2":"type-post","3":"status-publish","4":"format-standard","5":"has-post-thumbnail","7":"category-lyon","8":"tag-accident","9":"tag-actu","10":"tag-actualites","11":"tag-auvergne-rhone-alpes","12":"tag-circulation","13":"tag-edition-est-lyonnais","14":"tag-eu","15":"tag-europe","16":"tag-faits-divers-justice","17":"tag-fil-info","18":"tag-fr","19":"tag-france","20":"tag-lyon","21":"tag-news","22":"tag-republique-francaise","23":"tag-rhone","24":"tag-transport","25":"tag-vaulx-en-velin","26":"tag-vaulx-ville"},"share_on_mastodon":{"url":"https:\/\/pubeurope.com\/@fr\/115839188578977474","error":""},"_links":{"self":[{"href":"https:\/\/www.europesays.com\/fr\/wp-json\/wp\/v2\/posts\/641249","targetHints":{"allow":["GET"]}}],"collection":[{"href":"https:\/\/www.europesays.com\/fr\/wp-json\/wp\/v2\/posts"}],"about":[{"href":"https:\/\/www.europesays.com\/fr\/wp-json\/wp\/v2\/types\/post"}],"author":[{"embeddable":true,"href":"https:\/\/www.europesays.com\/fr\/wp-json\/wp\/v2\/users\/2"}],"replies":[{"embeddable":true,"href":"https:\/\/www.europesays.com\/fr\/wp-json\/wp\/v2\/comments?post=641249"}],"version-history":[{"count":0,"href":"https:\/\/www.europesays.com\/fr\/wp-json\/wp\/v2\/posts\/641249\/revisions"}],"wp:featuredmedia":[{"embeddable":true,"href":"https:\/\/www.europesays.com\/fr\/wp-json\/wp\/v2\/media\/641250"}],"wp:attachment":[{"href":"https:\/\/www.europesays.com\/fr\/wp-json\/wp\/v2\/media?parent=641249"}],"wp:term":[{"taxonomy":"category","embeddable":true,"href":"https:\/\/www.europesays.com\/fr\/wp-json\/wp\/v2\/categories?post=641249"},{"taxonomy":"post_tag","embeddable":true,"href":"https:\/\/www.europesays.com\/fr\/wp-json\/wp\/v2\/tags?post=641249"}],"curies":[{"name":"wp","href":"https:\/\/api.w.org\/{rel}","templated":true}]}}