{"id":641251,"date":"2026-01-04T22:28:10","date_gmt":"2026-01-04T22:28:10","guid":{"rendered":"https:\/\/www.europesays.com\/fr\/641251\/"},"modified":"2026-01-04T22:28:10","modified_gmt":"2026-01-04T22:28:10","slug":"a-quoi-sattendre-ce-lundi-autour-de-lyon","status":"publish","type":"post","link":"https:\/\/www.europesays.com\/fr\/641251\/","title":{"rendered":"\u00e0 quoi s&rsquo;attendre ce lundi autour de Lyon ?"},"content":{"rendered":"<p itemprop=\"description\"><strong>C&rsquo;est le retour, comme promis, des agriculteurs en col\u00e8re.<\/strong><\/p>\n<p>Ce lundi, de nombreuses manifestations auront lieu partout en France, et l&rsquo;agglom\u00e9ration lyonnaise n&rsquo;y \u00e9chappera pas.<\/p>\n<p>C&rsquo;est une habitude, les agriculteurs rhodaniens en col\u00e8re ciblent d\u00e9sormais la M7 \u00e0 hauteur de Pierre-B\u00e9nite. C&rsquo;est l\u00e0 qu&rsquo;ils m\u00e8neront leur action peu apr\u00e8s 6h30, apr\u00e8s s&rsquo;\u00eatre r\u00e9unis \u00e0 Brignais.<\/p>\n<p>\u00ab\u00a0De tr\u00e8s fortes perturbations sont \u00e0 pr\u00e9voir sur l\u2019autoroute A7, l\u2019A450, la route M7, le r\u00e9seau secondaire\u00a0\u00bb, pr\u00e9vient d\u00e9j\u00e0 la pr\u00e9fecture du Rh\u00f4ne.<\/p>\n<p>Les d\u00e9viations suivantes seront mises en \u0153uvre via\ufffc la sortie 3 de la M7, la bretelle \u00e0 l\u2019A450 depuis l\u2019A7 ou la sortie 5 de l\u2019A450 en direction de l\u2019A7.<\/p>\n<p>Pour traverser l\u2019agglom\u00e9ration, les usagers de la route doivent privil\u00e9gier l\u2019autoroute A46.<\/p>\n<p>Les automobilistes sont appel\u00e9s \u00e0 anticiper ou \u00e0 reporter leurs d\u00e9placements dans le secteur ou \u00e0 privil\u00e9gier un autre mode de transport.<\/p>\n<p>Le blocage de la M7 est appel\u00e9 \u00e0 durer, puisque les manifestants qui d\u00e9noncent la gestion sanitaire de la dermatose nodulaire ou encore le Mercosur pr\u00e9voient d&rsquo;installer un campement sur place, afin de se relayer jour et nuit afin d&rsquo;\u00e9viter son d\u00e9mant\u00e8lement. Il y a deux ans, l&rsquo;autoroute avait ainsi \u00e9t\u00e9 totalement bloqu\u00e9e quelques jours.<\/p>\n","protected":false},"excerpt":{"rendered":"C&rsquo;est le retour, comme promis, des agriculteurs en col\u00e8re. Ce lundi, de nombreuses manifestations auront lieu partout en&hellip;\n","protected":false},"author":2,"featured_media":641252,"comment_status":"","ping_status":"","sticky":false,"template":"","format":"standard","meta":{"footnotes":""},"categories":[1889],"tags":[1111,11,2813,2190,2430,1109,251,1112,2811,1777,674,118,1011,27,1922,1110,1114,2428,2810,12,241,316,25,2812,517,800],"class_list":{"0":"post-641251","1":"post","2":"type-post","3":"status-publish","4":"format-standard","5":"has-post-thumbnail","7":"category-lyon","8":"tag-actu","9":"tag-actualites","10":"tag-article","11":"tag-asvel","12":"tag-auvergne-rhone-alpes","13":"tag-breves","14":"tag-culture","15":"tag-depeches","16":"tag-economique","17":"tag-eu","18":"tag-europe","19":"tag-faits-divers","20":"tag-fr","21":"tag-france","22":"tag-info","23":"tag-informations","24":"tag-infos","25":"tag-lyon","26":"tag-lyonmag","27":"tag-news","28":"tag-ol","29":"tag-politique","30":"tag-republique-francaise","31":"tag-sociale","32":"tag-sport","33":"tag-transports"},"share_on_mastodon":{"url":"https:\/\/pubeurope.com\/@fr\/115839192420090691","error":""},"_links":{"self":[{"href":"https:\/\/www.europesays.com\/fr\/wp-json\/wp\/v2\/posts\/641251","targetHints":{"allow":["GET"]}}],"collection":[{"href":"https:\/\/www.europesays.com\/fr\/wp-json\/wp\/v2\/posts"}],"about":[{"href":"https:\/\/www.europesays.com\/fr\/wp-json\/wp\/v2\/types\/post"}],"author":[{"embeddable":true,"href":"https:\/\/www.europesays.com\/fr\/wp-json\/wp\/v2\/users\/2"}],"replies":[{"embeddable":true,"href":"https:\/\/www.europesays.com\/fr\/wp-json\/wp\/v2\/comments?post=641251"}],"version-history":[{"count":0,"href":"https:\/\/www.europesays.com\/fr\/wp-json\/wp\/v2\/posts\/641251\/revisions"}],"wp:featuredmedia":[{"embeddable":true,"href":"https:\/\/www.europesays.com\/fr\/wp-json\/wp\/v2\/media\/641252"}],"wp:attachment":[{"href":"https:\/\/www.europesays.com\/fr\/wp-json\/wp\/v2\/media?parent=641251"}],"wp:term":[{"taxonomy":"category","embeddable":true,"href":"https:\/\/www.europesays.com\/fr\/wp-json\/wp\/v2\/categories?post=641251"},{"taxonomy":"post_tag","embeddable":true,"href":"https:\/\/www.europesays.com\/fr\/wp-json\/wp\/v2\/tags?post=641251"}],"curies":[{"name":"wp","href":"https:\/\/api.w.org\/{rel}","templated":true}]}}