{"id":641257,"date":"2026-01-04T22:32:26","date_gmt":"2026-01-04T22:32:26","guid":{"rendered":"https:\/\/www.europesays.com\/fr\/641257\/"},"modified":"2026-01-04T22:32:26","modified_gmt":"2026-01-04T22:32:26","slug":"revivez-la-courte-victoire-des-champions-deurope-dans-le-derby-parisien","status":"publish","type":"post","link":"https:\/\/www.europesays.com\/fr\/641257\/","title":{"rendered":"revivez la courte victoire des champions d\u2019Europe dans le derby parisien"},"content":{"rendered":"<p>\n    En cl\u00f4ture de la 17e journ\u00e9e de Ligue 1, le PSG a remport\u00e9 le derby de la capitale face au Paris FC (2-1). Dou\u00e9 et Demb\u00e9l\u00e9 ont inscrit les deux buts des hommes de Luis Enrique.<\/p>\n<p>\n        23:26\n            <\/p>\n<p class=\"fig-live-post__title\" role=\"heading\" aria-level=\"3\">Bonne fin de soir\u00e9e \u00e0 tous<\/p>\n<p class=\"fig-paragraph\">Merci d\u2019avoir suivi ce match en notre compagnie\u00a0! A bient\u00f4t\u00a0!<\/p>\n<p>\n        23:23\n            <\/p>\n<p class=\"fig-live-post__title\" role=\"heading\" aria-level=\"3\">Les notes du derby<\/p>\n<p class=\"fig-paragraph\">Qui a brill\u00e9, qui s\u2019est rat\u00e9\u00a0? D\u00e9couvrez les notes attribu\u00e9es par les reporters du Figaro aux joueurs apr\u00e8s ce derby remport\u00e9 par le PSG.<\/p>\n<p class=\"fig-paragraph\">Un article \u00e0 lire ici\u00a0:\u00a0<a href=\"http:\/\/www.lefigaro.fr\/sports\/football\/ligue-1\/les-notes-de-psg-paris-fc-dembele-doue-de-retour-ikone-fantomatique-et-geubbels-en-trompe-l-oeil-20260104\" data-fig-type=\"NewsFlash\" data-gtm-custom-categorie=\"navigation\" data-gtm-custom-action=\"crossclick\" data-gtm-custom-label=\"Contextuel\" data-gtm-event=\"customEventSPE\" data-fig-domain=\"LEFIGARO\" target=\"_blank\" rel=\"noopener\">Les notes de PSG-Paris FC\u00a0: Demb\u00e9l\u00e9-Dou\u00e9 de retour, Ikon\u00e9 fantomatique et Geubbels en trompe-l\u2019\u0153il<\/a><\/p>\n<p>\n        23:20\n            <\/p>\n<p class=\"fig-live-post__title\" role=\"heading\" aria-level=\"3\">Lens, le Ballon d\u2019Or&#8230; la r\u00e9action de Nuno Mendes<\/p>\n<p class=\"fig-paragraph\">\u00abC\u2019\u00e9tait un bon match. On a fait ce qu\u2019on devait faire\u00a0: avoir le ballon, contr\u00f4ler le match d\u00e8s le d\u00e9but. La victoire est parfaite pour nous.\u00a0<\/p>\n<p>(Sur Lens) \u00c7a fait du bien de voir d\u2019autres \u00e9quipes bien jouer, d\u2019essayer de gagner tous les matches. \u00c7a prouve que le football fran\u00e7ais est un grand football. Je f\u00e9licite Lens et les \u00e9quipes derri\u00e8re nous qui nous mettent la pression. On est pr\u00e9par\u00e9s pour \u00e7a.\u00a0<\/p>\n<p>(Sur le Ballon d\u2019Or) C\u2019est compliqu\u00e9 d\u2019arriver \u00e0 ce niveau. J\u2019essaye de faire mon travail sur le terrain, \u00e0 l\u2019entra\u00eenement. J\u2019essaye d\u2019\u00eatre moi-m\u00eame et de donner le maximum tous les jours. Apr\u00e8s, il manque les buts, les passes d\u00e9cisives. Je suis content d\u2019avoir aid\u00e9 l\u2019\u00e9quipe et Ousmane l\u2019ann\u00e9e derni\u00e8re.\u00bb (Ligue 1+)<\/p>\n<p>\n        23:12\n            <\/p>\n<p class=\"fig-live-post__title\" role=\"heading\" aria-level=\"3\">Photo de famille<\/p>\n<p>    Le PSG et ses six troph\u00e9es.<br \/>\n                CATHERINE STEENKESTE \/ REUTERS<\/p>\n<p>\n        23:11\n            <\/p>\n<p class=\"fig-live-post__title\" role=\"heading\" aria-level=\"3\">\u00abOn peut sortir la t\u00eate haute\u00bb, Geubbels reste positif malgr\u00e9 la d\u00e9faite du PFC<\/p>\n<p class=\"fig-paragraph\">\u00abPas beaucoup de regrets au niveau du r\u00e9sultat, mais on \u00e9tait quand m\u00eame venus pour faire quelque chose de grand. La d\u00e9faite est l\u00e0, mais on n\u2019a pas \u00e0 rougir. C\u2019est le champion d\u2019Europe. On a essay\u00e9 de jouer, on a un peu r\u00e9ussi. On a marqu\u00e9. Ici, c\u2019est une superbe ambiance, une superbe pelouse. \u00c7a reste une \u00e9quipe de haut niveau. Ils ont fait ce qu\u2019ils savaient faire de mieux. Le plaisir \u00e9tait l\u00e0, mais il faut avoir envie de faire des r\u00e9sultats. On n\u2019a pas montr\u00e9 un visage faible. On peut sortir la t\u00eate haute.\u00a0<\/p>\n<p class=\"fig-paragraph\">Je dois toujours faire mieux sur certains aspects techniques. Il y avait un bel adversaire en face en charni\u00e8re centrale. J\u2019ai fait ce que j\u2019avais \u00e0 faire, je suis tr\u00e8s content d\u2019avoir marqu\u00e9. J\u2019ai eu l\u2019habitude de tirer les penalties la saison derni\u00e8re, j\u2019en ai marqu\u00e9 un petit nombre. On a toujours un peu de pression.\u00bb (Ligue 1+)<\/p>\n<p>\n        23:00\n            <\/p>\n<p class=\"fig-live-post__title\" role=\"heading\" aria-level=\"3\">Le PSG avec ses six troph\u00e9es<\/p>\n<p class=\"fig-paragraph\">2026 a d\u00e9but\u00e9, mais le PSG f\u00eate une derni\u00e8re fois une ann\u00e9e 2025 historique. L\u2019effectif parisien pose devant les photographes, avec les six troph\u00e9es remport\u00e9s.<\/p>\n<p>\n        22:58\n            <\/p>\n<p class=\"fig-live-post__title\" role=\"heading\" aria-level=\"3\">C\u2019est la f\u00eate au Parc des Princes !<\/p>\n<p class=\"fig-paragraph\">Le match est termin\u00e9, mais la soir\u00e9e continue Porte de Saint-Cloud. Marquinhos revient sur la pelouse pour pr\u00e9senter au public le troph\u00e9e de\u00a0<a href=\"http:\/\/www.lefigaro.fr\/sports\/football\/psg-flamengo-le-quatre-a-la-suite-de-safonov-marquinhos-et-dembele-passent-au-travers-les-tops-et-les-flops-20251217\" data-fig-type=\"NewsFlash\" data-gtm-custom-categorie=\"navigation\" data-gtm-custom-action=\"crossclick\" data-gtm-custom-label=\"Contextuel\" data-gtm-event=\"customEventSPE\" data-fig-domain=\"LEFIGARO\" target=\"_blank\" rel=\"noopener\">la Coupe intercontinentale, remport\u00e9e en d\u00e9cembre dernier<\/a>. Le PSG est devenu le premier club fran\u00e7ais a remport\u00e9 cette comp\u00e9tition.<\/p>\n<p>\n        22:57\n            <\/p>\n<p class=\"fig-live-post__title\" role=\"heading\" aria-level=\"3\">Camara et les regrets du PFC<\/p>\n<p class=\"fig-paragraph\">\u00abOn a des regrets. Apr\u00e8s l\u2019\u00e9galisation, on prend ce but trop rapidement. On a \u00e9t\u00e9 solides face \u00e0 une tr\u00e8s belle \u00e9quipe. On aurait \u00e9t\u00e9 contents avec le nul.\u00bb (Ligue 1 +)<\/p>\n<p>\n        22:54\n            <\/p>\n<p class=\"fig-live-post__title\" role=\"heading\" aria-level=\"3\">\u00abC\u2019est super, on commence bien l\u2019ann\u00e9e\u00bb, Dou\u00e9 ravi apr\u00e8s la victoire du PSG<\/p>\n<p class=\"fig-paragraph\">\u00abC\u2019\u00e9tait important de gagner ce soir, on a mis les ingr\u00e9dients pour. On a fait un tr\u00e8s bon match, on a \u00e9t\u00e9 solides d\u00e9fensivement. On a pris un but, on s\u2019en veut un peu mais franchement dans l\u2019ensemble on a fait de tr\u00e8s bonnes choses. On a remport\u00e9 ce match collectivement. C\u2019est super, on commence bien l\u2019ann\u00e9e.\u00bb (Ligue 1 +)<\/p>\n<p>\n        22:48\n            <\/p>\n<p class=\"fig-live-post__title\" role=\"heading\" aria-level=\"3\">Le PSG suit le rythme de Lens<\/p>\n<p class=\"fig-paragraph\">Vainqueur sans forcer, le PSG profite de cette victoire pour revenir \u00e0 un point de Lens, leader et champion d\u2019automne. Dans l\u2019autre moiti\u00e9 du classement, le PFC reste quinzi\u00e8me, avec deux longueurs d\u2019avance sur le barragiste.<\/p>\n<p class=\"fig-paragraph\"><a href=\"https:\/\/www.lefigaro.fr\/sports\/football\/ligue-1\/classement\" target=\"_blank\" rel=\"nofollow noopener\" data-gtm-custom-categorie=\"navigation\" data-gtm-custom-action=\"crossclick\" data-gtm-custom-label=\"Contextuel\" data-gtm-event=\"customEventSPE\">Le classement complet<\/a><\/p>\n<p>        22:44<br \/>\n                                    <img   class=\"fig-img fig-live-post__picto\" alt=\"picto\"\/><\/p>\n<p class=\"fig-live-post__title\" role=\"heading\" aria-level=\"3\">LE PSG REMPORTE LE DERBY PARISIEN !<\/p>\n<p class=\"fig-paragraph\">C\u2019est termin\u00e9\u00a0! Le PSG remporte le derby de la capitale, en s\u2019imposant face au PFC (2-1). Dou\u00e9 et Demb\u00e9l\u00e9 ont su concr\u00e9tiser la sup\u00e9riorit\u00e9 de leur \u00e9quipe, alors que Geubbels avait \u00e9galis\u00e9 pour un promu vaillant. Mais trop limit\u00e9.<\/p>\n<p>\n        22:43\n            <\/p>\n<p class=\"fig-live-post__title\" role=\"heading\" aria-level=\"3\">L\u2019audacieuse frappe de Cafaro ! (2-1, 90e+5)<\/p>\n<p class=\"fig-paragraph\">Alors que les chants insultants des supporters du PSG \u00e0 l\u2019encontre de l\u2019OM fait l\u2019objet d\u2019appels du speaker, le PFC veut y croire. Cafaro tente sa chance de loin, mais il manque le cadre.<\/p>\n<p>\n        22:37\n            <\/p>\n<p class=\"fig-live-post__title\" role=\"heading\" aria-level=\"3\">Cinq minutes de temps additionnel (2-1, 90e+1)<\/p>\n<p class=\"fig-paragraph\">Ce derby parisien touche \u00e0 sa fin. Le PSG contr\u00f4le mais n\u2019est pas \u00e0 l\u2019abri d\u2019une mauvaise surprise dans ces derni\u00e8res minutes.<\/p>\n<p>        22:36<br \/>\n                                    <img   class=\"fig-img fig-live-post__picto\" alt=\"picto\"\/><\/p>\n<p class=\"fig-live-post__title\" role=\"heading\" aria-level=\"3\">Triple changement pour le PFC (2-1, 89e)<\/p>\n<p class=\"fig-paragraph\">J. Lopez, Dao et Olila remplacent Geubbels, Camara et De Smet.<\/p>\n<p>\n        22:34\n            <\/p>\n<p class=\"fig-live-post__title\" role=\"heading\" aria-level=\"3\">Pacho s\u2019interpose (2-1, 87e)<\/p>\n<p class=\"fig-paragraph\">Lanc\u00e9 par Lopez, Geubbels tente de s\u2019enfoncer dans la surface du PSG, mais Pacho s\u2019interpose encore une fois et repousse le danger.<\/p>\n<p>\n        22:31\n            <\/p>\n<p class=\"fig-live-post__title\" role=\"heading\" aria-level=\"3\">Le message du Parc des Princes (2-1, 84e)<\/p>\n<p class=\"fig-paragraph\">\u00abParis c\u2019est nous\u00a0!\u00bb.\u00a0<a href=\"http:\/\/www.lefigaro.fr\/sports\/football\/ligue-1\/paris-c-est-nous-hommage-a-gasset-psg-pfc-un-avant-match-entre-rivalite-et-emotion-20260104\" data-fig-type=\"NewsFlash\" data-gtm-custom-categorie=\"navigation\" data-gtm-custom-action=\"crossclick\" data-gtm-custom-label=\"Contextuel\" data-gtm-event=\"customEventSPE\" data-fig-domain=\"LEFIGARO\" target=\"_blank\" rel=\"noopener\">Comme durant l\u2019avant-match<\/a>, les supporters du PSG lancent un message \u00e0 leurs homologues du PFC.<\/p>\n<p>        22:29<br \/>\n                                    <img   class=\"fig-img fig-live-post__picto\" alt=\"picto\"\/><\/p>\n<p class=\"fig-live-post__title\" role=\"heading\" aria-level=\"3\">Changement pour le PSG (2-1, 83e)<\/p>\n<p class=\"fig-paragraph\">Le jeune Nsoki remplace Mayulu.<\/p>\n<p>        22:26<br \/>\n                                    <img   class=\"fig-img fig-live-post__picto\" alt=\"picto\"\/><\/p>\n<p class=\"fig-live-post__title\" role=\"heading\" aria-level=\"3\">Changement pour le PSG (2-1, 80e)<\/p>\n<p class=\"fig-paragraph\">Excellent sur son c\u00f4t\u00e9 gauche, Nuno Mendes c\u00e8de sa place \u00e0 Hernandez.<\/p>\n<p>\n        22:25\n            <\/p>\n<p class=\"fig-live-post__title\" role=\"heading\" aria-level=\"3\">Chevalier doit s\u2019employer (2-1, 78e)<\/p>\n<p class=\"fig-paragraph\">A peine entr\u00e9 en jeu, Marchetti se montre mena\u00e7ant. Son centre traverse la surface sans \u00eatre d\u00e9vi\u00e9 et oblige Chevalier \u00e0 r\u00e9aliser une belle parade devant son but.<\/p>\n<p>        22:23<br \/>\n                                    <img   class=\"fig-img fig-live-post__picto\" alt=\"picto\"\/><\/p>\n<p class=\"fig-live-post__title\" role=\"heading\" aria-level=\"3\">Changement pour le PFC (2-1, 77e)<\/p>\n<p class=\"fig-paragraph\">Gory c\u00e8de sa place \u00e0 Marchetti.<\/p>\n<p>\n        22:22\n            <\/p>\n<p class=\"fig-live-post__title\" role=\"heading\" aria-level=\"3\">Le PFC ne montre rien (2-1, 75e)<\/p>\n<p class=\"fig-paragraph\">Le but de Demb\u00e9l\u00e9 a fait tr\u00e8s mal au promu, incapable de se montrer mena\u00e7ant par la suite. L\u2019\u00e9cart n\u2019est que d\u2019un but au tableau d\u2019affichage, mais la sup\u00e9riorit\u00e9 du PSG est tr\u00e8s claire.<\/p>\n<p>\n        22:19\n            <\/p>\n<p class=\"fig-live-post__title\" role=\"heading\" aria-level=\"3\">Barcola trop brouillon (2-1, 73e)<\/p>\n<p class=\"fig-paragraph\">Parfaitement lanc\u00e9 sur le c\u00f4t\u00e9 gauche, Barcola a du temps mais il manque son centre en retrait vers Ramos. Cette action ne donne rien finalement, le PFC peut se relancer.<\/p>\n<p>        22:16<br \/>\n                                    <img   class=\"fig-img fig-live-post__picto\" alt=\"picto\"\/><\/p>\n<p class=\"fig-live-post__title\" role=\"heading\" aria-level=\"3\">Triple changement pour le PSG (2-1, 70e)<\/p>\n<p class=\"fig-paragraph\">Dou\u00e9, Demb\u00e9l\u00e9 et Zabarnyi sont remplac\u00e9s par Barcola, Ramos et Marquinhos.<\/p>\n<p>        22:14<br \/>\n                                    <img   class=\"fig-img fig-live-post__picto\" alt=\"picto\"\/><\/p>\n<p class=\"fig-live-post__title\" role=\"heading\" aria-level=\"3\">Changement pour le PFC (2-1, 68e)<\/p>\n<p class=\"fig-paragraph\">Peu en vue, Ikon\u00e9 c\u00e8de sa place \u00e0 Cafaro.<\/p>\n<p>\n        22:14\n            <\/p>\n<p class=\"fig-live-post__title\" role=\"heading\" aria-level=\"3\">Nuno Mendes bute sur Trapp ! (2-1, 67e)<\/p>\n<p class=\"fig-paragraph\">Belle occasion pour le PSG\u00a0! Lanc\u00e9 par Ruiz dans la surface, Nuno Mendes frappe en force du gauche. Trapp bouche parfaitement son angle et repousse ce tir.<\/p>\n<p>\n        22:13\n            <\/p>\n<p class=\"fig-live-post__title\" role=\"heading\" aria-level=\"3\">Le PSG veut faire le break (2-1, 65e)<\/p>\n<p class=\"fig-paragraph\">Surpris au retour des vestiaires, le PSG a parfaitement r\u00e9agi et pousse pour se mettre \u00e0 l\u2019abri dans ce derby. Le PFC est vraiment \u00e0 la peine.<\/p>\n<p>\n        22:09\n            <\/p>\n<p class=\"fig-live-post__title\" role=\"heading\" aria-level=\"3\">Camara manque le cadre (2-1, 63e)<\/p>\n<p class=\"fig-paragraph\">Geubbels provoque dans la surface mais perd son duel face \u00e0 Pacho. Le ballon revient sur Camara, dont la frappe \u00e0 mi-distance fuit tr\u00e8s nettement le cadre.<\/p>\n<p>\n        22:06\n            <\/p>\n<p class=\"fig-live-post__title\" role=\"heading\" aria-level=\"3\">M\u00e9sentente Demb\u00e9l\u00e9-Joao Neves (2-1, 60e)<\/p>\n<p class=\"fig-paragraph\">Le PSG garde la mainmise sur le jeu. Demb\u00e9l\u00e9 est servi \u00e0 droite et repique dans la surface. Il tente de servir Joao Neves, mais sa passe est donn\u00e9e dans le dos du Portugais. Le PFC se d\u00e9gage.<\/p>\n<p>\n        22:04\n            <\/p>\n<p class=\"fig-live-post__title\" role=\"heading\" aria-level=\"3\">Gory peine \u00e0 se relever (2-1, 57e)<\/p>\n<p class=\"fig-paragraph\">Gory reste au sol, apr\u00e8s un duel avec Za\u00efre-Emery. L\u2019ailier du PFC peine \u00e0 se relever, mais il va pouvoir reprendre sa place sur la pelouse.<\/p>\n<p>        22:00<br \/>\n                                    <img   class=\"fig-img fig-live-post__picto\" alt=\"picto\"\/><\/p>\n<p class=\"fig-live-post__title\" role=\"heading\" aria-level=\"3\">BUUUUUUT ! LE PSG REPREND L\u2019AVANTAGE GRACE A DEMBELE !<\/p>\n<p class=\"fig-paragraph\">Le derby s\u2019enflamme\u00a0! Les hommes de Luis Enrique reprennent imm\u00e9diatement l\u2019avantage. Demb\u00e9l\u00e9 repique dans l\u2019axe, sa frappe du gauche est d\u00e9vi\u00e9e par Mbow et prend Trapp \u00e0 contre-pied\u00a0!<\/p>\n<p>        21:57<br \/>\n                                    <img   class=\"fig-img fig-live-post__picto\" alt=\"picto\"\/><\/p>\n<p class=\"fig-live-post__title\" role=\"heading\" aria-level=\"3\">BUUUUUT ! LE PARIS FC EGALISE !<\/p>\n<p class=\"fig-paragraph\">Geubbels transforme ce penalty, face \u00e0 un Chevalier trop court\u00a0!<\/p>\n<p>        21:55<br \/>\n                                    <img   class=\"fig-img fig-live-post__picto\" alt=\"picto\"\/><\/p>\n<p class=\"fig-live-post__title\" role=\"heading\" aria-level=\"3\">Penalty pour le Paris FC ! (1-0, 49e)<\/p>\n<p class=\"fig-paragraph\">Nouveau duel entre Gory et Zabarnyi\u00a0! Cette fois, l\u2019attaquant du PFC prend le d\u00e9fenseur ukrainien de vitesse et s\u2019effondre, apr\u00e8s un contact avec le bras. C\u2019est tr\u00e8s l\u00e9ger, mais l\u2019arbitre d\u00e9signe le point de penalty. Le joueur du PSG est averti.<\/p>\n<p>\n        21:54\n            <\/p>\n<p class=\"fig-live-post__title\" role=\"heading\" aria-level=\"3\">Zabarnyi solide (1-0, 48e)<\/p>\n<p class=\"fig-paragraph\">Le PFC part en contre. Gory s\u2019enfonce dans le camp adverse, mais sa conduite de balle impr\u00e9cise permet \u00e0 Zabarnyi d\u2019intervenir et de r\u00e9cup\u00e9rer le ballon avec autorit\u00e9.<\/p>\n<p>        21:51<br \/>\n                                    <img   class=\"fig-img fig-live-post__picto\" alt=\"picto\"\/><\/p>\n<p class=\"fig-live-post__title\" role=\"heading\" aria-level=\"3\">C\u2019est reparti !<\/p>\n<p class=\"fig-paragraph\">Le PSG donne le coup d\u2019envoi de la seconde p\u00e9riode\u00a0! Pas de changement \u00e0 signaler durant la pause.<\/p>\n<p>\n        21:44\n            <\/p>\n<p class=\"fig-live-post__title\" role=\"heading\" aria-level=\"3\">Le but de Dou\u00e9 en vid\u00e9o<\/p>\n<p>\n        21:38\n            <\/p>\n<p class=\"fig-live-post__title\" role=\"heading\" aria-level=\"3\">Retour sur un avant-match tr\u00e8s anim\u00e9<\/p>\n<p class=\"fig-paragraph\">Entre les banderoles sans \u00e9quivoque sur la rivalit\u00e9 entre les deux clubs parisiens et les applaudissements du Parc des Princes pour Jean-Louis Gasset, l\u2019avant-match PSG-PFC a \u00e9t\u00e9 anim\u00e9 ce soir.<\/p>\n<p class=\"fig-paragraph\">Un article \u00e0 lire ici\u00a0:\u00a0<a href=\"http:\/\/www.lefigaro.fr\/sports\/football\/ligue-1\/deces-de-jean-louis-gasset-pourquoi-l-homme-a-la-casquette-fait-l-unanimite-au-sein-du-foot-francais-20251227\" data-fig-type=\"NewsFlash\" data-gtm-custom-categorie=\"navigation\" data-gtm-custom-action=\"crossclick\" data-gtm-custom-label=\"Contextuel\" data-gtm-event=\"customEventSPE\" data-fig-domain=\"LEFIGARO\" target=\"_blank\" rel=\"noopener\">\u00abParis c\u2019est nous\u00bb, hommage \u00e0 Gasset&#8230; PSG-PFC, un avant-match entre rivalit\u00e9 et \u00e9motion<\/a><\/p>\n<p>        21:35<br \/>\n                                    <img   class=\"fig-img fig-live-post__picto\" alt=\"picto\"\/><\/p>\n<p class=\"fig-live-post__title\" role=\"heading\" aria-level=\"3\">C\u2019est la pause (1-0, MT)<\/p>\n<p class=\"fig-paragraph\">Les deux \u00e9quipes rentrent aux vestiaires, sur le score de 1-0 en faveur du PSG\u00a0! Nettement dominateurs, les hommes de Luis Enrique ont acc\u00e9l\u00e9r\u00e9 au fil de cette premi\u00e8re p\u00e9riode. Dou\u00e9, tr\u00e8s en vue, a su concr\u00e9tiser la sup\u00e9riorit\u00e9 de son \u00e9quipe avant la pause.<\/p>\n<p>\n        21:35\n            <\/p>\n<p class=\"fig-live-post__title\" role=\"heading\" aria-level=\"3\">La t\u00eate de Pacho (1-0, 45e+3)<\/p>\n<p class=\"fig-paragraph\">Le PFC est en souffrance et conc\u00e8de une nouvelle occasion. Pacho est \u00e0 la r\u00e9ception d\u2019un centre de Dou\u00e9, mais son coup de t\u00eate passe au-dessus.<\/p>\n<p>\n        21:34\n            <\/p>\n<p class=\"fig-live-post__title\" role=\"heading\" aria-level=\"3\">Quatre minutes de temps additionnel (1-0, 45e+1)<\/p>\n<p class=\"fig-paragraph\">Le PSG continue de dominer, avec une nouvelle frappe de Dou\u00e9, repouss\u00e9e par Trapp. Le ballon revient sur Ruiz, qui manque sa frappe.<\/p>\n<p>\n        21:30\n            <\/p>\n<p class=\"fig-live-post__title\" role=\"heading\" aria-level=\"3\">BUUUUUUT ! DOUE OUVRE LE SCORE POUR LE PSG !<\/p>\n<p class=\"fig-paragraph\">Le PSG concr\u00e9tise sa domination\u00a0! Parfaitement lanc\u00e9 par Ruiz au coeur d\u2019une d\u00e9fense d\u00e9sorganis\u00e9e, Dou\u00e9 prend son temps pour avancer dans la surface et fusiller Trapp du droit\u00a0!<\/p>\n<p>\n        21:29\n            <\/p>\n<p class=\"fig-live-post__title\" role=\"heading\" aria-level=\"3\">Dou\u00e9 contr\u00e9 (0-0, 43e)<\/p>\n<p class=\"fig-paragraph\">Le PSG pousse pour concr\u00e9tiser sa domination avant la pause. Dou\u00e9 repique encore dans la surface, mais sa frappe est contr\u00e9e cette fois. Le corner qui suit ne donne rien.<\/p>\n<p>\n        21:27\n            <\/p>\n<p class=\"fig-live-post__title\" role=\"heading\" aria-level=\"3\">Mayulu manque sa frappe (0-0, 41e)<\/p>\n<p class=\"fig-paragraph\">Oh la d\u00e9viation de Demb\u00e9l\u00e9 est parfaite pour trouver Mayulu \u00e0 l\u2019entr\u00e9e de la surface, mais le jeune attaquant du PSG manque sa frappe du gauche.<\/p>\n<p>\n        21:25\n            <\/p>\n<p class=\"fig-live-post__title\" role=\"heading\" aria-level=\"3\">Dou\u00e9 ne cadre pas (0-0, 40e)<\/p>\n<p class=\"fig-paragraph\">Apr\u00e8s une superbe intervention d\u00e9fensive de Nuno Mendes, le PSG repart \u00e0 l\u2019attaque. Dou\u00e9 repique dans la surface, mais sa frappe du droit n\u2019est pas assez enroul\u00e9e et manque le cadre.<\/p>\n<p>\n        21:23\n            <\/p>\n<p class=\"fig-live-post__title\" role=\"heading\" aria-level=\"3\">Nuno Mendes toujours actif \u00e0 gauche (0-0, 37e)<\/p>\n<p>    Nuno Mendes devant Sangui.<br \/>\n                CATHERINE STEENKESTE \/ REUTERS<\/p>\n<p>\n        21:22\n            <\/p>\n<p class=\"fig-live-post__title\" role=\"heading\" aria-level=\"3\">Ruiz frappe sur Trapp (0-0, 35e)<\/p>\n<p class=\"fig-paragraph\">Demb\u00e9l\u00e9 est encore \u00e0 la man\u0153uvre et d\u00e9cale Ruiz, qui frappe \u00e0 l\u2019entr\u00e9e de la surface. Le tir rasant de l\u2019Espagnol manque d\u2019angle et arrive directement dans les gants de Trapp.<\/p>\n<p>\n        21:18\n            <\/p>\n<p class=\"fig-live-post__title\" role=\"heading\" aria-level=\"3\">Demb\u00e9l\u00e9 manque le cadre (0-0, 32e)<\/p>\n<p class=\"fig-paragraph\">Le PSG pousse\u00a0! A l\u2019entr\u00e9e de la surface, Demb\u00e9l\u00e9 r\u00e9ussit un coup du sombrero parfait pour \u00e9liminer Lopez, mais sa demi-vol\u00e9e manque ensuite nettement le cadre.<\/p>\n<p>\n        21:17\n            <\/p>\n<p class=\"fig-live-post__title\" role=\"heading\" aria-level=\"3\">Mayulu bute sur Trapp ! (0-0, 31e)<\/p>\n<p class=\"fig-paragraph\">La passe astucieuse de Demb\u00e9l\u00e9 trouve Mayulu dans la surface. Le jeune attaquant parisien s\u2019excentre sur son pied droit, sa frappe an angle ferm\u00e9 est bien repouss\u00e9e par Trapp.<\/p>\n<p>\n        21:15\n            <\/p>\n<p class=\"fig-live-post__title\" role=\"heading\" aria-level=\"3\">Nuno Mendes frappe dans le mur (0-0, 29e)<\/p>\n<p class=\"fig-paragraph\">Sur ce coup-franc excentr\u00e9, Nuno Mendes d\u00e9cide de tenter directement sa chance. C\u2019est directement dans le mur.<\/p>\n<p>\n        21:14\n            <\/p>\n<p class=\"fig-live-post__title\" role=\"heading\" aria-level=\"3\">Penalty annul\u00e9 ! (0-0, 28e)<\/p>\n<p class=\"fig-paragraph\">La vid\u00e9o intervient, la faute est bien en dehors de la surface. Coup-franc \u00e0 venir pour le PSG.<\/p>\n<p>\n        21:12\n            <\/p>\n<p class=\"fig-live-post__title\" role=\"heading\" aria-level=\"3\">Penalty pour le PSG \u00a0! (0-0, 26e)<\/p>\n<p class=\"fig-paragraph\">Dou\u00e9 percute \u00e0 l\u2019entr\u00e9e de la surface et provoque la faute d\u2019Otavio. L\u2019arbitre d\u00e9signe le point de penalty, mais le contact semble en dehors de la surface.<\/p>\n<p>\n        21:10\n            <\/p>\n<p class=\"fig-live-post__title\" role=\"heading\" aria-level=\"3\">Joao Neves impeccable (0-0, 24e)<\/p>\n<p class=\"fig-paragraph\">Apr\u00e8s une sortie de balle parfaite malgr\u00e9 le pressing du PSG, le PFC part en contre. Gory percute \u00e0 gauche et tente de faire la diff\u00e9rence dans la surface, mais il est stopp\u00e9 net par l\u2019intervention parfaite de Joao Neves.<\/p>\n<p>\n        21:08\n            <\/p>\n<p class=\"fig-live-post__title\" role=\"heading\" aria-level=\"3\">Nuno Mendes bien plac\u00e9 (0-0, 21e)<\/p>\n<p class=\"fig-paragraph\">Le PFC tente de tenir un peu plus le ballon. Au bout d\u2019une longue s\u00e9quence, Lopez allonge pour lancer Sangui \u00e0 droite, mais Nuno Mendes s\u2019\u00e9l\u00e8ve pour intercepter le ballon et casser cette offensive.<\/p>\n<p>\n        21:06\n            <\/p>\n<p class=\"fig-live-post__title\" role=\"heading\" aria-level=\"3\">Joao Neves trop brouillon ! (0-0, 19e)<\/p>\n<p class=\"fig-paragraph\">Oh l\u2019occasion g\u00e2ch\u00e9e pour le PSG\u00a0! Demb\u00e9l\u00e9 fait la diff\u00e9rence au milieu et s\u2019enfonce dans le camp adverse. Le Ballon d\u2019Or lance Joao Neves, bien plac\u00e9 dans la surface, mais qui rate sa passe en retrait vers son co\u00e9quipier. Le PFC repousse le danger.<\/p>\n<p>\n        21:01\n            <\/p>\n<p class=\"fig-live-post__title\" role=\"heading\" aria-level=\"3\">Nuno Mendes manque sa frappe (0-0, 16e)<\/p>\n<p class=\"fig-paragraph\">Face \u00e0 un bloc tr\u00e8s compact, Nuno Mendes n\u2019est pas attaqu\u00e9 et frappe de loin. Son tir du gauche manque nettement le cadre.<\/p>\n<p>\n        21:00\n            <\/p>\n<p class=\"fig-live-post__title\" role=\"heading\" aria-level=\"3\">Pacho se rattrape (0-0, 13e)<\/p>\n<p class=\"fig-paragraph\">Battu sur son premier duel avec Geubbels, Pacho se reprend et s\u2019impose \u00e0 deux reprises coup sur coup pour emp\u00eacher l\u2019attaquant du PFC de centrer dans la surface.<\/p>\n<p>\n        20:56\n            <\/p>\n<p class=\"fig-live-post__title\" role=\"heading\" aria-level=\"3\">Plus de peur que de mal pour Trapp (0-0, 11e)<\/p>\n<p class=\"fig-paragraph\">Ca devrait aller pour Trapp, qui retrouve ses esprits et se rel\u00e8ve. Le derby peut reprendre.<\/p>\n<p>\n        20:55\n            <\/p>\n<p class=\"fig-live-post__title\" role=\"heading\" aria-level=\"3\">Trapp autoritaire mais sonn\u00e9 (0-0, 9e)<\/p>\n<p class=\"fig-paragraph\">Sans d\u00e9border, Nuno Mendes distille un bon centre dans la surface. Trapp s\u2019impose \u00e0 la retomb\u00e9e pour capter le ballon, mais il se fait ensuite percuter de plein fouet par Za\u00efre-Emery, en retard. Le portier allemand reste au sol.<\/p>\n<p>\n        20:53\n            <\/p>\n<p class=\"fig-live-post__title\" role=\"heading\" aria-level=\"3\">Kolodziejczak vigilant (0-0, 7e)<\/p>\n<p class=\"fig-paragraph\">Servi par Za\u00efre-Emery, Dou\u00e9 enroule un bon centre dans la surface, mais Kolodziejczak est bien plac\u00e9 et r\u00e9ussit son d\u00e9gagement devant Demb\u00e9l\u00e9. Le PSG domine nettement.<\/p>\n<p>\n        20:51\n            <\/p>\n<p class=\"fig-live-post__title\" role=\"heading\" aria-level=\"3\">Premier corner pour le PFC (0-0, 5e)<\/p>\n<p class=\"fig-paragraph\">Il y a du rythme dans cette entame de derby. Domin\u00e9, le PFC part en contre et obtient \u00e0 son tour son premier corner. Vitinha s\u2019\u00e9l\u00e8ve au premier poteau pour repousser le danger de la t\u00eate.<\/p>\n<p>\n        20:49\n            <\/p>\n<p class=\"fig-live-post__title\" role=\"heading\" aria-level=\"3\">La frappe de Vitinha (0-0, 3e)<\/p>\n<p class=\"fig-paragraph\">Promu capitaine ce soir, Vitinha tente sa chance \u00e0 mi-distance, sa frappe flottante fuit le cadre de peu.<\/p>\n<p>\n        20:48\n            <\/p>\n<p class=\"fig-live-post__title\" role=\"heading\" aria-level=\"3\">Le PSG pousse d\u2019entr\u00e9e (0-0, 2e)<\/p>\n<p class=\"fig-paragraph\">Les hommes de Luis Enrique mettent imm\u00e9diatement le pied sur le ballon. Nuno Mendes se projette haut et obtient un premier corner, qui ne donne rien au final.<\/p>\n<p>        20:45<br \/>\n                                    <img   class=\"fig-img fig-live-post__picto\" alt=\"picto\"\/><\/p>\n<p class=\"fig-live-post__title\" role=\"heading\" aria-level=\"3\">C\u2019est parti !<\/p>\n<p class=\"fig-paragraph\">Le Paris FC donne le coup d\u2019envoi\u00a0! Bon match en notre compagnie\u00a0!<\/p>\n<p>\n        20:43\n            <\/p>\n<p class=\"fig-live-post__title\" role=\"heading\" aria-level=\"3\">Un hommage \u00e0 Jean-Louis Gasset<\/p>\n<p class=\"fig-paragraph\">Une minute d\u2019applaudissements est respect\u00e9e en hommage \u00e0 Jean-Louis Gasset, d\u00e9c\u00e9d\u00e9 en d\u00e9but de semaine.<\/p>\n<p class=\"fig-paragraph\"><a href=\"http:\/\/www.lefigaro.fr\/sports\/football\/ligue-1\/deces-de-jean-louis-gasset-pourquoi-l-homme-a-la-casquette-fait-l-unanimite-au-sein-du-foot-francais-20251227\" data-fig-type=\"NewsFlash\" data-gtm-custom-categorie=\"navigation\" data-gtm-custom-action=\"crossclick\" data-gtm-custom-label=\"Contextuel\" data-gtm-event=\"customEventSPE\" data-fig-domain=\"LEFIGARO\" target=\"_blank\" rel=\"noopener\">D\u00e9c\u00e8s de Jean-Louis Gasset\u00a0: pourquoi \u00abl\u2019homme \u00e0 la casquette\u00bb faisait l\u2019unanimit\u00e9 au sein du foot fran\u00e7ais<\/a><\/p>\n<p>\n        20:40\n            <\/p>\n<p class=\"fig-live-post__title\" role=\"heading\" aria-level=\"3\">Le coup d\u2019envoi est imminent<\/p>\n<p class=\"fig-paragraph\">Les deux \u00e9quipes p\u00e9n\u00e8trent sur la pelouse du Parc des Princes, dans une grosse ambiance malgr\u00e9 le froid glacial. A noter que ce derby sera arbitr\u00e9 par Beno\u00eet Bastien.<\/p>\n<p>\n        20:38\n            <\/p>\n<p class=\"fig-live-post__title\" role=\"heading\" aria-level=\"3\">Le PSG sans piti\u00e9 pour les promus<\/p>\n<p class=\"fig-paragraph\">Le PSG n\u2019a perdu aucune de ses 38 derni\u00e8res r\u00e9ceptions d\u2019un promu en Ligue 1 (34 victoires et 4 nuls), depuis un revers contre Montpellier le 15 mai 2010 (1-3). (Opta)<\/p>\n<p>\n        20:29\n            <\/p>\n<p class=\"fig-live-post__title\" role=\"heading\" aria-level=\"3\">Echauffement en cours, Vitinha tr\u00e8s concentr\u00e9<\/p>\n<p>    Vitinha \u00e0 l\u2019\u00e9chauffement.<br \/>\n                CATHERINE STEENKESTE \/ REUTERS<\/p>\n<p>\n        20:27\n            <\/p>\n<p class=\"fig-live-post__title\" role=\"heading\" aria-level=\"3\">PSG-Paris FC, une histoire pas ordinaire<\/p>\n<p class=\"fig-paragraph\">D\u00e9s\u00e9quilibr\u00e9 mais tr\u00e8s attendu, ce derby parisien met aux prises deux clubs qui n\u2019ont fait qu\u2019un entre 1970 et 1972.<\/p>\n<p class=\"fig-paragraph\">Un r\u00e9cit \u00e0 lire ici\u00a0:\u00a0<a href=\"http:\/\/www.lefigaro.fr\/sports\/football\/ligue-1\/paris-sg-paris-fc-quand-les-deux-clubs-ne-faisaient-qu-un-avant-de-divorcer-20260102\" data-fig-type=\"NewsFlash\" data-gtm-custom-categorie=\"navigation\" data-gtm-custom-action=\"crossclick\" data-gtm-custom-label=\"Contextuel\" data-gtm-event=\"customEventSPE\" data-fig-domain=\"LEFIGARO\" target=\"_blank\" rel=\"noopener\">PSG-Paris FC, quand les deux clubs ne faisaient qu\u2019un&#8230; avant de divorcer<\/a><\/p>\n<p>\n        20:21\n            <\/p>\n<p class=\"fig-live-post__title\" role=\"heading\" aria-level=\"3\">Le PSG, une d\u00e9fense de fer \u00e0 domicile<\/p>\n<p class=\"fig-paragraph\">Le PSG a rendu une clean sheet lors de six de ses sept matchs \u00e0 domicile en Ligue 1 cette saison, autant que lors de ses 30 pr\u00e9c\u00e9dentes r\u00e9ceptions. (Opta)<\/p>\n<p>\n        20:17\n            <\/p>\n<p class=\"fig-live-post__title\" role=\"heading\" aria-level=\"3\">La compo du Paris FC : Trapp \u00a0retrouve le Parc des Princes<\/p>\n<p class=\"fig-paragraph\">Tr\u00e8s diminu\u00e9 par les absences, dont celles de cinq joueurs engag\u00e9s \u00e0 la CAN (Chergui, Traor\u00e9, Kebbal, Krasso et Simon),<a href=\"http:\/\/www.lefigaro.fr\/sports\/football\/ligue-1\/ligue-1-le-psg-avec-chevalier-et-dembele-trapp-dans-les-buts-du-paris-fc-pour-le-derby-20260104\" data-fig-type=\"NewsFlash\" data-gtm-custom-categorie=\"navigation\" data-gtm-custom-action=\"crossclick\" data-gtm-custom-label=\"Contextuel\" data-gtm-event=\"customEventSPE\" data-fig-domain=\"LEFIGARO\" target=\"_blank\" rel=\"noopener\">\u00a0le PFC va \u00e9voluer avec une d\u00e9fense renforc\u00e9e<\/a>. Kolodziejczak int\u00e8gre la charni\u00e8re centrale, alors que Sangui d\u00e9panne au poste de lat\u00e9ral droit. Ikon\u00e9 est titulaire devant, aux c\u00f4t\u00e9s de Geubbels. Trapp est \u00e9galement pr\u00e9sent dans la cage, face \u00e0 son ancien club.<\/p>\n<p class=\"fig-paragraph\">Le onze du Paris FC\u00a0: Trapp \u2013 Sangui, Mbow, Otavio, Kolodziejczak, De Smet \u2013 Gory, Camara, Lopez (cap.) \u2013 Geubbels, Ikon\u00e9<\/p>\n<p>\n        20:11\n            <\/p>\n<p class=\"fig-live-post__title\" role=\"heading\" aria-level=\"3\">La compo du PSG : Chevalier de retour, Demb\u00e9l\u00e9 titulaire<\/p>\n<p class=\"fig-paragraph\">Apr\u00e8s l\u2019int\u00e9rim r\u00e9ussi de Safonov en d\u00e9cembre,\u00a0<a href=\"http:\/\/www.lefigaro.fr\/sports\/football\/ligue-1\/ligue-1-le-psg-avec-chevalier-et-dembele-trapp-dans-les-buts-du-paris-fc-pour-le-derby-20260104\" data-fig-type=\"NewsFlash\" data-gtm-custom-categorie=\"navigation\" data-gtm-custom-action=\"crossclick\" data-gtm-custom-label=\"Contextuel\" data-gtm-event=\"customEventSPE\" data-fig-domain=\"LEFIGARO\" target=\"_blank\" rel=\"noopener\">Chevalier fait son retour ce soir dans la cage parisienne<\/a>. Zabarnyi est pr\u00e9f\u00e9r\u00e9 \u00e0 Marquinhos en charni\u00e8re centrale, alors que Mayulu est associ\u00e9 \u00e0 Dou\u00e9 et Demb\u00e9l\u00e9 en attaque. Barcola et Kvara d\u00e9butent sur le banc.<\/p>\n<p class=\"fig-paragraph\">Le onze du PSG\u00a0: Chevalier \u2013 Za\u00efre-Emery, Zabarnyi, Pacho, Mendes \u2013 Neves, Vitinha, Ruiz \u2013 Demb\u00e9l\u00e9, Mayulu, Dou\u00e9<\/p>\n<p>\n        20:05\n            <\/p>\n<p class=\"fig-live-post__title\" role=\"heading\" aria-level=\"3\">Un derby historique, le PSG veut suivre le rythme de Lens<\/p>\n<p class=\"fig-paragraph\">La fin d\u2019une anomalie. Pour la premi\u00e8re fois depuis pr\u00e8s de 50 ans, les deux clubs parisiens vont s\u2019affronter au sein de l\u2019\u00e9lite du football fran\u00e7ais. Plusieurs mondes d\u2019\u00e9cart s\u00e9parent toutefois les deux voisins, entre les champions d\u2019Europe en titre et l\u2019ambitieux promu. En haut du classement, le PSG compte quatre points de retard sur le surprenant leader lensois, et doit imp\u00e9rativement s\u2019imposer pour suivre le rythme. Dans l\u2019autre moiti\u00e9 de tableau, le PFC stagne dangereusement \u00e0 la 15e place. Avec une victoire en neuf matches et seulement quatre petits points d\u2019avance sur les rel\u00e9gables (Auxerre et Metz).<\/p>\n<p class=\"fig-paragraph\"><a href=\"http:\/\/www.lefigaro.fr\/sports\/football\/ligue-1\/ligue-1-psg-paris-fc-un-derby-en-forme-de-grand-ecart-20260103\" data-fig-type=\"NewsFlash\" data-gtm-custom-categorie=\"navigation\" data-gtm-custom-action=\"crossclick\" data-gtm-custom-label=\"Contextuel\" data-gtm-event=\"customEventSPE\" data-fig-domain=\"LEFIGARO\" target=\"_blank\" rel=\"noopener\">Ligue 1\u00a0: PSG-Paris FC, un derby en forme de grand \u00e9cart<\/a><\/p>\n<p>\n        20:00\n            <\/p>\n<p class=\"fig-live-post__title\" role=\"heading\" aria-level=\"3\">Bonsoir \u00e0 tous<\/p>\n<p class=\"fig-paragraph\">Bienvenue sur le LIVE du derby PSG-Paris FC, match de cl\u00f4ture de la 17e journ\u00e9e de Ligue 1. Coup d\u2019envoi \u00e0 20h45.<\/p>\n<p>                Les publications appara\u00eetront ici<\/p>\n<p>            Fermer<\/p>\n","protected":false},"excerpt":{"rendered":"En cl\u00f4ture de la 17e journ\u00e9e de Ligue 1, le PSG a remport\u00e9 le derby de la capitale&hellip;\n","protected":false},"author":2,"featured_media":641258,"comment_status":"","ping_status":"","sticky":false,"template":"","format":"standard","meta":{"footnotes":""},"categories":[1888],"tags":[1111,1928,11,1927,525,1981,814,1777,674,2257,63,1011,27,3309,66,1307,955,12,1926,1176,978,626,445,1925,92,93,25,1980],"class_list":{"0":"post-641257","1":"post","2":"type-post","3":"status-publish","4":"format-standard","5":"has-post-thumbnail","7":"category-paris","8":"tag-actu","9":"tag-actu-paris","10":"tag-actualites","11":"tag-actualites-paris","12":"tag-calendrier","13":"tag-classement","14":"tag-direct","15":"tag-eu","16":"tag-europe","17":"tag-foot","18":"tag-football","19":"tag-fr","20":"tag-france","21":"tag-l1","22":"tag-ligue-1","23":"tag-lille","24":"tag-match","25":"tag-news","26":"tag-news-paris","27":"tag-olympique-de-marseille","28":"tag-olympique-lyonnais","29":"tag-paris","30":"tag-paris-fc","31":"tag-paris-news","32":"tag-paris-sg","33":"tag-psg","34":"tag-republique-francaise","35":"tag-resultats"},"share_on_mastodon":{"url":"https:\/\/pubeurope.com\/@fr\/115839208285345648","error":""},"_links":{"self":[{"href":"https:\/\/www.europesays.com\/fr\/wp-json\/wp\/v2\/posts\/641257","targetHints":{"allow":["GET"]}}],"collection":[{"href":"https:\/\/www.europesays.com\/fr\/wp-json\/wp\/v2\/posts"}],"about":[{"href":"https:\/\/www.europesays.com\/fr\/wp-json\/wp\/v2\/types\/post"}],"author":[{"embeddable":true,"href":"https:\/\/www.europesays.com\/fr\/wp-json\/wp\/v2\/users\/2"}],"replies":[{"embeddable":true,"href":"https:\/\/www.europesays.com\/fr\/wp-json\/wp\/v2\/comments?post=641257"}],"version-history":[{"count":0,"href":"https:\/\/www.europesays.com\/fr\/wp-json\/wp\/v2\/posts\/641257\/revisions"}],"wp:featuredmedia":[{"embeddable":true,"href":"https:\/\/www.europesays.com\/fr\/wp-json\/wp\/v2\/media\/641258"}],"wp:attachment":[{"href":"https:\/\/www.europesays.com\/fr\/wp-json\/wp\/v2\/media?parent=641257"}],"wp:term":[{"taxonomy":"category","embeddable":true,"href":"https:\/\/www.europesays.com\/fr\/wp-json\/wp\/v2\/categories?post=641257"},{"taxonomy":"post_tag","embeddable":true,"href":"https:\/\/www.europesays.com\/fr\/wp-json\/wp\/v2\/tags?post=641257"}],"curies":[{"name":"wp","href":"https:\/\/api.w.org\/{rel}","templated":true}]}}