{"id":641261,"date":"2026-01-04T22:34:11","date_gmt":"2026-01-04T22:34:11","guid":{"rendered":"https:\/\/www.europesays.com\/fr\/641261\/"},"modified":"2026-01-04T22:34:11","modified_gmt":"2026-01-04T22:34:11","slug":"paris-fc-un-psg-serein-soffre-le-derby-parisien-le-resume","status":"publish","type":"post","link":"https:\/\/www.europesays.com\/fr\/641261\/","title":{"rendered":"Paris FC\u00a0: un PSG serein s&rsquo;offre le derby parisien, le r\u00e9sum\u00e9"},"content":{"rendered":"<p><a name=\"post1767563995\"\/>22:59 &#8211; Bonne fin de soir\u00e9e \u00e0 tous et \u00e0 toutes !<\/p>\n<p>Merci \u00e0 vous d&rsquo;avoir suivi ce derby avec nous, on se retrouve tr\u00e8s bient\u00f4t sur notre site pur d&rsquo;autres \u00e9ch\u00e9ances.\u00a0<\/p>\n<p><a name=\"post1767563820\"\/>22:57 &#8211; Une c\u00e9r\u00e9monie tr\u00e8s sobre<\/p>\n<p>Les joueurs du PSG et le staff ne sont pas rest\u00e9s tr\u00e8s longtemps sur la pelouse pour pr\u00e9senter les 6 troph\u00e9es. Le froid glacial y est pour beaucoup.<\/p>\n<p><a name=\"post1767563725\"\/>22:55 &#8211; Le r\u00e9sum\u00e9, le PSG commence bien l&rsquo;ann\u00e9e<\/p>\n<p>Le premier derby parisien disput\u00e9 dans l\u2019\u00e9lite depuis 36 ans n\u2019a finalement pas accouch\u00e9 d\u2019un suspense haletant. Longtemps tenu en \u00e9chec par un <a href=\"https:\/\/www.linternaute.fr\/sport\/foot\/competitions\/paris-fc\/\" title=\"Paris FC\" target=\"_blank\" rel=\"noopener\">Paris FC<\/a> disciplin\u00e9 mais trop timide offensivement, le Paris Saint-Germain a d\u00fb patienter jusqu\u2019aux abords de la pause pour faire sauter le verrou adverse. Sur une perte de balle d\u2019Ikon\u00e9, Fabian Ruiz a d\u00e9livr\u00e9 une offrande parfaite \u00e0 D\u00e9sir\u00e9 Dou\u00e9, dont la frappe imparable est venue se loger hors de port\u00e9e de Trapp (43e, 1-0). Une ouverture du score logique tant l\u2019opposition propos\u00e9e par le promu semblait insuffisante pour rivaliser durablement avec les champions de France. Esseul\u00e9 \u00e0 la pointe de l\u2019attaque, William Guebbels n\u2019a jamais r\u00e9ellement b\u00e9n\u00e9fici\u00e9 du soutien n\u00e9cessaire, tandis que le dispositif en 5-4-1 impos\u00e9 par le Paris FC contraignait les hommes de St\u00e9phane Gilli \u00e0 \u00e9voluer tr\u00e8s bas, avec deux blocs d\u00e9fensifs resserr\u00e9s.<\/p>\n<p>Si le PSG n\u2019a pas multipli\u00e9 les occasions franches au cours du premier acte, seules une frappe cadr\u00e9e de Mayulu (31e) puis une tentative de Fabian Ruiz (36e) \u00e9tant \u00e0 signaler, D\u00e9sir\u00e9 Dou\u00e9 s\u2019est montr\u00e9 particuli\u00e8rement inspir\u00e9. Par ses prises de balle et ses dribbles d\u00e9routants, l\u2019ancien Rennais a r\u00e9guli\u00e8rement sem\u00e9 le trouble dans la d\u00e9fense adverse. Dans le temps additionnel de la premi\u00e8re p\u00e9riode, il a m\u00eame failli s\u2019offrir un doubl\u00e9 sur une frappe excentr\u00e9e, mais Kevin Trapp, ancien gardien parisien, s\u2019est montr\u00e9 vigilant (45e+2).<\/p>\n<p>Un grain de sable est toutefois venu perturber la m\u00e9canique parisienne au retour des vestiaires. Une faute de Zabarnyi sur Gorry a offert un penalty au Paris FC, que William Geubbels a transform\u00e9 avec sang-froid pour remettre les deux \u00e9quipes \u00e0 \u00e9galit\u00e9 (51e, 1-1). Une \u00e9galisation de courte dur\u00e9e, puisque deux minutes plus tard, Ousmane Demb\u00e9l\u00e9 a rapidement remis le PSG sur les rails. \u00c0 l\u2019issue d\u2019un contre parfaitement men\u00e9, l\u2019ailier parisien a enroul\u00e9 une frappe d\u00e9vi\u00e9e par Otavio, qui a termin\u00e9 sa course au fond des filets (53e, 2-1).<\/p>\n<p>La derni\u00e8re demi-heure a ensuite vu le PSG g\u00e9rer son avance avec ma\u00eetrise, levant quelque peu le pied sans pour autant conc\u00e9der le contr\u00f4le du match. Hormis une frappe cadr\u00e9e de Nuno Mendes (67e), les Parisiens n\u2019ont pas cherch\u00e9 \u00e0 forcer encore une fois le verrou. \u00c0 l\u2019inverse, le Paris FC a cru pouvoir arracher l\u2019\u00e9galisation sur une double occasion,\u00a0une frappe cadr\u00e9e de Geubbels suivie d\u2019une vol\u00e9e trop \u00e9cras\u00e9e de Marchetti (77e). \u00c0 chaque fois, Lucas Chevalier s\u2019est interpos\u00e9 avec autorit\u00e9 sur sa ligne.<\/p>\n<p>Dans cette fra\u00eeche soir\u00e9e parisienne, marqu\u00e9e par une temp\u00e9rature de \u20131 \u00b0C au coup d\u2019envoi, on retiendra \u00e9galement la premi\u00e8re apparition en <a href=\"https:\/\/www.linternaute.com\/sport\/competitions\/8420771-ligue-1-lens-champion-d-automne-resultats-et-classement\/\" title=\"Championnat de France de football\" target=\"_blank\" rel=\"noopener\">Ligue 1<\/a> du jeune Noah Nsoki, 18 ans, entr\u00e9 en jeu \u00e0 sept minutes du terme. Gr\u00e2ce \u00e0 ce succ\u00e8s lors de la derni\u00e8re rencontre de la 17e journ\u00e9e, le PSG, toujours deuxi\u00e8me, revient \u00e0 un point du RC Lens (39 points contre 40). De son c\u00f4t\u00e9, le Paris FC, auteur d\u2019une prestation globalement encourageante malgr\u00e9 la d\u00e9faite, demeure 15e du classement avec 16 points, soit deux longueurs d\u2019avance sur le FC Nantes, actuel barragiste.<\/p>\n<p><a name=\"post1767563477\"\/>22:51 &#8211; Quelques mots de l&rsquo;homme du match<\/p>\n<p>D\u00e9sir\u00e9 Dou\u00e9 a laiss\u00e9 ses impressions au micro de Ligue 1+ \u00ab\u00a0C&rsquo;est important de gagner ce soir. On a mis les ingr\u00e9dients qu&rsquo;il faut pour gagner, m\u00eame si on a pris un but. On s&rsquo;en veut un peu. Mais collectivement on a montr\u00e9 de tr\u00e8s bonnes choses\u00a0\u00bb<\/p>\n<blockquote class=\"twitter-tweet\"><p>&#13;<\/p>\n<p dir=\"ltr\" lang=\"fr\">???????? D\u00e9sir\u00e9 Dou\u00e9 (GOLDEN BOY): \u00ab\u00a0C&rsquo;\u00e9tait important de gagner ce soir, on a mis les ingr\u00e9dients pour. On a pris un but et on s&rsquo;en veut un peu.\u00a0\u00bb <a href=\"https:\/\/t.co\/9FCGKA198T\">pic.twitter.com\/9FCGKA198T<\/a><\/p>\n<p>&#13;<br \/>\n\u2014 MEGA PSG ???????? (@MegaPSG_) <a href=\"https:\/\/twitter.com\/MegaPSG_\/status\/2007933174588883258?ref_src=twsrc%5Etfw\" target=\"_blank\" rel=\"noopener\">January 4, 2026<\/a><\/p><\/blockquote>\n<p>&#13;<\/p>\n<p><a name=\"post1767563421\"\/>22:50 &#8211; Une c\u00e9r\u00e9monie pour f\u00eater les 6 titres<\/p>\n<p>Une c\u00e9r\u00e9monie est pr\u00e9vue dans quelques minutes pour pr\u00e9senter les 6 troph\u00e9es de l&rsquo;ann\u00e9e 2025\u00a0au public parisien.<\/p>\n<p><a name=\"post1767563062\"\/>22:44 &#8211; LE PSG S&rsquo;OFFRE LE DERBY (2-1)<\/p>\n<p>Victoire \u00e9triqu\u00e9e mais avec beaucoup de ma\u00eetrise du PSG dans ce derby parisien face au Paris FC (2-1). Malgr\u00e9 quelques alertes sur leur but en seconde p\u00e9riode, les hommes de Luis Enrique ont largement domin\u00e9 la rencontre. Dou\u00e9 et Dembel\u00e9 ont renouer avec la joie du buteur et ont permis au PSG de revenir \u00e0 un point de Lens au classement<\/p>\n<p><a name=\"post1767562878\"\/>22:41 &#8211; 90e+4&prime; &#8211; des chants discriminatoires<\/p>\n<p>Benoit Bastien arr\u00eate le jeu apr\u00e8s quelques chants discriminatoires dans les trav\u00e9es du Parc<\/p>\n<p><a name=\"post1767562633\"\/>22:37 &#8211; 90e+1&prime; &#8211; Cinq minutes du temps additionnel<\/p>\n<p>Il y aura cinq minutes du temps additionnel dans cette seconde mi-temps entre le Paris SG et le Paris FC<\/p>\n<p><a name=\"post1767562633\"\/>22:37 &#8211; 90e+1&prime; &#8211; Cinq minutes du temps additionnel<\/p>\n<p>Il y aura cinq minutes du temps additionnel dans cette seconde mi-temps entre le Paris SG et le Paris FC<\/p>\n<p><a name=\"post1767562557\"\/>22:35 &#8211; 90&prime; &#8211; derniers changements de Paris FC<\/p>\n<p>St\u00e9phane Gilli tente le tout pour le tout pour aller chercher une \u00e9galisation, sorties de Geubells, Camara et De Smet entr\u00e9es de Julien Lopez, Dao et Olila<\/p>\n<p><a name=\"post1767562398\"\/>22:33 &#8211; 87&prime; &#8211; Pacho encore imp\u00e9rial<\/p>\n<p>Tr\u00e8s bonne couverture de Pacho devant Guebbels dans la surface parisienne, le d\u00e9fenseur d\u00e9gage sans trembler le ballon en touche<\/p>\n<p><a name=\"post1767562190\"\/>22:29 &#8211; 83&prime; &#8211; Une premi\u00e8re pour Nsoki<\/p>\n<p>Le jeune Noah Nsoki (18 ans) fait sa premi\u00e8re apparition en Ligue 1, il remplace Mayulu<\/p>\n<p><a name=\"post1767562050\"\/>22:27 &#8211; 81&prime; &#8211; Les Ultras parisiens donnent de la voix<\/p>\n<p>Les supporteurs parisiens multiplient les chants pour pousser le PSG a chercher le break mais aussi pour se r\u00e9chauffer un peu dans ce froid glacial qui s&rsquo;est abattu sur Paris ce soir<\/p>\n<p><a name=\"post1767561815\"\/>22:23 &#8211; 77&prime; &#8211; Chevalier pr\u00e9cieux<\/p>\n<p>Apr\u00e8s un superbe d\u00e9viation sur une frappe cadr\u00e9e de Guebbels, Chevalier se rel\u00e8ve vite pour capter la vol\u00e9e de Marchetti. L&rsquo;ancien lillois a enfin pu chauffer ses gants<\/p>\n<p><a name=\"post1767561767\"\/>22:22 &#8211; 77&prime; &#8211; Changement chez le PFC<\/p>\n<p>Sortie du Gorry, assez int\u00e9r\u00e9ssant en seconde p\u00e9riode et entr\u00e9e de Marchetti<\/p>\n<p><a name=\"post1767561630\"\/>22:20 &#8211; Grosse ma\u00eetrise parisienne<\/p>\n<p>Les hommes de Luis Enrique font tourner le ballon avec beaucoup de permutations entre ses joueurs offensifs et obligent encore une fois le PFC de jouer tr\u00e8s bas en d\u00e9fense<\/p>\n<p><a name=\"post1767561359\"\/>22:15 &#8211; 70&prime; &#8211; Triple changement parisien<\/p>\n<p>Luis Enrique fait tourner son \u00e9quipe pour ces vingt derni\u00e8res minutes, sortie de Marquinhos, Dou\u00e9 et Dembel\u00e9 et entr\u00e9es de Zabarnyi, Barcola et Gon\u00e7alo Ramos<\/p>\n<p><a name=\"post1767561259\"\/>22:14 &#8211; 68&prime; &#8211; Ikon\u00e9 laisse sa place<\/p>\n<p>L&rsquo;ancien joueur de Lille et Fiorentina laisse sa place \u00e0 Cafaro<\/p>\n<p><a name=\"post1767561208\"\/>22:13 &#8211; 67&prime; &#8211; Frappe cadr\u00e9e de Nuno Mendes<\/p>\n<p>Le portugais s&rsquo;infiltre dans la surface parisienne et parvient \u00e0 cadrer son tir mais Trapp est encore une fois sur la trajectoire<\/p>\n<p><a name=\"post1767560954\"\/>22:09 &#8211; 63&prime; &#8211; Camara se pr\u00e9cipite<\/p>\n<p>Enfin une frappe de loin de PSG, elle est l&rsquo;oeuvre d&rsquo;Adama Camara, mais le ballon passe largement au dessus du cadre<\/p>\n<p><script async src=\"https:\/\/platform.twitter.com\/widgets.js\" charset=\"utf-8\"><\/script><\/p>\n","protected":false},"excerpt":{"rendered":"22:59 &#8211; Bonne fin de soir\u00e9e \u00e0 tous et \u00e0 toutes ! Merci \u00e0 vous d&rsquo;avoir suivi ce&hellip;\n","protected":false},"author":2,"featured_media":641262,"comment_status":"","ping_status":"","sticky":false,"template":"","format":"standard","meta":{"footnotes":""},"categories":[1888],"tags":[11,70538,74783,51761,1777,674,2257,51763,1011,27,66,12,51767,626,445,93,25],"class_list":{"0":"post-641261","1":"post","2":"type-post","3":"status-publish","4":"format-standard","5":"has-post-thumbnail","7":"category-paris","8":"tag-actualites","9":"tag-can-2025","10":"tag-cms-linternaute-9563132","11":"tag-controller-content","12":"tag-eu","13":"tag-europe","14":"tag-foot","15":"tag-format-papier","16":"tag-fr","17":"tag-france","18":"tag-ligue-1","19":"tag-news","20":"tag-parallaxeinfeed","21":"tag-paris","22":"tag-paris-fc","23":"tag-psg","24":"tag-republique-francaise"},"share_on_mastodon":{"url":"https:\/\/pubeurope.com\/@fr\/115839216080512566","error":""},"_links":{"self":[{"href":"https:\/\/www.europesays.com\/fr\/wp-json\/wp\/v2\/posts\/641261","targetHints":{"allow":["GET"]}}],"collection":[{"href":"https:\/\/www.europesays.com\/fr\/wp-json\/wp\/v2\/posts"}],"about":[{"href":"https:\/\/www.europesays.com\/fr\/wp-json\/wp\/v2\/types\/post"}],"author":[{"embeddable":true,"href":"https:\/\/www.europesays.com\/fr\/wp-json\/wp\/v2\/users\/2"}],"replies":[{"embeddable":true,"href":"https:\/\/www.europesays.com\/fr\/wp-json\/wp\/v2\/comments?post=641261"}],"version-history":[{"count":0,"href":"https:\/\/www.europesays.com\/fr\/wp-json\/wp\/v2\/posts\/641261\/revisions"}],"wp:featuredmedia":[{"embeddable":true,"href":"https:\/\/www.europesays.com\/fr\/wp-json\/wp\/v2\/media\/641262"}],"wp:attachment":[{"href":"https:\/\/www.europesays.com\/fr\/wp-json\/wp\/v2\/media?parent=641261"}],"wp:term":[{"taxonomy":"category","embeddable":true,"href":"https:\/\/www.europesays.com\/fr\/wp-json\/wp\/v2\/categories?post=641261"},{"taxonomy":"post_tag","embeddable":true,"href":"https:\/\/www.europesays.com\/fr\/wp-json\/wp\/v2\/tags?post=641261"}],"curies":[{"name":"wp","href":"https:\/\/api.w.org\/{rel}","templated":true}]}}