{"id":641265,"date":"2026-01-04T22:36:11","date_gmt":"2026-01-04T22:36:11","guid":{"rendered":"https:\/\/www.europesays.com\/fr\/641265\/"},"modified":"2026-01-04T22:36:11","modified_gmt":"2026-01-04T22:36:11","slug":"chaos-ukrainiens-de-lindependance-en-1991-au-choc-de-fevrier-2022","status":"publish","type":"post","link":"https:\/\/www.europesays.com\/fr\/641265\/","title":{"rendered":"Chaos ukrainiens, de l\u2019ind\u00e9pendance en 1991 au choc de f\u00e9vrier 2022"},"content":{"rendered":"<p>A l&rsquo;occasion du bicentenaire du Journal de Gen\u00e8ve, ce contenu vous est propos\u00e9 en acc\u00e8s libre. Si\u00a0 vous souhaitez soutenir un journalisme de qualit\u00e9, abonnez-vous et profitez, jusqu&rsquo;au 7 janvier, de notre offre sp\u00e9ciale sans engagement <a href=\"https:\/\/www.letemps.ch\/abonnements\/offre-speciale?utm_source=lt&amp;utm_medium=sommaire&amp;utm_campaign=booster2025\" rel=\"nofollow noopener\" target=\"_blank\">pour seulement 1 fr.\/ mois<\/a>.<\/p>\n<p>L\u2019Ukraine c\u00e9l\u00e8bre <a href=\"https:\/\/www.letemps.ch\/monde\/lukraine-divorce-lurss?\" rel=\"nofollow noopener\" target=\"_blank\">le 24\u00a0ao\u00fbt 2011<\/a> le 20e\u00a0anniversaire de son ind\u00e9pendance de l\u2019URSS. Son pr\u00e9sident, Viktor Ianoukovitch, prononce alors un discours \u00e0 Kiev. La politique chaotique des leaders ukrainiens et leurs disputes incessantes ont favoris\u00e9 son \u00e9lection en f\u00e9vrier 2010. Il a renonc\u00e9 \u00e0 l\u2019adh\u00e9sion du pays \u00e0 l\u2019OTAN, mais souhaite rejoindre l\u2019UE.<\/p>\n<p>C\u2019est le deuxi\u00e8me pas vers cette \u00e9mancipation entam\u00e9e dans la liesse populaire deux d\u00e9cennies plus t\u00f4t. Mais \u00e0 cette \u00e9poque-l\u00e0, Mikha\u00efl Gorbatchev vient d\u2019\u00e9chapper \u00e0 un coup d\u2019Etat des conservateurs, o\u00f9 l\u2019Ukraine a jou\u00e9 un r\u00f4le capital. Le lit du pouvoir, \u00e0 Moscou, commence \u00e0 \u00eatre trop \u00e9troit pour deux, l\u2019artisan de la perestro\u00efka et Boris Eltsine, comme le racontent les archives historiques du Temps, dans <a href=\"https:\/\/www.letempsarchives.ch\/page\/JDG_1991_08_21\/1\" rel=\"nofollow noopener\" target=\"_blank\">le Journal de Gen\u00e8ve des 21<\/a> et <a href=\"https:\/\/www.letempsarchives.ch\/page\/JDG_1991_08_28\/2\" rel=\"nofollow noopener\" target=\"_blank\">28\u00a0ao\u00fbt 1991<\/a>.<\/p>\n<p>Aussi, <a href=\"https:\/\/www.letemps.ch\/pdf\/164a9464-1c61-4d36-a2fb-44022fcb93b7\" rel=\"nofollow noopener\" target=\"_blank\">le 23\u00a0f\u00e9vrier 2022<\/a>, \u00e0 l\u2019aube de l\u2019invasion du Donbass par <a href=\"https:\/\/www.letemps.ch\/opinions\/editoriaux\/face-poutine-sommesnous-ukrainiens?\" rel=\"nofollow noopener\" target=\"_blank\">les troupes russes<\/a>, le caricaturiste du Temps (d\u00e8s 1998), Chappatte, dessine-t-il deux soldats ukrainiens dans une tranch\u00e9e. L\u2019un questionne: \u00abTu vois venir quelque chose?\u00bb Et l\u2019autre de lui r\u00e9pondre: \u00abLe pass\u00e9.\u00bb Tout est dit, \u00e0 l\u2019enseigne de ce palindrome et ambigramme infernal que constitue le d\u00e9but annonc\u00e9 de cette derni\u00e8re guerre d\u00e9clench\u00e9e en Europe: \u00abUkraine 22.02.2022\u00bb.<\/p>\n<p>          Vivez l\u2019exp\u00e9rience autrementVous pouvez suivre l&rsquo;ordre chronologique ou vous balader \u00e0 votre guise \u00e0 travers les \u00e9v\u00e9nements et les portraits des personnages historiques de ce bicentenaire.<a class=\"button is-small\" href=\"https:\/\/www.letemps.ch\/200ans\" target=\"_blank\" rel=\"noopener\">Explorez le Temps<\/a><\/p>\n","protected":false},"excerpt":{"rendered":"A l&rsquo;occasion du bicentenaire du Journal de Gen\u00e8ve, ce contenu vous est propos\u00e9 en acc\u00e8s libre. Si\u00a0 vous&hellip;\n","protected":false},"author":2,"featured_media":641266,"comment_status":"","ping_status":"","sticky":false,"template":"","format":"standard","meta":{"footnotes":""},"categories":[1590],"tags":[11,1777,674,4438,937,12,3067,220],"class_list":{"0":"post-641265","1":"post","2":"type-post","3":"status-publish","4":"format-standard","5":"has-post-thumbnail","7":"category-ukraine","8":"tag-actualites","9":"tag-eu","10":"tag-europe","11":"tag-free","12":"tag-histoire","13":"tag-news","14":"tag-suisse","15":"tag-ukraine"},"share_on_mastodon":{"url":"https:\/\/pubeurope.com\/@fr\/115839224218619124","error":""},"_links":{"self":[{"href":"https:\/\/www.europesays.com\/fr\/wp-json\/wp\/v2\/posts\/641265","targetHints":{"allow":["GET"]}}],"collection":[{"href":"https:\/\/www.europesays.com\/fr\/wp-json\/wp\/v2\/posts"}],"about":[{"href":"https:\/\/www.europesays.com\/fr\/wp-json\/wp\/v2\/types\/post"}],"author":[{"embeddable":true,"href":"https:\/\/www.europesays.com\/fr\/wp-json\/wp\/v2\/users\/2"}],"replies":[{"embeddable":true,"href":"https:\/\/www.europesays.com\/fr\/wp-json\/wp\/v2\/comments?post=641265"}],"version-history":[{"count":0,"href":"https:\/\/www.europesays.com\/fr\/wp-json\/wp\/v2\/posts\/641265\/revisions"}],"wp:featuredmedia":[{"embeddable":true,"href":"https:\/\/www.europesays.com\/fr\/wp-json\/wp\/v2\/media\/641266"}],"wp:attachment":[{"href":"https:\/\/www.europesays.com\/fr\/wp-json\/wp\/v2\/media?parent=641265"}],"wp:term":[{"taxonomy":"category","embeddable":true,"href":"https:\/\/www.europesays.com\/fr\/wp-json\/wp\/v2\/categories?post=641265"},{"taxonomy":"post_tag","embeddable":true,"href":"https:\/\/www.europesays.com\/fr\/wp-json\/wp\/v2\/tags?post=641265"}],"curies":[{"name":"wp","href":"https:\/\/api.w.org\/{rel}","templated":true}]}}