{"id":641267,"date":"2026-01-04T22:37:10","date_gmt":"2026-01-04T22:37:10","guid":{"rendered":"https:\/\/www.europesays.com\/fr\/641267\/"},"modified":"2026-01-04T22:37:10","modified_gmt":"2026-01-04T22:37:10","slug":"donald-trump-et-son-clan-affirment-que-les-etats-unis-envisagent-dannexer-le-groenland-prochainement","status":"publish","type":"post","link":"https:\/\/www.europesays.com\/fr\/641267\/","title":{"rendered":"Donald Trump et son clan affirment que les \u00c9tats-Unis envisagent d\u2019annexer le Groenland \u00abprochainement\u00bb"},"content":{"rendered":"<dl class=\"post-meta-box flex flex-wrap items-top border-grey-lighter border-b post-meta relative z-20\">&#13;<br \/>\n                                    &#13;<br \/>\n                                    &#13;<br \/>\n                                    &#13;<\/p>\n<dt class=\"inline-block py-1 leading-5 w-1\/5 sm:1\/6 xl:w-3\/10 flex items-top font-sans text-3xs text-grey tracking-wider uppercase border-grey-lighter border-t\">&#13;<br \/>\n                                      Date                                    <\/dt>\n<p>&#13;<\/p>\n<dd class=\"inline-block w-4\/5 sm:5\/6 xl:w-7\/10 pl-1u lg:pl-0 flex-grow  py-1 font-sans text-xs leading-5 border-grey-lighter border-t\">&#13;<br \/>\n                                      &#13;<br \/>\n                                        4 janvier 2026                                      &#13;\n                                    <\/dd>\n<p>&#13;\n                                  <\/dl>\n<p>  Ajouter<br \/>\n  Article ajout\u00e9<\/p>\n<p>  T\u00e9l\u00e9charger le PDF<br \/>\n  En cours<\/p>\n<dl class=\"post-meta-box flex flex-wrap items-top border-grey-lighter border-b post-meta relative z-20 mt-4\">&#13;<\/p>\n<dt class=\"partager inline-block py-1 leading-5 w-1\/5 sm:1\/6 xl:w-3\/10 flex items-top font-sans text-3xs text-grey tracking-wider uppercase border-grey-lighter border-t\">&#13;<br \/>\n                                      Partager                                    <\/dt>\n<p>&#13;<\/p>\n<dd class=\"partager inline-block w-4\/5 sm:5\/6 xl:w-7\/10 pl-1u lg:pl-0 flex-grow  py-1 font-sans text-xs leading-5 border-grey-lighter border-t\">&#13;<br \/>\n                                      <a target=\"_blank\" data-social=\"twitter\" class=\"text-red no-underline inline-block w-4 h-4 mr-2\" href=\"https:\/\/twitter.com\/intent\/tweet\/?text=Donald+Trump+et+son+clan+sugg%C3%A8rent+que+les+%C3%89tats-Unis+envisagent+d%E2%80%99annexer+le+Groenland+%C2%AB%C2%A0prochainement%C2%A0%C2%BB&amp;url=https%3A%2F%2Flegrandcontinent.eu%2Ffr%2F2026%2F01%2F04%2Fdonald-trump-et-son-clan-affirment-que-les-etats-unis-envisagent-dannexer-le-groenland-prochainement%2F\" rel=\"noopener\">&#13;<br \/>\n                                          &#13;<br \/>\n                                        <\/a>&#13;<br \/>\n                                      <a target=\"_blank\" data-social=\"facebook\" class=\"text-red no-underline inline-block w-4 h-4 mr-2\" href=\"https:\/\/facebook.com\/sharer\/sharer.php?u=https%3A%2F%2Flegrandcontinent.eu%2Ffr%2F2026%2F01%2F04%2Fdonald-trump-et-son-clan-affirment-que-les-etats-unis-envisagent-dannexer-le-groenland-prochainement%2F\" rel=\"noopener\">&#13;<br \/>\n                                          &#13;<br \/>\n                                        <\/a>&#13;<br \/>\n                                      <a target=\"_blank\" data-social=\"linkedin\" class=\"text-red no-underline inline-block w-4 h-4 mr-2\" href=\"https:\/\/www.linkedin.com\/shareArticle?title=Donald+Trump+et+son+clan+sugg%C3%A8rent+que+les+%C3%89tats-Unis+envisagent+d%E2%80%99annexer+le+Groenland+%C2%AB%26%23160%3Bprochainement%26%23160%3B%C2%BB&amp;url=https%3A%2F%2Flegrandcontinent.eu%2Ffr%2F2026%2F01%2F04%2Fdonald-trump-et-son-clan-affirment-que-les-etats-unis-envisagent-dannexer-le-groenland-prochainement%2F\" rel=\"noopener\">&#13;<br \/>\n                                          &#13;<br \/>\n                                        <\/a>&#13;<br \/>\n&#13;<br \/>\n&#13;\n                                    <\/dd>\n<p>&#13;<\/p>\n<p class=\"font-sans text-black text-xs lg:text-2xs\">&#13;<br \/>\n                                          Abonnez-vous pour t\u00e9l\u00e9charger cet article en format PDF                                        <\/p>\n<p>                                        <a href=\"https:\/\/legrandcontinent.eu\/fr\/2026\/01\/04\/donald-trump-et-son-clan-affirment-que-les-etats-unis-envisagent-dannexer-le-groenland-prochainement\/\" class=\"btn-subscribe flex no-underline mt-4\" target=\"_blank\" rel=\"noopener\">&#13;<br \/>\n                                          &#13;<br \/>\n                                            \u2192&#13;<br \/>\n                                          &#13;<br \/>\n                                          &#13;<br \/>\n                                            S&rsquo;abonner                                          &#13;<br \/>\n                                        <\/a><\/p>\n<p>                                    &#13;\n                                  <\/dl>\n<p>Dans un entretien accord\u00e9 \u00e0 The Atlantic et publi\u00e9 le 4 janvier 2026, Donald Trump a annonc\u00e9 que les \u00c9tats-Unis n\u2019en avaient pas fini avec leurs interventions internationales et que le Venezuela ne serait pas le dernier pays vis\u00e9\u00a0<a href=\"#easy-footnote-bottom-1-311824\" title=\"Michael Scherer, &lt;a href=&quot;https:\/\/www.theatlantic.com\/national-security\/2026\/01\/trump-venezuela-maduro-delcy-rodriguez\/685497\/&quot;&gt;Trump Threatens Venezuela\u2019s New Leader With a Fate Worse Than Maduro\u2019s&lt;\/a&gt;, &lt;em&gt;The Atlantic&lt;\/em&gt;, 4 janvier 2025.\">1<\/a>.\u00a0<\/p>\n<ul class=\"wp-block-list\">\n<li>Le pr\u00e9sident am\u00e9ricain a d\u00e9clar\u00e9\u00a0: \u00ab\u00a0Nous avons absolument besoin du Groenland aussi\u00a0\u00bb, sugg\u00e9rant que ce territoire arctique pourrait figurer parmi les futurs objectifs g\u00e9opolitiques des \u00c9tats-Unis.<\/li>\n<li>Lors d\u2019un entretien avec Fox News,  il avait d\u00e9clar\u00e9\u00a0: \u00ab\u00a0Ce qui s\u2019est pass\u00e9 hier soir est incroyable\u2026 Nous devons le refaire [dans d\u2019autres pays]. Nous pouvons le refaire. Personne ne peut nous arr\u00eater.\u00a0\u00bb<\/li>\n<li>Depuis la capture de Maduro, plusieurs proches du premier cercle de Donald Trump ont \u00e9galement laiss\u00e9 entendre qu\u2019une op\u00e9ration militaire visant \u00e0 annexer le plus grand territoire insulaire du monde pourrait avoir lieu prochainement.\u00a0<\/li>\n<li>Hier soir, Katie Miller, l\u2019\u00e9pouse de Stephen Miller, l\u2019un des membres les plus influents de la Maison-Blanche, a publi\u00e9 une image du Groenland aux couleurs am\u00e9ricaines avec le mot \u00ab\u00a0Soon (bient\u00f4t)\u00a0\u00bb.<\/li>\n<\/ul>\n<ul class=\"wp-block-list\">\n<li>Hier, lors de la <a href=\"https:\/\/legrandcontinent.eu\/fr\/2026\/01\/03\/trump-annonce-la-prise-du-controle-du-venezuela-texte-integral\/\" target=\"_blank\" rel=\"noopener\">conf\u00e9rence de presse historique de Mar-a-Lago<\/a>, le secr\u00e9taire d\u2019\u00c9tat Marco Rubio rappelait que Trump est un \u00ab\u00a0pr\u00e9sident d\u2019action\u2026 Ce n\u2019est pas un pr\u00e9sident qui se contente de parler, d\u2019envoyer des lettres et de faire des conf\u00e9rences de presse \u2026 s\u2019il dit qu\u2019il est s\u00e9rieux au sujet de quelque chose, il l\u2019est vraiment\u00a0\u00bb.\u00a0<\/li>\n<\/ul>\n<p>Ces menaces, absolument in\u00e9dites au sein de l\u2019OTAN, s\u2019inscrivent dans <a href=\"https:\/\/legrandcontinent.eu\/fr\/2025\/02\/21\/que-veut-trump-en-arctique-geopolitique-des-ambitions-imperiales-au-groenland\/\" target=\"_blank\" rel=\"noopener\">une continuit\u00e9 revendiqu\u00e9e depuis la fin de l\u2019ann\u00e9e 2024<\/a>.\u00a0<\/p>\n<ul class=\"wp-block-list\">\n<li>Lors des <a href=\"https:\/\/5dlew.r.sp1-brevo.net\/mk\/mr\/sh\/SMJz09SDriOHW03GbFcbYnviOaId\/JUb5Ou7BUdPo\" target=\"_blank\" rel=\"noopener\">v\u0153ux de No\u00ebl de 2024<\/a>, le pr\u00e9sident \u00e9lu avait d\u00e9j\u00e0 laiss\u00e9 entendre ses ambitions territoriales, en ciblant le Groenland parmi d\u2019autres zones strat\u00e9giques comme le canal de Panama et le Canada, sugg\u00e9rant que les \u00c9tats\u2011Unis pourraient \u00ab\u00a0prendre le contr\u00f4le\u00a0\u00bb.<\/li>\n<li>Dans une interview accord\u00e9e \u00e0 NBC News en mars, Donald Trump se disait convaincu que les \u00c9tats-Unis obtiendraient le Groenland \u00ab\u00a0\u00e0 100\u00a0%\u00a0\u00bb, sans exclure le recours \u00e0 la force.<\/li>\n<li>Le vice-pr\u00e9sident am\u00e9ricain J.D.\u202fVance <a href=\"https:\/\/legrandcontinent.eu\/fr\/2025\/03\/28\/j-d-vance-se-rend-au-groenland-dans-le-cadre-dune-visite-hautement-controversee\/\" target=\"_blank\" rel=\"noopener\">s\u2019est rendu au Groenland en mars 2025<\/a> pour visiter la base militaire am\u00e9ricaine de Pituffik. Lors de cette visite, il a soulign\u00e9 l\u2019importance strat\u00e9gique du territoire pour la s\u00e9curit\u00e9 am\u00e9ricaine, provoquant l\u2019inqui\u00e9tude des autorit\u00e9s danoises et groenlandaises, qui ont rappel\u00e9 que toute d\u00e9cision concernant le Groenland devait respecter la souverainet\u00e9 locale et le droit international.<\/li>\n<li>Donald Trump a nomm\u00e9 le 21 d\u00e9cembre <a href=\"https:\/\/legrandcontinent.eu\/fr\/2025\/12\/22\/qui-est-jeff-landry-lenvoye-special-de-donald-trump-qui-veut-faire-du-groenland-une-partie-des-etats-unis\/\" target=\"_blank\" rel=\"noopener\">Jeff Landry<\/a>, gouverneur de Louisiane, comme envoy\u00e9 sp\u00e9cial pour le Groenland pour \u00ab\u00a0faire du Groenland une partie des \u00c9tats-Unis\u00a0\u00bb. Dans une conf\u00e9rence tenue le lendemain \u00e0 Mar-a-Lago il avait relanc\u00e9 sa <a href=\"https:\/\/legrandcontinent.eu\/fr\/2025\/12\/23\/donald-trump-et-la-prise-du-groenland-nous-devons-lavoir-video\/\" target=\"_blank\" rel=\"noopener\">volont\u00e9 expansionniste<\/a>.\u00a0<\/li>\n<\/ul>\n<p>VIDEO\u00a0<\/p>\n<p>e00eLEh9itxnWIiv55la2v1T7HQcv02umquCrSlceW1go\u00a0<\/p>\n<p>Les r\u00e9actions au Groenland et au Danemark ont \u00e9t\u00e9 relativement fermes.<\/p>\n<ul class=\"wp-block-list\">\n<li>L\u2019ambassadeur danois \u00e0 Washington a r\u00e9pondu sur X \u00e0 la provocation de Miller avec un long post pour rappeler aux \u00c9tats-Unis l\u2019\u00e9troitesse de la relation d\u2019alliance entre le royaume\u00a0: \u00ab\u00a0Petit rappel amical concernant les \u00c9tats-Unis et le Royaume du Danemark\u00a0: nous sommes des alli\u00e9s proches\u2026 et oui, nous attendons le respect total de l\u2019int\u00e9grit\u00e9 territoriale du Royaume du Danemark\u00a0\u00bb.<\/li>\n<\/ul>\n<blockquote class=\"twitter-tweet\" data-width=\"550\" data-dnt=\"true\">\n<p lang=\"en\" dir=\"ltr\">Just a friendly reminder about the US and the Kingdom of Denmark\u00a0: We are close allies and should continue to work together as such. US security is also Greenland\u2019s and Denmark\u2019s security. Greenland is already part of NATO. The Kingdom of Denmark and the United States work\u2026 <a href=\"https:\/\/t.co\/CboKnlKgJL\">https:\/\/t.co\/CboKnlKgJL<\/a><\/p>\n<p>\u2014 Jesper M\u00f8ller S\u00f8rensen \ud83c\udde9\ud83c\uddf0 (@DKambUSA) <a href=\"https:\/\/twitter.com\/DKambUSA\/status\/2007607563601273179?ref_src=twsrc%5Etfw\" target=\"_blank\" rel=\"noopener\">January 4, 2026<\/a><\/p><\/blockquote>\n<ul class=\"wp-block-list\">\n<li>Le nouveau Premier ministre du Groenland, Jens-Frederik Nielsen, a fermement rejet\u00e9 l\u2019id\u00e9e que le territoire puisse \u00eatre c\u00e9d\u00e9 aux \u00c9tats-Unis\u00a0: \u00ab\u00a0President Trump says that the United States will get Greenland. Let me be clear\u00a0: The United States won\u2019t get that. We do not belong to anyone else. We determine our own future.\u00a0\u00bb<\/li>\n<li>La Premi\u00e8re ministre danoise a publi\u00e9 un communiqu\u00e9 dans lequel elle affirme\u00a0:\u00a0 Il est tout \u00e0 fait absurde de parler de la n\u00e9cessit\u00e9 pour les \u00c9tats-Unis de prendre le contr\u00f4le du Groenland. Les \u00c9tats-Unis n\u2019ont aucune base juridique pour annexer l\u2019un des trois pays du Royaume de Danemark. Le Groenland est membre de l\u2019OTAN et b\u00e9n\u00e9ficie donc de la garantie de s\u00e9curit\u00e9 collective de l\u2019Alliance. Un accord de d\u00e9fense entre le Royaume du Danemark et les \u00c9tats-Unis accorde d\u00e9j\u00e0 \u00e0 ces derniers un acc\u00e8s important au Groenland. En outre, le Royaume a r\u00e9alis\u00e9 d\u2019importants investissements dans la s\u00e9curit\u00e9 de l\u2019Arctique. J\u2019exhorte donc vivement les \u00c9tats-Unis \u00e0 cesser leurs menaces \u00e0 l\u2019encontre d\u2019un alli\u00e9 historique proche ainsi que d\u2019un autre pays et d\u2019un autre peuple qui ont clairement d\u00e9clar\u00e9 qu\u2019ils n\u2019\u00e9taient pas \u00e0 vendre.\u00a0\u00bb<\/li>\n<\/ul>\n<blockquote class=\"twitter-tweet\" data-width=\"550\" data-dnt=\"true\">\n<p lang=\"en\" dir=\"ltr\">Statement from the Prime Minister of Denmark \ud83c\udde9\ud83c\uddf0\u00a0:<\/p>\n<p>\u201cI must say this very clearly to the United States\u00a0:<\/p>\n<p>It makes absolutely no sense to speak of any necessity for the United States to take over Greenland. The United States has no legal basis to annex one of the three countries of\u2026<\/p>\n<p>\u2014 Orla Joelsen (@OJoelsen) <a href=\"https:\/\/twitter.com\/OJoelsen\/status\/2007904928379850999?ref_src=twsrc%5Etfw\" target=\"_blank\" rel=\"noopener\">January 4, 2026<\/a><\/p><\/blockquote>\n<p>Dans <a href=\"https:\/\/legrandcontinent.eu\/fr\/2026\/01\/03\/discours-mette-frederiksen-groenland\/\" target=\"_blank\" rel=\"noopener\">son allocution t\u00e9l\u00e9vis\u00e9e du Nouvel An<\/a>, le 2 janvier 2026, la Premi\u00e8re ministre danoise Mette Frederiksen avait donn\u00e9 un signal militaire in\u00e9dit aux \u00c9tats-Unis.\u00a0<\/p>\n<ul class=\"wp-block-list\">\n<li>En r\u00e9pondant indirectement aux provocations elle avait mis en avant l\u2019augmentation rapide et sans pr\u00e9c\u00e9dent des capacit\u00e9s militaires du royaume. d\u00e9clarant\u00a0: \u00ab\u00a0Jamais auparavant nous n\u2019avons accru notre force militaire de mani\u00e8re aussi significative, aussi rapidement\u00a0\u00bb.<\/li>\n<li><a href=\"https:\/\/legrandcontinent.eu\/fr\/2025\/08\/27\/des-citoyens-americains-lies-a-trump-seraient-impliques-dans-une-campagne-visant-a-creer-un-mouvement-secessionniste-au-groenland\/\" target=\"_blank\" rel=\"noopener\">Les services de renseignement danois<\/a> ont r\u00e9cemment qualifi\u00e9 les \u00c9tats-Unis de \u00ab\u00a0risque s\u00e9curitaire\u00a0\u00bb, marquant une rupture majeure dans les relations transatlantiques.<\/li>\n<li>La revendication am\u00e9ricaine sur le Groenland illustre une version contemporaine de la doctrine Monroe\u00a0: bien que le Groenland ne soit pas en Am\u00e9rique latine, sa position strat\u00e9gique dans l\u2019Arctique en fait un enjeu de contr\u00f4le r\u00e9gional, o\u00f9 les \u00c9tats-Unis pr\u00e9tendent s\u00e9curiser leur \u00ab\u00a0sph\u00e8re d\u2019influence\u00a0\u00bb face \u00e0 la Russie, la Chine et l\u2019Europe.<\/li>\n<\/ul>\n<p>La majorit\u00e9 des Groenlandais souhaitent l\u2019ind\u00e9pendance vis-\u00e0-vis du Danemark mais rejettent une int\u00e9gration aux \u00c9tats-Unis.<\/p>\n<ul class=\"wp-block-list\">\n<li>Pourtant, selon une source militaire europ\u00e9enne contact\u00e9e par la revue, \u00ab\u00a0une intervention militaire am\u00e9ricaine au Groenland serait techniquement facile et difficile \u00e0 contrer, ce qui renforce la cr\u00e9dibilit\u00e9 du sc\u00e9nario d\u2019une acc\u00e9l\u00e9ration\u00a0\u00bb.<\/li>\n<\/ul>\n<p>                            <script async src=\"https:\/\/platform.twitter.com\/widgets.js\" charset=\"utf-8\"><\/script><\/p>\n","protected":false},"excerpt":{"rendered":"&#13; &#13; &#13; &#13; &#13; Date &#13; &#13; &#13; 4 janvier 2026 &#13; &#13; Ajouter Article ajout\u00e9 T\u00e9l\u00e9charger&hellip;\n","protected":false},"author":2,"featured_media":641268,"comment_status":"","ping_status":"","sticky":false,"template":"","format":"standard","meta":{"footnotes":""},"categories":[1589],"tags":[11,73,1866,12,1864,1865,1863,308],"class_list":{"0":"post-641267","1":"post","2":"type-post","3":"status-publish","4":"format-standard","5":"has-post-thumbnail","7":"category-etats-unis","8":"tag-actualites","9":"tag-etats-unis","10":"tag-etats-unis-damerique","11":"tag-news","12":"tag-united-states","13":"tag-united-states-of-america","14":"tag-us","15":"tag-usa"},"share_on_mastodon":{"url":"https:\/\/pubeurope.com\/@fr\/115839227922678510","error":""},"_links":{"self":[{"href":"https:\/\/www.europesays.com\/fr\/wp-json\/wp\/v2\/posts\/641267","targetHints":{"allow":["GET"]}}],"collection":[{"href":"https:\/\/www.europesays.com\/fr\/wp-json\/wp\/v2\/posts"}],"about":[{"href":"https:\/\/www.europesays.com\/fr\/wp-json\/wp\/v2\/types\/post"}],"author":[{"embeddable":true,"href":"https:\/\/www.europesays.com\/fr\/wp-json\/wp\/v2\/users\/2"}],"replies":[{"embeddable":true,"href":"https:\/\/www.europesays.com\/fr\/wp-json\/wp\/v2\/comments?post=641267"}],"version-history":[{"count":0,"href":"https:\/\/www.europesays.com\/fr\/wp-json\/wp\/v2\/posts\/641267\/revisions"}],"wp:featuredmedia":[{"embeddable":true,"href":"https:\/\/www.europesays.com\/fr\/wp-json\/wp\/v2\/media\/641268"}],"wp:attachment":[{"href":"https:\/\/www.europesays.com\/fr\/wp-json\/wp\/v2\/media?parent=641267"}],"wp:term":[{"taxonomy":"category","embeddable":true,"href":"https:\/\/www.europesays.com\/fr\/wp-json\/wp\/v2\/categories?post=641267"},{"taxonomy":"post_tag","embeddable":true,"href":"https:\/\/www.europesays.com\/fr\/wp-json\/wp\/v2\/tags?post=641267"}],"curies":[{"name":"wp","href":"https:\/\/api.w.org\/{rel}","templated":true}]}}