{"id":641269,"date":"2026-01-04T22:38:13","date_gmt":"2026-01-04T22:38:13","guid":{"rendered":"https:\/\/www.europesays.com\/fr\/641269\/"},"modified":"2026-01-04T22:38:13","modified_gmt":"2026-01-04T22:38:13","slug":"starmer-veut-rapprocher-le-royaume-uni-du-marche-unique","status":"publish","type":"post","link":"https:\/\/www.europesays.com\/fr\/641269\/","title":{"rendered":"Starmer veut rapprocher le Royaume-Uni du march\u00e9 unique"},"content":{"rendered":"<p>S&rsquo;adressant \u00e0 la BBC dimanche, il a d\u00e9clar\u00e9 que la Grande-Bretagne devrait <\/p>\n<p>dans le renforcement des liens avec Bruxelles apr\u00e8s le Brexit, \u00e0 la suite d&rsquo;un accord commercial conclu plus t\u00f4t cette ann\u00e9e.<\/p>\n<p>Starmer a soulign\u00e9 les mesures prises r\u00e9cemment pour rapprocher le Royaume-Uni de l&rsquo;UE en mati\u00e8re de normes agricoles et alimentaires, d\u00e9clarant : <\/p>\n<p>\u00ab\u00a0C&rsquo;est la d\u00e9cision souveraine que nous avons prise.\u00a0\u00bb<\/p>\n<p>\u00ab\u00a0Je pense que nous devrions nous rapprocher, et si un alignement encore plus \u00e9troit avec le march\u00e9 unique est dans l&rsquo;int\u00e9r\u00eat national, alors nous devrions l&rsquo;envisager, nous devrions aller aussi loin\u00a0\u00bb,<\/p>\n<p> a-t-il ajout\u00e9.<\/p>\n<p>Il a \u00e9galement d\u00e9clar\u00e9 qu&rsquo;il pensait qu&rsquo;un rapprochement avec le march\u00e9 unique serait b\u00e9n\u00e9fique pour le Royaume-Uni, ajoutant :<\/p>\n<p> \u00ab\u00a0Je pense qu&rsquo;il est dans l&rsquo;int\u00e9r\u00eat national d&rsquo;aller plus loin.\u00a0\u00bb<\/p>\n<p><strong class=\"ys-bold-node\"><\/p>\n<p>Cependant, le Premier ministre britannique a laiss\u00e9 entendre que le retour dans l&rsquo;union douani\u00e8re de l&rsquo;UE \u00e9tait peu probable, bien qu&rsquo;il ait pr\u00e9c\u00e9demment soutenu cette id\u00e9e.<\/p>\n<p><\/strong><\/p>\n<p>\u00ab\u00a0Ce que je dirais \u00e0 propos de l&rsquo;union douani\u00e8re, c&rsquo;est que j&rsquo;ai plaid\u00e9 pendant de nombreuses ann\u00e9es en faveur d&rsquo;une union douani\u00e8re avec l&rsquo;UE, mais beaucoup d&rsquo;eau a coul\u00e9 sous les ponts depuis\u00a0\u00bb,<\/p>\n<p> a-t-il d\u00e9clar\u00e9.<\/p>\n<p>Il a reconnu les appels lanc\u00e9s par certains milieux pour reconsid\u00e9rer cette position, d\u00e9clarant : <\/p>\n<p>\u00ab\u00a0Je comprends pourquoi les gens disent : \u00ab\u00a0Ne vaudrait-il pas mieux rejoindre l&rsquo;union douani\u00e8re ?\u00a0\u00bb.\u00a0\u00bb<\/p>\n<p class=\"ys-paragraph-node align-justify\">Mais il a fait valoir que les r\u00e9cents accords commerciaux signifiaient que le gouvernement devait privil\u00e9gier une approche diff\u00e9rente.<\/p>\n<p>\u00ab\u00a0Je pense en fait que maintenant que nous avons conclu des accords avec les \u00c9tats-Unis qui sont dans notre int\u00e9r\u00eat national, maintenant que nous avons conclu des accords avec l&rsquo;Inde qui sont dans notre int\u00e9r\u00eat national, nous avons tout int\u00e9r\u00eat \u00e0 nous tourner vers le march\u00e9 unique plut\u00f4t que vers l&rsquo;union douani\u00e8re pour poursuivre notre alignement\u00a0\u00bb, <\/p>\n<p>a-t-il d\u00e9clar\u00e9.<\/p>\n<p>Starmer pr\u00e9voit d&rsquo;\u00eatre toujours Premier ministre \u00e0 la m\u00eame p\u00e9riode l&rsquo;ann\u00e9e prochaine<\/p>\n<p class=\"ys-paragraph-node align-justify\">Starmer a \u00e9galement minimis\u00e9 les inqui\u00e9tudes concernant son leadership, insistant sur le fait qu&rsquo;il pr\u00e9voit d&rsquo;\u00eatre toujours Premier ministre \u00e0 la m\u00eame p\u00e9riode l&rsquo;ann\u00e9e prochaine, malgr\u00e9 une p\u00e9riode difficile pour son gouvernement.<\/p>\n<p>Il a rejet\u00e9 les suggestions selon lesquelles les prochaines \u00e9lections en \u00c9cosse, au Pays de Galles et en Angleterre en mai \u00e9quivaudraient \u00e0 un verdict sur son administration, affirmant qu&rsquo;elles ne devaient pas \u00eatre consid\u00e9r\u00e9es comme un <\/p>\n<p>sur son gouvernement.<\/p>\n<p class=\"ys-paragraph-node align-justify\">Ces commentaires font suite \u00e0 une ann\u00e9e 2025 difficile pour lui, marqu\u00e9e par un ralentissement de la croissance \u00e9conomique, de mauvais r\u00e9sultats dans les sondages et de nouvelles sp\u00e9culations sur le fait qu&rsquo;il pourrait \u00eatre confront\u00e9 \u00e0 une remise en cause de son leadership.<\/p>\n<p>Il a soulign\u00e9 la dur\u00e9e et l&rsquo;objectif de son mandat, d\u00e9clarant : <\/p>\n<p>\u00ab\u00a0J&rsquo;ai \u00e9t\u00e9 \u00e9lu en 2024 avec un mandat de cinq ans pour changer le pays, et c&rsquo;est ce que j&rsquo;ai l&rsquo;intention de faire, pour \u00eatre fid\u00e8le \u00e0 ce mandat. Et je serai jug\u00e9, et je sais que je serai jug\u00e9, lors des prochaines \u00e9lections, sur ma capacit\u00e9 \u00e0 avoir tenu mes promesses sur les questions cl\u00e9s qui importent le plus aux citoyens.\u00a0\u00bb<\/p>\n<p class=\"ys-paragraph-node align-justify\">Le Parlement doit reprendre ses travaux lundi apr\u00e8s la pause de No\u00ebl, et Starmer devrait convoquer sa premi\u00e8re r\u00e9union du Cabinet de 2026 le lendemain.<\/p>\n<p class=\"ys-paragraph-node align-justify\">La r\u00e9union devrait porter principalement sur le co\u00fbt de la vie et les priorit\u00e9s du gouvernement pour l&rsquo;ann\u00e9e \u00e0 venir, les ministres tentant de rassurer les \u00e9lecteurs dans un contexte d&rsquo;incertitude \u00e9conomique persistante.<\/p>\n","protected":false},"excerpt":{"rendered":"S&rsquo;adressant \u00e0 la BBC dimanche, il a d\u00e9clar\u00e9 que la Grande-Bretagne devrait dans le renforcement des liens avec&hellip;\n","protected":false},"author":2,"featured_media":641270,"comment_status":"","ping_status":"","sticky":false,"template":"","format":"standard","meta":{"footnotes":""},"categories":[1588],"tags":[11,1777,674,2581,74784,12,473,1853,1778,1851,1850,1852],"class_list":{"0":"post-641269","1":"post","2":"type-post","3":"status-publish","4":"format-standard","5":"has-post-thumbnail","7":"category-royaume-uni","8":"tag-actualites","9":"tag-eu","10":"tag-europe","11":"tag-keir-starmer","12":"tag-marche-unique-europeen","13":"tag-news","14":"tag-royaume-uni","15":"tag-royaume-uni-de-grande-bretagne-et-dirlande-du-nord","16":"tag-ue","17":"tag-uk","18":"tag-united-kingdom","19":"tag-united-kingdom-of-great-britain-and-northern-ireland"},"share_on_mastodon":{"url":"https:\/\/pubeurope.com\/@fr\/115839231849168482","error":""},"_links":{"self":[{"href":"https:\/\/www.europesays.com\/fr\/wp-json\/wp\/v2\/posts\/641269","targetHints":{"allow":["GET"]}}],"collection":[{"href":"https:\/\/www.europesays.com\/fr\/wp-json\/wp\/v2\/posts"}],"about":[{"href":"https:\/\/www.europesays.com\/fr\/wp-json\/wp\/v2\/types\/post"}],"author":[{"embeddable":true,"href":"https:\/\/www.europesays.com\/fr\/wp-json\/wp\/v2\/users\/2"}],"replies":[{"embeddable":true,"href":"https:\/\/www.europesays.com\/fr\/wp-json\/wp\/v2\/comments?post=641269"}],"version-history":[{"count":0,"href":"https:\/\/www.europesays.com\/fr\/wp-json\/wp\/v2\/posts\/641269\/revisions"}],"wp:featuredmedia":[{"embeddable":true,"href":"https:\/\/www.europesays.com\/fr\/wp-json\/wp\/v2\/media\/641270"}],"wp:attachment":[{"href":"https:\/\/www.europesays.com\/fr\/wp-json\/wp\/v2\/media?parent=641269"}],"wp:term":[{"taxonomy":"category","embeddable":true,"href":"https:\/\/www.europesays.com\/fr\/wp-json\/wp\/v2\/categories?post=641269"},{"taxonomy":"post_tag","embeddable":true,"href":"https:\/\/www.europesays.com\/fr\/wp-json\/wp\/v2\/tags?post=641269"}],"curies":[{"name":"wp","href":"https:\/\/api.w.org\/{rel}","templated":true}]}}