{"id":64128,"date":"2025-04-30T10:23:13","date_gmt":"2025-04-30T10:23:13","guid":{"rendered":"https:\/\/www.europesays.com\/fr\/64128\/"},"modified":"2025-04-30T10:23:13","modified_gmt":"2025-04-30T10:23:13","slug":"un-homme-en-etat-de-mort-cerebrale-apres-une-chute-a-trottinette","status":"publish","type":"post","link":"https:\/\/www.europesays.com\/fr\/64128\/","title":{"rendered":"Un homme en \u00e9tat de mort c\u00e9r\u00e9brale apr\u00e8s une chute \u00e0 trottinette"},"content":{"rendered":"<p><strong>accident &#8211; Un homme qui se d\u00e9pla\u00e7ait \u00e0 trottinette dans Strasbourg a fait une lourde chute. Il est en \u00e9tat de mort c\u00e9r\u00e9brale selon les pompiers<\/strong><\/p>\n<p>Un grave accident d\u2019une personne circulant \u00e0 <a href=\"https:\/\/www.20minutes.fr\/societe\/trottinette\/?at_medium=RSS+feed&amp;at_campaign=ynews&amp;utm_source=yahoo&amp;utm_medium=rss&amp;utm_campaign=news_feed&amp;utm_content=in_article_link\" rel=\"nofollow noopener\" target=\"_blank\" data-ylk=\"slk:trottinette;elm:context_link;itc:0;sec:content-canvas\" class=\"link \">trottinette<\/a> s\u2019est produit dans la nuit de mardi \u00e0 mercredi \u00e0 <a href=\"https:\/\/www.20minutes.fr\/faits_divers\/faits-divers-strasbourg\/?at_medium=RSS+feed&amp;at_campaign=ynews&amp;utm_source=yahoo&amp;utm_medium=rss&amp;utm_campaign=news_feed&amp;utm_content=in_article_link\" rel=\"nofollow noopener\" target=\"_blank\" data-ylk=\"slk:Strasbourg;elm:context_link;itc:0;sec:content-canvas\" class=\"link \">Strasbourg<\/a>, plus pr\u00e9cis\u00e9ment rue de l\u2019Elmerforst dans le quartier de la Montagne verte. Il \u00e9tait un peu moins de 1 heure du matin lorsque les secours ont \u00e9t\u00e9 appel\u00e9s pour venir en aide \u00e0 un homme de 37 ans.<\/p>\n<p>A leur arriv\u00e9e, le trentenaire \u00e9tait dans un \u00e9tat critique apr\u00e8s une \u00ab chute \u00e0 vive allure \u00bb, pr\u00e9cise dans son rapport les Service d\u2019incendie et de secours du Bas-Rhin (<a href=\"https:\/\/www.sis67.alsace\/fr?at_medium=RSS+feed&amp;at_campaign=ynews&amp;utm_source=yahoo&amp;utm_medium=rss&amp;utm_campaign=news_feed&amp;utm_content=in_article_link\" rel=\"nofollow noopener\" target=\"_blank\" data-ylk=\"slk:SDIS 67;elm:context_link;itc:0;sec:content-canvas\" class=\"link \">SDIS 67<\/a>). Imm\u00e9diatement conduit <a href=\"https:\/\/www.20minutes.fr\/dossier\/accident_de_la_route?at_medium=RSS+feed&amp;at_campaign=ynews&amp;utm_source=yahoo&amp;utm_medium=rss&amp;utm_campaign=news_feed&amp;utm_content=in_article_link\" rel=\"nofollow noopener\" target=\"_blank\" data-ylk=\"slk:aux urgences;elm:context_link;itc:0;sec:content-canvas\" class=\"link \">aux urgences<\/a> du CHU de Strasbourg Hautepierre, la victime est, toujours selon le rapport du SDIS 67, en \u00e9tat de mort c\u00e9r\u00e9brale.<\/p>\n<p><a href=\"https:\/\/www.20minutes.fr\/faits_divers\/faits-divers-strasbourg\/4151108-20250430-strasbourg-homme-etat-mort-cerebrale-apres-chute-trottinette?at_medium=RSS+feed&amp;at_campaign=ynews&amp;utm_source=yahoo&amp;utm_medium=rss&amp;utm_campaign=news_feed&amp;utm_content=read_more_link\" rel=\"nofollow noopener\" target=\"_blank\" data-ylk=\"slk:Lire la suite sur 20minutes;elm:context_link;itc:0;sec:content-canvas\" class=\"link \">Lire la suite sur 20minutes<\/a><\/p>\n<p>\u00c0 lire aussi :<br \/><a href=\"https:\/\/www.20minutes.fr\/faits_divers\/faits-divers-lyon\/4113391-20241003-lyon-etudiante-21-ans-etat-mort-cerebrale-apres-accident-trottinette?at_medium=RSS+feed&amp;at_campaign=ynews&amp;utm_source=yahoo&amp;utm_medium=rss&amp;utm_campaign=news_feed&amp;utm_content=related_content_link\" rel=\"nofollow noopener\" target=\"_blank\" data-ylk=\"slk:Lyon : Une \u00e9tudiante de 21 ans en \u00e9tat de mort c\u00e9r\u00e9brale apr\u00e8s un accident de trottinette;elm:context_link;itc:0;sec:content-canvas\" class=\"link \">Lyon : Une \u00e9tudiante de 21 ans en \u00e9tat de mort c\u00e9r\u00e9brale apr\u00e8s un accident de trottinette<\/a><br \/><a href=\"https:\/\/www.20minutes.fr\/faits_divers\/4012036-20221127-ille-vilaine-homme-decede-apres-chute-trottinette?at_medium=RSS+feed&amp;at_campaign=ynews&amp;utm_source=yahoo&amp;utm_medium=rss&amp;utm_campaign=news_feed&amp;utm_content=related_content_link\" rel=\"nofollow noopener\" target=\"_blank\" data-ylk=\"slk:Ille-et-Vilaine : Un homme d\u00e9c\u00e8de apr\u00e8s une chute en trottinette;elm:context_link;itc:0;sec:content-canvas\" class=\"link \">Ille-et-Vilaine : Un homme d\u00e9c\u00e8de apr\u00e8s une chute en trottinette<\/a><\/p>\n","protected":false},"excerpt":{"rendered":"accident &#8211; Un homme qui se d\u00e9pla\u00e7ait \u00e0 trottinette dans Strasbourg a fait une lourde chute. Il est&hellip;\n","protected":false},"author":2,"featured_media":64129,"comment_status":"","ping_status":"","sticky":false,"template":"","format":"standard","meta":{"footnotes":""},"categories":[2820],"tags":[1111,11,837,11685,1777,674,1011,27,775,16294,12,25,16295,640,16296,15740],"class_list":{"0":"post-64128","1":"post","2":"type-post","3":"status-publish","4":"format-standard","5":"has-post-thumbnail","7":"category-strasbourg","8":"tag-actu","9":"tag-actualites","10":"tag-chute","11":"tag-etat-critique","12":"tag-eu","13":"tag-europe","14":"tag-fr","15":"tag-france","16":"tag-grand-est","17":"tag-mort-cerebrale","18":"tag-news","19":"tag-republique-francaise","20":"tag-service-dincendie-et-de-secours","21":"tag-strasbourg","22":"tag-strasbourg-hautepierre","23":"tag-trottinette"},"share_on_mastodon":{"url":"https:\/\/pubeurope.com\/@fr\/114426426360628503","error":""},"_links":{"self":[{"href":"https:\/\/www.europesays.com\/fr\/wp-json\/wp\/v2\/posts\/64128","targetHints":{"allow":["GET"]}}],"collection":[{"href":"https:\/\/www.europesays.com\/fr\/wp-json\/wp\/v2\/posts"}],"about":[{"href":"https:\/\/www.europesays.com\/fr\/wp-json\/wp\/v2\/types\/post"}],"author":[{"embeddable":true,"href":"https:\/\/www.europesays.com\/fr\/wp-json\/wp\/v2\/users\/2"}],"replies":[{"embeddable":true,"href":"https:\/\/www.europesays.com\/fr\/wp-json\/wp\/v2\/comments?post=64128"}],"version-history":[{"count":0,"href":"https:\/\/www.europesays.com\/fr\/wp-json\/wp\/v2\/posts\/64128\/revisions"}],"wp:featuredmedia":[{"embeddable":true,"href":"https:\/\/www.europesays.com\/fr\/wp-json\/wp\/v2\/media\/64129"}],"wp:attachment":[{"href":"https:\/\/www.europesays.com\/fr\/wp-json\/wp\/v2\/media?parent=64128"}],"wp:term":[{"taxonomy":"category","embeddable":true,"href":"https:\/\/www.europesays.com\/fr\/wp-json\/wp\/v2\/categories?post=64128"},{"taxonomy":"post_tag","embeddable":true,"href":"https:\/\/www.europesays.com\/fr\/wp-json\/wp\/v2\/tags?post=64128"}],"curies":[{"name":"wp","href":"https:\/\/api.w.org\/{rel}","templated":true}]}}