{"id":641281,"date":"2026-01-04T22:46:18","date_gmt":"2026-01-04T22:46:18","guid":{"rendered":"https:\/\/www.europesays.com\/fr\/641281\/"},"modified":"2026-01-04T22:46:18","modified_gmt":"2026-01-04T22:46:18","slug":"volley-ball-n3-feminine-on-est-venu-dans-cette-poule-pour-jouer-le-plus-haut-possible-au-classement-promu-le-vc-gruissan-continue-de-surprendre","status":"publish","type":"post","link":"https:\/\/www.europesays.com\/fr\/641281\/","title":{"rendered":"Volley-ball \u2013 N3 f\u00e9minine\u00a0: \u00ab\u00a0On est venu dans cette poule pour jouer le plus haut possible au classement\u00a0\u00bb, promu, le VC Gruissan continue de surprendre"},"content":{"rendered":"<p>\n                                                                Mont\u00e9e en Nationale 3 \u00e0 l\u2019issue d\u2019une belle saison derni\u00e8re, la jeune \u00e9quipe gruissanaise figure sur le podium de sa poule.\n                            <\/p>\n<p>50 bougies. Au printemps prochain, le Volley-Club Gruissan f\u00eatera ses 50 ans. Tout juste promue en Nationale 3, apr\u00e8s avoir battu l\u2019IBOS et l\u2019ASBA Montpellier en barrages d\u2019accession en mai dernier, l\u2019\u00e9quipe fanion du VCG r\u00e9pond aux attentes et fait m\u00eame mieux que \u00e7a, apr\u00e8s une int\u00e9ressante premi\u00e8re partie de saison. Club formateur d\u2019Helena Cazaute, capitaine de l\u2019\u00e9quipe de France, ou encore de Margaux Bouzinac et Alis\u00e9e Camb\u00e9rab\u00e9ro, joueuses professionnelles, Gruissan a une r\u00e9putation de club formateur.<\/p>\n<p>Arriv\u00e9 \u00e0 la t\u00eate de l\u2019\u00e9quipe pour suivre sa fille Estelle, d\u00e9sormais passeuse sous les couleurs de l\u2019Institut F\u00e9d\u00e9ral et convoqu\u00e9e avec France U18, Philip Schneider s\u2019est rapidement pris au jeu. \u00ab\u00a0Cette ann\u00e9e, m\u00eame si ma fille n\u2019est plus dans l\u2019\u00e9quipe, j\u2019ai souhait\u00e9 continuer l\u2019aventure avec des filles s\u00e9rieuses, \u00e0 l\u2019\u00e9coute agr\u00e9ables \u00e0 coacher\u00a0\u00bb, explique l\u2019ancien pointu (ou central) autrichien, pass\u00e9 par Cannes, longtemps par Montpellier et qui a termin\u00e9 sa carri\u00e8re professionnelle \u00e0 Narbonne.<\/p>\n<blockquote>\n<p>Le Sablou, c\u2019est notre forteresse, interdit de perdre ici\u00a0!<\/p>\n<\/blockquote>\n<p>Comme tout bon promu, un objectif initial de maintien dans sa nouvelle division lui a \u00e9t\u00e9 annonc\u00e9 par ses dirigeants. \u00ab\u00a0On ne joue pas pour ne pas descendre, on est venu dans cette poule pour jouer le plus haut possible au classement\u2026 et actuellement on est \u00e0 la place que j\u2019avais imagin\u00e9\u00a0\u00bb, confie, satisfait, Schneider.<\/p>\n<p>Troisi\u00e8mes de leur poule, les Gruissanaises s\u2019appuient sur une g\u00e9n\u00e9ration championne de France U15 en 2023. \u00ab\u00a0La majorit\u00e9 de mon \u00e9quipe est U18, avec des filles de 16 ans, \u00e7a peut avoir du bien mais aussi des d\u00e9fauts, comme le fait de manquer de r\u00e9gularit\u00e9 au cours de nos rencontres\u00a0\u00bb, raconte l\u2019entra\u00eeneur. L\u2019arriv\u00e9e de l\u2019exp\u00e9riment\u00e9e C\u00e9lia Cazaute, trentenaire rompue aux joutes de la N1 a apport\u00e9 un plus au collectif audois. \u00ab\u00a0Elle am\u00e8ne de la tranquillit\u00e9 et un peu d\u2019exp\u00e9rience et est aussi bien investie dans la transmission aux jeunes joueuses\u00a0\u00bb, encense Philip Schneider.<\/p>\n<p>Un choc \u00e0 venir \u00e0 la fin du mois<\/p>\n<p>Battues s\u00e8chement \u00e0 Montpellier contre Croix d\u2019Argent, leader invaincu, en ouverture du championnat (3-0), les prot\u00e9g\u00e9es du trio Schneider, Mir et Est\u00e8ve auront l\u2019occasion de prendre leur revanche, le 25\u00a0janvier prochain. Dans un gymnase du Sablou o\u00f9 les filles ont dress\u00e9 des remparts depuis des mois, tout est possible. \u00ab\u00a0C\u2019est ce que je leur dis avant chaque match, le Sablou, c\u2019est notre forteresse, interdit de perdre ici\u2026 et \u00e7a fait deux ans qu\u2019on est invaincus \u00e0 domicile\u00a0\u00bb, se f\u00e9licite le technicien. Face au leader, programm\u00e9 pour la N2, le d\u00e9fi sera immense. \u00ab\u00a0Ils ont recrut\u00e9 pour monter, une \u00e9quipe tr\u00e8s costaud et n\u2019ont conc\u00e9d\u00e9 que trois sets depuis le d\u00e9but de la saison, d\u00e9taille Schneider. Mais si une \u00e9quipe de la poule peut les faire tomber, c\u2019est nous.\u00a0\u00bb<\/p>\n<p>Jeunes, pleines d\u2019insouciance, les Audoises voudront continuer \u00e0 truster les premi\u00e8res places de la poule avec, pourquoi pas dans quelques saisons, une mont\u00e9e en N2.<\/p>\n","protected":false},"excerpt":{"rendered":"Mont\u00e9e en Nationale 3 \u00e0 l\u2019issue d\u2019une belle saison derni\u00e8re, la jeune \u00e9quipe gruissanaise figure sur le podium&hellip;\n","protected":false},"author":2,"featured_media":641282,"comment_status":"","ping_status":"","sticky":false,"template":"","format":"standard","meta":{"footnotes":""},"categories":[1417],"tags":[4086,1011,27,71852,517,60,1470,1469],"class_list":{"0":"post-641281","1":"post","2":"type-post","3":"status-publish","4":"format-standard","5":"has-post-thumbnail","7":"category-volley","8":"tag-aude","9":"tag-fr","10":"tag-france","11":"tag-gruissan","12":"tag-sport","13":"tag-sports","14":"tag-volley","15":"tag-volleyball"},"share_on_mastodon":{"url":"https:\/\/pubeurope.com\/@fr\/115839263267717258","error":""},"_links":{"self":[{"href":"https:\/\/www.europesays.com\/fr\/wp-json\/wp\/v2\/posts\/641281","targetHints":{"allow":["GET"]}}],"collection":[{"href":"https:\/\/www.europesays.com\/fr\/wp-json\/wp\/v2\/posts"}],"about":[{"href":"https:\/\/www.europesays.com\/fr\/wp-json\/wp\/v2\/types\/post"}],"author":[{"embeddable":true,"href":"https:\/\/www.europesays.com\/fr\/wp-json\/wp\/v2\/users\/2"}],"replies":[{"embeddable":true,"href":"https:\/\/www.europesays.com\/fr\/wp-json\/wp\/v2\/comments?post=641281"}],"version-history":[{"count":0,"href":"https:\/\/www.europesays.com\/fr\/wp-json\/wp\/v2\/posts\/641281\/revisions"}],"wp:featuredmedia":[{"embeddable":true,"href":"https:\/\/www.europesays.com\/fr\/wp-json\/wp\/v2\/media\/641282"}],"wp:attachment":[{"href":"https:\/\/www.europesays.com\/fr\/wp-json\/wp\/v2\/media?parent=641281"}],"wp:term":[{"taxonomy":"category","embeddable":true,"href":"https:\/\/www.europesays.com\/fr\/wp-json\/wp\/v2\/categories?post=641281"},{"taxonomy":"post_tag","embeddable":true,"href":"https:\/\/www.europesays.com\/fr\/wp-json\/wp\/v2\/tags?post=641281"}],"curies":[{"name":"wp","href":"https:\/\/api.w.org\/{rel}","templated":true}]}}