{"id":641287,"date":"2026-01-04T22:52:11","date_gmt":"2026-01-04T22:52:11","guid":{"rendered":"https:\/\/www.europesays.com\/fr\/641287\/"},"modified":"2026-01-04T22:52:11","modified_gmt":"2026-01-04T22:52:11","slug":"helene-clauzel-attend-les-jambes-de-lannee-en-janvier-actualite","status":"publish","type":"post","link":"https:\/\/www.europesays.com\/fr\/641287\/","title":{"rendered":"H\u00e9l\u00e8ne Clauzel attend \u00ab les jambes de l&rsquo;ann\u00e9e \u00bb en janvier &#8211; Actualit\u00e9"},"content":{"rendered":"<p style=\"text-align: justify;\"><strong><a href=\"https:\/\/www.directvelo.com\/coureur\/18316\/helene-clauzel\" target=\"_blank\" rel=\"noopener\">H\u00e9l\u00e8ne Clauzel<\/a><\/strong> avait le sourire, \u00e0 l&rsquo;arriv\u00e9e de la Coupe du Monde de Zonhoven, ce dimanche. Il faut dire que la nouvelle soci\u00e9taire du Team Eko\u00ef a retrouv\u00e9 ses standards du d\u00e9but d&rsquo;hiver, <strong><a href=\"https:\/\/www.directvelo.com\/actualite\/126242\/cc-coupe-du-monde-9-elite-femmes-classements\" target=\"_blank\" rel=\"noopener\">en terminant 12e en Belgique<\/a><\/strong>, apr\u00e8s plusieurs manches o\u00f9 elle n&rsquo;\u00e9tait plus rentr\u00e9e dans le Top 15. \u00ab\u00a0On sait qu&rsquo;il y a des pistes d&rsquo;am\u00e9lioration, mais je suis contente des jambes. J&rsquo;ai pris un bon d\u00e9part, assez particulier parce qu&rsquo;avec la neige, il n&rsquo;y avait presque qu&rsquo;une seule ligne vraiment correcte, donc un peu compliqu\u00e9. J&rsquo;ai juste essay\u00e9 d&rsquo;assurer et d&rsquo;appuyer le plus fort l\u00e0 o\u00f9 j&rsquo;\u00e9tais la plus forte aujourd&rsquo;hui. J&rsquo;\u00e9tais contente parce que dans les parties physiques j&rsquo;\u00e9tais vraiment bien, donc c&rsquo;est pour \u00e7a que j&rsquo;arrivais bien \u00e0 garder ma place\u00a0\u00bb, analyse-t-elle \u00e0 chaud. <\/p>\n<p style=\"text-align: justify;\">Malgr\u00e9 tout, l&rsquo;ancienne Championne de France a couru avec un peu de peur au ventre. \u00ab\u00a0Dans le sable j&rsquo;avais un peu peur. Parce qu&rsquo;on sait qu&rsquo;on approche des gros objectifs de la saison, et on le voit, il faut \u00eatre prudent. Dans le sable, c&rsquo;est compliqu\u00e9, parce que dans la descente, plus tu vas doucement, plus c&rsquo;est dangereux. Et si tu vas trop vite, c&rsquo;est dangereux aussi. Donc il faut trouver le juste milieu et ce n&rsquo;est pas \u00e9vident, mais on va dire que je suis en vie, donc \u00e7a va\u00a0\u00bb, sourit-elle. La 6e du Championnat d&rsquo;Europe a donc pass\u00e9 cette p\u00e9riode des f\u00eates sans casse ni coup au moral. \u00ab\u00a0J&rsquo;appr\u00e9hendais un peu, mais je pense qu&rsquo;on a assez bien g\u00e9r\u00e9, les sensations reviennent progressivement, \u00e7a arrive au bon moment\u00a0\u00bb. <\/p>\n<p>Les prochaines semaines vont \u00eatre importantes pour de nombreux acteurs du cyclo-cross, avec le Championnat national mais aussi le Championnat du Monde \u00e0 la fin du mois.\u00a0\u00ab\u00a0J&rsquo;esp\u00e8re avoir les jambes de l&rsquo;ann\u00e9e sur le prochain mois, sous ce team Eko\u00ef en plus. C&rsquo;est vraiment chouette avec des nouvelles couleurs\u00a0\u00bb, se r\u00e9jouit celle qui \u00e9voluait encore avec un maillot noir en fin d&rsquo;ann\u00e9e 2025. \u00c0 Troyes le week-end prochain, H\u00e9l\u00e8ne Clauzel esp\u00e8re \u00eatre dans le match. \u00ab\u00a0Cette ann\u00e9e, \u00e7a annonce encore un beau Championnat. Mais on sait qu&rsquo;Amandine (Fouquenet) est pour le moment au-dessus du lot. Mais c&rsquo;est un France, il y aura C\u00e9lia (G\u00e9ry), Amandine Muller, Line Burquier qu&rsquo;il ne faut pas oublier&#8230; Donc \u00e7a promet. Le niveau fran\u00e7ais ne fait que d&rsquo;\u00e9voluer\u00a0\u00bb. Et H\u00e9l\u00e8ne Clauzel esp\u00e8re continuer d&rsquo;\u00e9voluer avec.<\/p>\n","protected":false},"excerpt":{"rendered":"H\u00e9l\u00e8ne Clauzel avait le sourire, \u00e0 l&rsquo;arriv\u00e9e de la Coupe du Monde de Zonhoven, ce dimanche. Il faut&hellip;\n","protected":false},"author":2,"featured_media":641288,"comment_status":"","ping_status":"","sticky":false,"template":"","format":"standard","meta":{"footnotes":""},"categories":[1411],"tags":[834,828,836,829,837,827,83,826,824,823,1154,207,814,817,815,816,822,821,832,211,839,1011,27,820,818,819,835,831,830,833,838,60,212,208,825],"class_list":{"0":"post-641287","1":"post","2":"type-post","3":"status-publish","4":"format-standard","5":"has-post-thumbnail","7":"category-cyclisme","8":"tag-attaque","9":"tag-belgique","10":"tag-braquet","11":"tag-bretagne","12":"tag-chute","13":"tag-competition","14":"tag-coupe-de-france","15":"tag-coureur","16":"tag-course-cyclisme","17":"tag-course-cycliste","18":"tag-cycling","19":"tag-cyclisme","20":"tag-direct","21":"tag-direct-velo","22":"tag-directvelo","23":"tag-directvelo-com","24":"tag-epreuve","25":"tag-epreuve-cycliste","26":"tag-federation-francaise-de-cyclisme","27":"tag-ffc","28":"tag-flandres","29":"tag-fr","30":"tag-france","31":"tag-live","32":"tag-live-course","33":"tag-live-epreuve","34":"tag-peloton","35":"tag-radio-peloton","36":"tag-radio-tour","37":"tag-ravitaillement","38":"tag-relance","39":"tag-sports","40":"tag-uci","41":"tag-velo","42":"tag-velos"},"share_on_mastodon":{"url":"https:\/\/pubeurope.com\/@fr\/115839286954278340","error":""},"_links":{"self":[{"href":"https:\/\/www.europesays.com\/fr\/wp-json\/wp\/v2\/posts\/641287","targetHints":{"allow":["GET"]}}],"collection":[{"href":"https:\/\/www.europesays.com\/fr\/wp-json\/wp\/v2\/posts"}],"about":[{"href":"https:\/\/www.europesays.com\/fr\/wp-json\/wp\/v2\/types\/post"}],"author":[{"embeddable":true,"href":"https:\/\/www.europesays.com\/fr\/wp-json\/wp\/v2\/users\/2"}],"replies":[{"embeddable":true,"href":"https:\/\/www.europesays.com\/fr\/wp-json\/wp\/v2\/comments?post=641287"}],"version-history":[{"count":0,"href":"https:\/\/www.europesays.com\/fr\/wp-json\/wp\/v2\/posts\/641287\/revisions"}],"wp:featuredmedia":[{"embeddable":true,"href":"https:\/\/www.europesays.com\/fr\/wp-json\/wp\/v2\/media\/641288"}],"wp:attachment":[{"href":"https:\/\/www.europesays.com\/fr\/wp-json\/wp\/v2\/media?parent=641287"}],"wp:term":[{"taxonomy":"category","embeddable":true,"href":"https:\/\/www.europesays.com\/fr\/wp-json\/wp\/v2\/categories?post=641287"},{"taxonomy":"post_tag","embeddable":true,"href":"https:\/\/www.europesays.com\/fr\/wp-json\/wp\/v2\/tags?post=641287"}],"curies":[{"name":"wp","href":"https:\/\/api.w.org\/{rel}","templated":true}]}}