{"id":641289,"date":"2026-01-04T22:53:17","date_gmt":"2026-01-04T22:53:17","guid":{"rendered":"https:\/\/www.europesays.com\/fr\/641289\/"},"modified":"2026-01-04T22:53:17","modified_gmt":"2026-01-04T22:53:17","slug":"psg-paris-fc-les-compositions-officielles","status":"publish","type":"post","link":"https:\/\/www.europesays.com\/fr\/641289\/","title":{"rendered":"PSG \/ Paris FC \u2013 Les compositions officielles &#8211;"},"content":{"rendered":"<p><img width=\"700\" height=\"350\" src=\"https:\/\/www.europesays.com\/fr\/wp-content\/uploads\/2026\/01\/Luis-Enrique-.jpg\" class=\"attachment-jannah-image-post size-jannah-image-post wp-post-image\" alt=\"Luis enrique\" is_main_img=\"1\" decoding=\"async\" fetchpriority=\"high\"  \/><br \/>\n Image :<br \/>\nPSG.fr<\/p>\n<p>Ce dimanche soir, le PSG re\u00e7oit le Paris FC. Moins d\u2019une<br \/>\nheure avant le derby parisien, les deux entra\u00eeneurs ont d\u00e9voil\u00e9<br \/>\nleurs compositions de d\u00e9part.\u00a0<\/p>\n<p>En cl\u00f4ture de la dix-septi\u00e8me journ\u00e9e de <strong>Ligue<br \/>\n1<\/strong>, le <strong>PSG<\/strong> re\u00e7oit \u2013 au <strong>Parc des<br \/>\nPrinces<\/strong> \u2013 le <strong>Paris FC<\/strong>. Pour ce premier<br \/>\nderby parisien de la saison, <strong><a href=\"https:\/\/canal-supporters.com\/enrique-je-suis-content-de-jouer-un-derby-a-paris\/\" title=\"\" target=\"_blank\" rel=\"noopener\">Luis Enrique<\/a><\/strong> doit faire sans <strong>Achraf<br \/>\nHakimi<\/strong> ni <strong>Ibrahim Mbaye<\/strong>, actuellement \u00e0<br \/>\nla CAN, mais \u00e9galement sans <strong>Matvey<br \/>\nSafonov<\/strong>,\u00a0<strong>Martin<br \/>\nJames<\/strong>,\u00a0<strong>Lee<br \/>\nKang-In<\/strong>\u00a0et\u00a0<strong>Quentin Ndjantou<\/strong>.<br \/>\nQuatre jours avant d\u2019affronter <strong>Marseille<\/strong> lors du<br \/>\n<strong><a href=\"https:\/\/canal-supporters.com\/deux-joueurs-de-marseille-suspendus-contre-le-psg\/\" title=\"\" target=\"_blank\" rel=\"noopener\">Troph\u00e9e des Champions<\/a><\/strong>, <strong>Luis<br \/>\nEnrique<\/strong> a d\u00e9cid\u00e9 d\u2019aligner une \u00e9quipe proche d\u2019une \u00e9quipe<br \/>\ntype.<\/p>\n<p>Ousmane Demb\u00e9l\u00e9<br \/>\ntitulaire en pointe<\/p>\n<p>Pour la premi\u00e8re fois depuis le 29 novembre, <strong>Lucas<br \/>\nChevalier<\/strong> retrouve les buts du <strong>PSG<\/strong>. Pour<br \/>\nle d\u00e9fendre, le coach espagnol a d\u00e9cid\u00e9 d\u2019aligner <strong>Warren<br \/>\nZa\u00efre-Emery<\/strong> dans le couloir droit, <strong>Nuno<br \/>\nMendes<\/strong> dans le couloir gauche et une charni\u00e8re centrale<br \/>\n<strong>Illia Zabarnyi<\/strong>\u2013<strong>Willian Pacho<\/strong>.<br \/>\nPour le milieu de terrain, ce sont <strong>Joao Neves,<br \/>\nVitinha<\/strong> et <strong>Fabian Ruiz<\/strong> qui ont \u00e9t\u00e9<br \/>\nchoisis. Enfin, <strong>D\u00e9sir\u00e9 Dou\u00e9<\/strong>, <strong>Ousmane<br \/>\nDemb\u00e9l\u00e9<\/strong> et <strong>Senny Mayulu<\/strong> occuperont<br \/>\nl\u2019attaque. \u00c0 noter la titularisation de <strong>Kevin<br \/>\nTrapp<\/strong> dans les buts du <strong>Paris<br \/>\nFC<\/strong>.\u00a0<\/p>\n<p>Feuille de match<br \/>\nParis Saint-Germain \/ Paris FC<\/p>\n<p><a href=\"https:\/\/ligue1.com\/fr\/match-sheet\/l1_championship_match_73268\/stats\" target=\"_blank\" rel=\"noopener\" title=\"\">17e journ\u00e9e de Ligue<br \/>\n1<\/a>\u2013\u00a0<strong>Stade<\/strong>\u00a0: Parc des Princes<br \/>\n\u2013\u00a0<strong>Horaire<\/strong>\u00a0: 20h45<br \/>\n\u2013\u00a0<strong>Diffuseur<\/strong>\u00a0:\u00a0Ligue 1<br \/>\n+\u00a0\u2013 Arbitre principal :\u00a0<strong><strong>Beno\u00eet<br \/>\nBastien<\/strong><\/strong>\u00a0\u2013 Arbitres assistants<br \/>\n:\u00a0<strong>Hicham<br \/>\nZakrani<\/strong>\u00a0et\u00a0<strong>Aur\u00e9lien<br \/>\nBerthomieu<\/strong>\u00a0\u2013 Quatri\u00e8me arbitre<br \/>\n:\u00a0<strong><strong>Karim Abed<\/strong><\/strong> \u2013 VAR :<br \/>\n<strong>St\u00e9phanie Frappart<\/strong>\u00a0et\u00a0<strong>Bruno<br \/>\nCou\u00e9<\/strong>.<\/p>\n<ul class=\"wp-block-list\">\n<li>Le XI du\u00a0<strong>PSG<\/strong>\u00a0: Chevalier \u2013<br \/>\nZa\u00efre-Emery, Zabarnyi, Pacho, Nuno Mendes \u2013 J.Neves, Vitinha<br \/>\n(cap.), F.Ruiz \u2013 Dou\u00e9, Demb\u00e9l\u00e9, Mayulu<\/p>\n<ul class=\"wp-block-list\">\n<li>Rempla\u00e7ants : Marin, Vignaud, Beraldo, Marquinhos Hernandez, Nsoki, Kvaratskhelia, Barcola, Ramos<\/li>\n<\/ul>\n<\/li>\n<li>Le XI du\u00a0<strong>Paris FC<\/strong>\u00a0: Trapp \u2013 Sangui,<br \/>\nMbow, Ot\u00e1vio, Kolodziejczak, De Smet \u2013 Gory, Camara, M.Lopez (cap.)<br \/>\n\u2013 Ikon\u00e9, Geubbels<\/p>\n<ul class=\"wp-block-list\">\n<li>Rempla\u00e7ants : Nkambadio, Ollila, Prouchet, Marchetti, Doucet, Cafaro, J.Lopez, Gueye, Beno\u00eet-Dao<\/li>\n<\/ul>\n<\/li>\n<\/ul>\n","protected":false},"excerpt":{"rendered":"Image : PSG.fr Ce dimanche soir, le PSG re\u00e7oit le Paris FC. Moins d\u2019une heure avant le derby&hellip;\n","protected":false},"author":2,"featured_media":641290,"comment_status":"","ping_status":"","sticky":false,"template":"","format":"standard","meta":{"footnotes":""},"categories":[1410],"tags":[74021,74022,74023,81,20160,20162,787,74789,74024,74025,74026,4479,63,1011,27,66,1611,921,74790,626,91,92,93,74029,74030,74031,60,96,20164],"class_list":{"0":"post-641289","1":"post","2":"type-post","3":"status-publish","4":"format-standard","5":"has-post-thumbnail","7":"category-football","8":"tag-17e-journee","9":"tag-17e-journee-de-ligue-1","10":"tag-17e-journee-ligue-1","11":"tag-canal-supporters","12":"tag-compos-officielles","13":"tag-compositions-officielles","14":"tag-cs","15":"tag-dix-septieme","16":"tag-dix-septieme-journee","17":"tag-dix-septieme-journee-de-ligue-1","18":"tag-dix-septieme-journee-ligue-1","19":"tag-enrique","20":"tag-football","21":"tag-fr","22":"tag-france","23":"tag-ligue-1","24":"tag-ligue-1-macdonalds","25":"tag-luis-enrique","26":"tag-onze-officiels","27":"tag-paris","28":"tag-paris-saint-germain","29":"tag-paris-sg","30":"tag-psg","31":"tag-psg-paris-fc","32":"tag-psg-pfc","33":"tag-psgpfc","34":"tag-sports","35":"tag-une","36":"tag-xi-officiels"},"share_on_mastodon":{"url":"https:\/\/pubeurope.com\/@fr\/115839290880056223","error":""},"_links":{"self":[{"href":"https:\/\/www.europesays.com\/fr\/wp-json\/wp\/v2\/posts\/641289","targetHints":{"allow":["GET"]}}],"collection":[{"href":"https:\/\/www.europesays.com\/fr\/wp-json\/wp\/v2\/posts"}],"about":[{"href":"https:\/\/www.europesays.com\/fr\/wp-json\/wp\/v2\/types\/post"}],"author":[{"embeddable":true,"href":"https:\/\/www.europesays.com\/fr\/wp-json\/wp\/v2\/users\/2"}],"replies":[{"embeddable":true,"href":"https:\/\/www.europesays.com\/fr\/wp-json\/wp\/v2\/comments?post=641289"}],"version-history":[{"count":0,"href":"https:\/\/www.europesays.com\/fr\/wp-json\/wp\/v2\/posts\/641289\/revisions"}],"wp:featuredmedia":[{"embeddable":true,"href":"https:\/\/www.europesays.com\/fr\/wp-json\/wp\/v2\/media\/641290"}],"wp:attachment":[{"href":"https:\/\/www.europesays.com\/fr\/wp-json\/wp\/v2\/media?parent=641289"}],"wp:term":[{"taxonomy":"category","embeddable":true,"href":"https:\/\/www.europesays.com\/fr\/wp-json\/wp\/v2\/categories?post=641289"},{"taxonomy":"post_tag","embeddable":true,"href":"https:\/\/www.europesays.com\/fr\/wp-json\/wp\/v2\/tags?post=641289"}],"curies":[{"name":"wp","href":"https:\/\/api.w.org\/{rel}","templated":true}]}}