{"id":641295,"date":"2026-01-04T22:57:13","date_gmt":"2026-01-04T22:57:13","guid":{"rendered":"https:\/\/www.europesays.com\/fr\/641295\/"},"modified":"2026-01-04T22:57:13","modified_gmt":"2026-01-04T22:57:13","slug":"stranger-things-11-questions-quon-se-pose-toujours-a-la-fin-de-la-serie","status":"publish","type":"post","link":"https:\/\/www.europesays.com\/fr\/641295\/","title":{"rendered":"Stranger Things : 11 questions qu\u2019on se pose toujours \u00e0 la fin de la s\u00e9rie"},"content":{"rendered":"<p>Difficile de mettre fin \u00e0 une s\u00e9rie qui a tant passionn\u00e9 les t\u00e9l\u00e9spectateurs. De nombreux cr\u00e9ateurs ont d\u00fb s\u2019attaquer \u00e0 un grand final, et tous n\u2019ont pas su offrir la sortie r\u00eav\u00e9e par les fans pour leurs s\u00e9ries. Parmi les plus grosses d\u00e9ceptions r\u00e9centes, on pense par exemple \u00e0 <a href=\"https:\/\/www.programme-tv.net\/news\/series-tv\/324897-ils-ne-savaient-plus-quoi-faire-la-star-dune-serie-a-succes-flingue-la-fin-de-game-of-thrones\/\" data-api-deeplink=\"teleloisirs:\/\/news\/324897\" target=\"_blank\" rel=\"noopener\">Game of Thrones, dont la huiti\u00e8me salve a grandement fait d\u00e9bat<\/a>. Ou encore, il y a un peu plus longtemps, \u00e0 <a href=\"https:\/\/www.programme-tv.net\/news\/series-tv\/287463-dexter-cette-autre-fin-qui-etait-initialement-prevue\/\" data-api-deeplink=\"teleloisirs:\/\/news\/287463\" target=\"_blank\" rel=\"noopener\">la fin de la s\u00e9rie Dexter<\/a>, qui a depuis eu droit \u00e0 plusieurs suites pour rectifier le tir. Autant dire que le dernier \u00e9pisode de Stranger Things, disponible depuis le 1er janvier, \u00e9tait tr\u00e8s attendu et redout\u00e9. S\u2019il n\u2019a pas totalement fait l\u2019unanimit\u00e9, cet ultime in\u00e9dit a diverti les abonn\u00e9s Netflix (d\u00e9couvrez <a href=\"https:\/\/www.programme-tv.net\/news\/series-tv\/395139-stranger-things-qui-meurt-et-qui-survit-comment-se-termine-la-serie-netflix\/\" data-api-deeplink=\"teleloisirs:\/\/news\/395139\" target=\"_blank\" rel=\"noopener\">notre r\u00e9sum\u00e9 complet de la fin de Stranger Things<\/a>). Avec un univers si complexe et qui s\u2019est encore une fois \u00e9tendu en saison 5 avec <a href=\"https:\/\/www.programme-tv.net\/news\/series-tv\/394814-stranger-things-saison-5-avez-vous-tout-compris-de-lorigine-de-lupside-down-et-de-labysse-les-revelations-de-la-partie-2-expliquees-par-les-createurs\/\" data-api-deeplink=\"teleloisirs:\/\/news\/394814\" target=\"_blank\" rel=\"noopener\">la r\u00e9v\u00e9lation de la vraie nature du Monde \u00e0 l\u2019envers<\/a>, il \u00e9tait difficile pour les cr\u00e9ateurs et sc\u00e9naristes de conclure toutes les intrigues et de r\u00e9pondre \u00e0 toutes les questions laiss\u00e9es en suspens. Certaines n\u2019ont d\u2019ailleurs toujours pas de r\u00e9ponses apr\u00e8s la fin de la s\u00e9rie. Attention, cet article contient des spoilers.<\/p>\n<p>                        1. Comment Will a-t-il pu survivre alors qu\u2019il est li\u00e9 au Flagelleur mental ?<\/p>\n<p>Dans l\u2019ultime \u00e9pisode de Stranger Things, Will rejoint (t\u00e9l\u00e9pathiquement) le combat contre Vecna au c\u00f4t\u00e9 de Onze. Le personnage incarn\u00e9 par Noah Schnall assiste la jeune femme, sans aucune cons\u00e9quence quand le grand m\u00e9chant est battu. On le sait, Will est connect\u00e9 au Flagelleur mental et a par le pass\u00e9 souffert en m\u00eame temps que lui. Sauf que dans ce final, Will ne ressent aucune douleur et n\u2019est pas affect\u00e9 quand le Flagelleur mental est attaqu\u00e9 et quand Vecna meurt. Pourquoi ? Myst\u00e8re.<\/p>\n<p><img decoding=\"async\" src=\"https:\/\/www.europesays.com\/fr\/wp-content\/uploads\/2026\/01\/thumbnail.jpg\" alt=\"\" data-id=\"\"\/>COURTESY OF NETFLIX \u00a9 2025            2. Mais qui a ouvert la porte aux d\u00e9mogorgons dans l\u2019\u00e9pisode 1 ?<\/p>\n<p>C\u2019est un myst\u00e8re qui plane depuis pr\u00e8s de 10 ans, et les fans n\u2019ont pas eu la r\u00e9ponse ! Lors de l\u2019enl\u00e8vement de Will par les d\u00e9mogorgons dans le tout premier \u00e9pisode, ce dernier se r\u00e9fugie chez lui. Mais la porte de la maison finit par \u00eatre ouverte myst\u00e9rieusement, permettant aux cr\u00e9atures d\u2019entrer et de capturer le jeune gar\u00e7on. Les fr\u00e8res Duffer avaient par la suite pr\u00e9cis\u00e9 que les d\u00e9mogorgons n\u2019ont pas pu ouvrir eux-m\u00eames la porte, car ils n\u2019en poss\u00e8dent pas les capacit\u00e9s. Ils avaient m\u00eame assur\u00e9 que la r\u00e9ponse \u00e0 cette question serait d\u00e9voil\u00e9e dans l\u2019ultime saison. Mais non !<\/p>\n<p>3. O\u00f9 sont pass\u00e9es Suzie et Vickie ?<\/p>\n<p>Certains personnages manquent cruellement \u00e0 l\u2019appel dans la saison 5 de Stranger Things. Mais o\u00f9 sont pass\u00e9s Suzie, la petite amie de Dustin, et Argyle, qui aidait Jonathan et Will dans la saison 4 ? Avec tant de personnages, il a peut-\u00eatre fallu faire des choix et en laisser certains de c\u00f4t\u00e9. Tout aussi \u00e9tonnant ? L\u2019absence de Vickie dans les sc\u00e8nes se d\u00e9roulant 18 mois plus tard. Robin et Vickie sont-elles toujours ensemble ou ont-elles rompu ? On aurait appr\u00e9ci\u00e9 en savoir un peu plus sur cette relation.<\/p>\n<p>                        4. Pourquoi la date du 6 novembre est-elle si importante ?<\/p>\n<p>Depuis le d\u00e9but de Stranger Things, la date du 6 novembre est importante dans la s\u00e9rie. Mais pourquoi exactement ? Si <a href=\"https:\/\/www.programme-tv.net\/news\/series-tv\/395024-stranger-things-pourquoi-la-date-du-6-novembre-est-elle-si-importante-dans-la-serie\/\" data-api-deeplink=\"teleloisirs:\/\/news\/395024\" target=\"_blank\" rel=\"noopener\">on peut faire des suppositions<\/a>, cela n\u2019est pas expliqu\u00e9 dans la s\u00e9rie.<\/p>\n<p>5. C\u2019\u00e9tait quoi cette pierre dans le souvenir d\u2019Henry ?<\/p>\n<p>La partie 2 de Stranger Things a d\u00e9voil\u00e9 un souvenir d\u2019Henry, survenu dans son enfance. On pouvait le voir tuer un scientifique et ouvrir <a href=\"https:\/\/www.programme-tv.net\/news\/series-tv\/395047-stranger-things-saison-5-que-contient-la-mallette-trouvee-par-le-jeune-henry-la-reponse-selon-la-piece-de-theatre\/\" data-api-deeplink=\"teleloisirs:\/\/news\/395047\" target=\"_blank\" rel=\"noopener\">une mallette<\/a>. Dans ce final, on a d\u00e9couvert ce qui s\u2019y cachait : une \u00e9tonnante pierre. Mais de quoi s\u2019agit-il exactement ? Si la s\u00e9rie ne l\u2019explique pas, les cr\u00e9ateurs Matt et Ross Duffer ont promis que <a href=\"https:\/\/www.programme-tv.net\/news\/series-tv\/395153-stranger-things-les-premiers-indices-des-createurs-sur-le-futur-spin-off\/\" data-api-deeplink=\"teleloisirs:\/\/news\/395153\" target=\"_blank\" rel=\"noopener\">la r\u00e9ponse sera donn\u00e9e dans la s\u00e9rie d\u00e9riv\u00e9e qu\u2019ils pr\u00e9parent<\/a>, et qui introduira une nouvelle mythologie. Elle devrait \u00e9galement s\u2019int\u00e9resser au flagelleur mental.<\/p>\n<p>            6. Comment les h\u00e9ros s\u2019en sont-ils sortis face \u00e0 l\u2019arm\u00e9e et qu\u2019est devenue le Dr Kay ?<\/p>\n<p>Malgr\u00e9 un \u00e9pisode de plus de deux heures, la s\u00e9rie ne s\u2019est pas \u00e9tal\u00e9e sur ce qu\u2019il s\u2019est pass\u00e9 directement apr\u00e8s la destruction du Monde \u00e0 l\u2019envers et la disparition d\u2019Onze. On ne sait par exemple pas comment les h\u00e9ros s\u2019en sont sortis, alors que l\u2019arm\u00e9e \u00e9tait sur le point de tous les capturer. Personne ne semble en tout cas avoir \u00e9t\u00e9 puni d\u2019une fa\u00e7on ou d\u2019une autre. La s\u00e9rie ne dit pas non plus ce qu\u2019est devenue le Dr Kay apr\u00e8s son d\u00e9part d\u2019Hawkins.<\/p>\n<p><img decoding=\"async\" src=\"https:\/\/www.europesays.com\/fr\/wp-content\/uploads\/2026\/01\/1767567433_305_thumbnail.jpg\" alt=\"\" data-id=\"\"\/>COURTESY OF NETFLIX \u00a9 2025                        7. Mais o\u00f9 sont pass\u00e9s les d\u00e9mogorgons ?<\/p>\n<p>Lors de la bataille finale entre Onze et Vecna, pas l\u2019ombre d\u2019un d\u00e9mogorgon &#8211; ou de toute autre cr\u00e9ature vue dans la s\u00e9rie &#8211; n\u2019est \u00e0 d\u00e9plorer. O\u00f9 sont-ils pass\u00e9s ? Sont-ils partis en vacances ??<\/p>\n<p>8. Joyce et Hopper ont-ils compris qu\u2019ils connaissaient Vecna ?<\/p>\n<p>Dans un souvenir d\u2019Henry\/Vecna, <a href=\"https:\/\/www.programme-tv.net\/news\/series-tv\/394002-stranger-things-cet-indice-glisse-dans-les-episodes-de-la-saison-5-pourrait-reveler-comment-vecna-choisit-ses-victimes\/\" data-api-deeplink=\"teleloisirs:\/\/news\/394002\" target=\"_blank\" rel=\"noopener\">on d\u00e9couvrait que Joyce, Jim ainsi que d\u2019autres parents des h\u00e9ros connaissaient en fait Henry Creel<\/a>, qui devait jouer dans une pi\u00e8ce de th\u00e9\u00e2tre avec eux en 1959 alors qu\u2019ils \u00e9taient au lyc\u00e9e. La s\u00e9rie ne dit pas si Joyce et Jim se sont rendu compte qu\u2019ils connaissaient en fait Vecna. Elle ne r\u00e9v\u00e8le d\u2019ailleurs rien de plus sur cette fameuse pi\u00e8ce de th\u00e9\u00e2tre et son importance dans l\u2019histoire d\u2019Henry (chose qui est au c\u0153ur de la pi\u00e8ce Stranger Things : The First Shadow, jou\u00e9e \u00e0 Londres et New York).<\/p>\n<p>            9. Comment Max a-t-elle pu avoir son dipl\u00f4me en manquant 2 ans de cours ?<\/p>\n<p>\u00c0 la fin de la s\u00e9rie, qui se d\u00e9roule 18 mois apr\u00e8s la disparition du Monde \u00e0 l\u2019envers, les lyc\u00e9ens re\u00e7oivent leurs dipl\u00f4mes. Tous&#8230; m\u00eame Max ! Et pourtant, elle est cens\u00e9e avoir loup\u00e9 deux ans de cours apr\u00e8s \u00eatre rest\u00e9e dans le coma, bloqu\u00e9e dans les souvenirs d\u2019Henry. Les calculs sont pas bons\u2026<\/p>\n<p>10. Pourquoi Vecna avait-il besoin de 12 enfants pour son plan ?<\/p>\n<p>Afin de rapprocher la Terre des Abysses, Vecna avait besoin de douze enfants. Mais pourquoi ce chiffre ? On conna\u00eet leur importance pour le plan diabolique du grand m\u00e9chant, mais on ne sait toujours pas pourquoi ce nombre pr\u00e9cis d\u2019enfants.<\/p>\n<p>11. Onze est-elle en vie ?<\/p>\n<p>C\u2019est certainement LA question la plus importante de ce dernier \u00e9pisode : qu\u2019est-il advenu de Onze ? Est-elle en vie comme le pensent Mike et ses amis ? Ou bien s\u2019est-elle sacrifi\u00e9e dans le Monde \u00e0 l\u2019envers pour mettre fin aux exp\u00e9riences du Dr Kay ? <a href=\"https:\/\/www.programme-tv.net\/news\/series-tv\/395146-stranger-things-onze-est-elle-morte-ou-vivante-la-fin-de-lheroine-expliquee-par-les-createurs\/\" data-api-deeplink=\"teleloisirs:\/\/news\/395146\" target=\"_blank\" rel=\"noopener\">Les cr\u00e9ateurs ont expliqu\u00e9 avoir volontairement laiss\u00e9 planer le doute<\/a>. Chacun est donc libre d\u2019interpr\u00e9ter le sort de l\u2019h\u00e9ro\u00efne comme il l\u2019entend\u2026<\/p>\n","protected":false},"excerpt":{"rendered":"Difficile de mettre fin \u00e0 une s\u00e9rie qui a tant passionn\u00e9 les t\u00e9l\u00e9spectateurs. De nombreux cr\u00e9ateurs ont d\u00fb&hellip;\n","protected":false},"author":2,"featured_media":641296,"comment_status":"","ping_status":"","sticky":false,"template":"","format":"standard","meta":{"footnotes":""},"categories":[1356],"tags":[1409,244,58,59,1011,27,127,1722,19536,40852,1721,129,252,1364],"class_list":{"0":"post-641295","1":"post","2":"type-post","3":"status-publish","4":"format-standard","5":"has-post-thumbnail","7":"category-television","8":"tag-bande-annonce","9":"tag-commentaire","10":"tag-divertissement","11":"tag-entertainment","12":"tag-fr","13":"tag-france","14":"tag-netflix","15":"tag-pub-streaming-netflix","16":"tag-stranger-things","17":"tag-stranger-things-20478001","18":"tag-su00e9rie-netflix","19":"tag-svod","20":"tag-television","21":"tag-tv"},"share_on_mastodon":{"url":"https:\/\/pubeurope.com\/@fr\/115839306714576528","error":""},"_links":{"self":[{"href":"https:\/\/www.europesays.com\/fr\/wp-json\/wp\/v2\/posts\/641295","targetHints":{"allow":["GET"]}}],"collection":[{"href":"https:\/\/www.europesays.com\/fr\/wp-json\/wp\/v2\/posts"}],"about":[{"href":"https:\/\/www.europesays.com\/fr\/wp-json\/wp\/v2\/types\/post"}],"author":[{"embeddable":true,"href":"https:\/\/www.europesays.com\/fr\/wp-json\/wp\/v2\/users\/2"}],"replies":[{"embeddable":true,"href":"https:\/\/www.europesays.com\/fr\/wp-json\/wp\/v2\/comments?post=641295"}],"version-history":[{"count":0,"href":"https:\/\/www.europesays.com\/fr\/wp-json\/wp\/v2\/posts\/641295\/revisions"}],"wp:featuredmedia":[{"embeddable":true,"href":"https:\/\/www.europesays.com\/fr\/wp-json\/wp\/v2\/media\/641296"}],"wp:attachment":[{"href":"https:\/\/www.europesays.com\/fr\/wp-json\/wp\/v2\/media?parent=641295"}],"wp:term":[{"taxonomy":"category","embeddable":true,"href":"https:\/\/www.europesays.com\/fr\/wp-json\/wp\/v2\/categories?post=641295"},{"taxonomy":"post_tag","embeddable":true,"href":"https:\/\/www.europesays.com\/fr\/wp-json\/wp\/v2\/tags?post=641295"}],"curies":[{"name":"wp","href":"https:\/\/api.w.org\/{rel}","templated":true}]}}