{"id":641297,"date":"2026-01-04T22:58:10","date_gmt":"2026-01-04T22:58:10","guid":{"rendered":"https:\/\/www.europesays.com\/fr\/641297\/"},"modified":"2026-01-04T22:58:10","modified_gmt":"2026-01-04T22:58:10","slug":"partie-definitivement-des-enfoires-muriel-robin-lache-la-vraie-raison-jai-bien-vu-que","status":"publish","type":"post","link":"https:\/\/www.europesays.com\/fr\/641297\/","title":{"rendered":"Partie d\u00e9finitivement des Enfoir\u00e9s, Muriel Robin l\u00e2che la VRAIE raison : \u201cJ\u2019ai bien vu que\u2026\u201d"},"content":{"rendered":"<p>Par <a class=\"author_recette\" id=\"author_name\" href=\"https:\/\/www.nextplz.fr\/auteur\/francis-uliel\" target=\"_blank\" rel=\"noopener\">Francis<br \/>\nUliel<\/a> &#8211;<br \/>\nPubli\u00e9 le 04 Jan 2026 \u00e0<br \/>\n22:00<\/p>\n<p class=\"article-intro excerpt\">Ancienne membre embl\u00e9matique des<br \/>\nenfoir\u00e9s,Muriel Robin brise enfin le silence et d\u00e9voile la<br \/>\nv\u00e9ritable raison de son retrait de la c\u00e9l\u00e8bre troupe.<\/p>\n<p>La belle histoire d\u00a0\u00bbamour entre Muriel Robin et les Enfoir\u00e9s<br \/>\naura dur\u00e9 plus de 15\u00a0longues ann\u00e9es. C&rsquo;est en effet entre 1992<br \/>\net 2008 que la c\u00e9l\u00e8bre humoriste et ancienne acolyte de Pierre<br \/>\nPalmade a fait partie int\u00e9grante de la fameuse troupe. Sa derni\u00e8re<br \/>\napparition surprise aux c\u00f4t\u00e9s des autres membres remonte \u00e0 2020 sur<br \/>\nla sc\u00e8ne du concert des Restos du c\u0153ur. Depuis, Muriel Robin a pris<br \/>\nd\u00e9finitivement du recul, ce pour plusieurs raisons.<\/p>\n<p>Muriel<br \/>\nRobin sans filtre sur son d\u00e9part des Enfoir\u00e9s<\/p>\n<p>Le d\u00e9part brusque de Muriel Robin des Enfoir\u00e9s a toujours<br \/>\nsuscit\u00e9 de nombreuses interrogations. En 2018, au micro de RTL,<br \/>\n<a href=\"https:\/\/www.nextplz.fr\/people\/523535-deguise-muriel-robin-revele-delicate-attention-pour-sa-femme-anne-le-nen\" target=\"_blank\" rel=\"noopener\"><br \/>\nl&rsquo;humoriste tr\u00e8s \u00e9panouie dans sa vie intime<\/a> brisait enfin le<br \/>\nsilence pour calmer les ardeurs. \u00ab\u00a0C\u2019est fini. Je ne l\u2019ai pas<br \/>\nfait une ann\u00e9e, parce que j\u2019\u00e9tais en burn-out. Apr\u00e8s, j\u2019ai eu<br \/>\nbesoin d\u2019aller vers aucune association. De me retaper\u00a0\u00bb,<br \/>\ncommen\u00e7ait-elle par confier. Elle avouait dans la foul\u00e9e :<br \/>\n\u00ab\u00a0J\u2019ai bien vu que les Enfoir\u00e9s, je n\u2019\u00e9tais pas indispensable.<br \/>\n\u00c7a marche sans moi. Je n\u2019y suis jamais all\u00e9e pour moi. J\u2019ai eu<br \/>\ncette chance\u00a0\u00bb. Et de poursuivre avec franchise : \u00ab\u00a0Je<br \/>\nsavais qu\u2019il y avait de longues listes d\u2019artistes qui auraient<br \/>\nvoulu, c\u2019\u00e9tait comme une cons\u00e9cration d\u2019aller aux<br \/>\nEnfoir\u00e9s\u00a0\u00bb.<\/p>\n<p>\u00ab\u00a0J&rsquo;\u00e9tais seule \u00e0 faire<br \/>\ntous les plateaux\u00a0\u00bb<\/p>\n<p>Outre, Muriel Robin a \u00e9voqu\u00e9 la lourde responsabilit\u00e9 qu&rsquo;elle a<br \/>\nd\u00fb endosser sur ses \u00e9paules \u00e0 l&rsquo;\u00e9poque. Cette fois aupr\u00e8s de Jordan<br \/>\nde Luxe, elle r\u00e9v\u00e9lait : \u00ab\u00a0J&rsquo;\u00e9tais seule. Je ne faisais pas du<br \/>\ntout le m\u00eame job que les autres. Pendant que les autres chantaient,<br \/>\ndiscutaient, s&rsquo;amusaient, j&rsquo;\u00e9tais seule \u00e0 faire tous les plateaux.<br \/>\nUn truc de titan\u00a0\u00bb. Fort heureusement, Mimie Mathy est venue en<br \/>\nrenfort pour lui pr\u00eater main forte. Une aide qui l&rsquo;a \u00e9norm\u00e9ment<br \/>\nsoulag\u00e9e. \u00ab\u00a0On l&rsquo;a fait \u00e0 deux, j&rsquo;ai vu la diff\u00e9rence\u00a0\u00bb,<br \/>\na-t-elle reconnu. Sans aucun filtre, Muriel Robin a fustig\u00e9 le<br \/>\nmanque d&rsquo;implication de certains membres de la troupe :<br \/>\n\u00ab\u00a0Pendant que tout le monde buvait des coups, moi j&rsquo;\u00e9tais en<br \/>\nbas, avec mes fiches, toute seule \u00e0 \u00e9crire. De temps en temps, je<br \/>\ndemandais \u00e0 Pierre : &lsquo;Tiens tu peux me donner un petit coup de main<br \/>\n?&rsquo; Mais j&rsquo;avais un truc titanesque sur la t\u00eate\u00a0\u00bb.<\/p>\n<p>Muriel<br \/>\nRobin balance sur les coulisses de la troupe<\/p>\n<p>Toujours aupr\u00e8s de Jordan de Luxe, <a href=\"https:\/\/www.nextplz.fr\/people\/517828-seule-chose-avant-mourir-muriel-robin-confie-pires-peurs-concernant-couple-avec-anne-le-nen\" target=\"_blank\" rel=\"noopener\"><br \/>\nMuriel Robin, qui a d\u00e9voil\u00e9 ses pires peurs sur son couple,<\/a> a<br \/>\navou\u00e9 avoir mal v\u00e9cu l&rsquo;arriv\u00e9e massive d&rsquo;autres d\u2019artistes au sein<br \/>\ndes Enfoir\u00e9s. \u00ab\u00a0Il y a trop de monde. D\u00e9j\u00e0 moi, un peu sauvage,<br \/>\nplus mon burn-out\u2026 Tout ce groupe, tout ce monde, je ne peux<br \/>\npas\u2026\u00a0\u00bb, a-t-elle fait savoir. Cette derni\u00e8re a \u00e9galement<br \/>\nindiqu\u00e9 que l&rsquo;ambiance n&rsquo;\u00e9tait pas toujours au top entre les<br \/>\ndiff\u00e9rents membres de la troupe. \u00ab\u00a0On s&rsquo;engueule. Pourquoi \u00e7a<br \/>\nserait tout rose l\u00e0 ? On est nombreux, \u00e0 un moment donn\u00e9 on a le<br \/>\ndroit de dire \u00e0 quelqu&rsquo;un &lsquo;Tu m&#8217;emmerdes'\u00a0\u00bb, a-t-elle l\u00e2ch\u00e9. Et<br \/>\nde conclure, en pr\u00e9cisant qu&rsquo;elle ne s&rsquo;est jamais v\u00e9ritablement<br \/>\nembrouill\u00e9e avec quiconque.<\/p>\n","protected":false},"excerpt":{"rendered":"Par Francis Uliel &#8211; Publi\u00e9 le 04 Jan 2026 \u00e0 22:00 Ancienne membre embl\u00e9matique des enfoir\u00e9s,Muriel Robin brise&hellip;\n","protected":false},"author":2,"featured_media":641298,"comment_status":"","ping_status":"","sticky":false,"template":"","format":"standard","meta":{"footnotes":""},"categories":[1355],"tags":[58,59,1011,27,1361,873,65861],"class_list":{"0":"post-641297","1":"post","2":"type-post","3":"status-publish","4":"format-standard","5":"has-post-thumbnail","7":"category-musique","8":"tag-divertissement","9":"tag-entertainment","10":"tag-fr","11":"tag-france","12":"tag-music","13":"tag-musique","14":"tag-trend"},"share_on_mastodon":{"url":"https:\/\/pubeurope.com\/@fr\/115839310518519054","error":""},"_links":{"self":[{"href":"https:\/\/www.europesays.com\/fr\/wp-json\/wp\/v2\/posts\/641297","targetHints":{"allow":["GET"]}}],"collection":[{"href":"https:\/\/www.europesays.com\/fr\/wp-json\/wp\/v2\/posts"}],"about":[{"href":"https:\/\/www.europesays.com\/fr\/wp-json\/wp\/v2\/types\/post"}],"author":[{"embeddable":true,"href":"https:\/\/www.europesays.com\/fr\/wp-json\/wp\/v2\/users\/2"}],"replies":[{"embeddable":true,"href":"https:\/\/www.europesays.com\/fr\/wp-json\/wp\/v2\/comments?post=641297"}],"version-history":[{"count":0,"href":"https:\/\/www.europesays.com\/fr\/wp-json\/wp\/v2\/posts\/641297\/revisions"}],"wp:featuredmedia":[{"embeddable":true,"href":"https:\/\/www.europesays.com\/fr\/wp-json\/wp\/v2\/media\/641298"}],"wp:attachment":[{"href":"https:\/\/www.europesays.com\/fr\/wp-json\/wp\/v2\/media?parent=641297"}],"wp:term":[{"taxonomy":"category","embeddable":true,"href":"https:\/\/www.europesays.com\/fr\/wp-json\/wp\/v2\/categories?post=641297"},{"taxonomy":"post_tag","embeddable":true,"href":"https:\/\/www.europesays.com\/fr\/wp-json\/wp\/v2\/tags?post=641297"}],"curies":[{"name":"wp","href":"https:\/\/api.w.org\/{rel}","templated":true}]}}