{"id":641305,"date":"2026-01-04T23:03:12","date_gmt":"2026-01-04T23:03:12","guid":{"rendered":"https:\/\/www.europesays.com\/fr\/641305\/"},"modified":"2026-01-04T23:03:12","modified_gmt":"2026-01-04T23:03:12","slug":"il-sest-passe-quelque-chose-detrange-avec-la-musique-pop-a-partir-des-annees-70","status":"publish","type":"post","link":"https:\/\/www.europesays.com\/fr\/641305\/","title":{"rendered":"Il s&rsquo;est pass\u00e9 quelque chose d&rsquo;\u00e9trange avec la musique pop \u00e0 partir des ann\u00e9es 70"},"content":{"rendered":"<p class=\"font-claude-response-body break-words whitespace-normal leading-[1.7]\"><strong>Nostalgiques de tous horizons, vous aviez peut-\u00eatre raison. Votre impression que la musique actuelle sonne plus sombre et anxiog\u00e8ne que celle de votre jeunesse ne rel\u00e8ve pas simplement d\u2019un biais g\u00e9n\u00e9rationnel : c\u2019est un fait mesurable scientifiquement. Des psychologues de l\u2019Universit\u00e9 de Vienne viennent de le d\u00e9montrer en analysant cinquante ans de hits am\u00e9ricains, et leurs conclusions sont sans appel. La musique populaire refl\u00e8te une soci\u00e9t\u00e9 de plus en plus stress\u00e9e, mais avec un twist inattendu que personne n\u2019avait anticip\u00e9.<\/strong><\/p>\n<p>Un demi-si\u00e8cle de tubes pass\u00e9s au crible<\/p>\n<p class=\"font-claude-response-body break-words whitespace-normal leading-[1.7]\">Pour cette recherche publi\u00e9e dans la revue <a href=\"https:\/\/go.skimresources.com\/?id=138113X1700773&amp;isjs=1&amp;jv=15.7.1&amp;sref=https%3A%2F%2Fwww.popsci.com%2Fscience%2Fpop-music-sadder%2F&amp;url=https%3A%2F%2Fwww.nature.com%2Farticles%2Fs41598-025-28327-5%23Sec8&amp;xs=1&amp;xtz=-60&amp;xuuid=d704377af58fcd7938386b4efa7cfa4f&amp;xcust=5pYV6Ii2ZAQZil7qmPrJJzI&amp;xjsf=other_click__contextmenu%20%5B2%5D\" target=\"_blank\" rel=\"noopener\">Scientific Reports<\/a>, les scientifiques ont constitu\u00e9 une base de donn\u00e9es monumentale : tous les classements hebdomadaires du Billboard Hot 100 entre 1973 et 2023. Ils ont ensuite extrait et analys\u00e9 les paroles de 20 186 chansons \u00e0 l\u2019aide d\u2019un algorithme sophistiqu\u00e9 capable d\u2019\u00e9valuer leur tonalit\u00e9 \u00e9motionnelle, distinguant le langage positif du n\u00e9gatif.<\/p>\n<p class=\"font-claude-response-body break-words whitespace-normal leading-[1.7]\">Les r\u00e9sultats confirment l\u2019intuition de nombreux auditeurs. Le <a href=\"https:\/\/sciencepost.fr\/nous-venons-de-craquer-le-code-les-dauphins-ont-un-langage-et-une-ia-peut-le-traduire\/\" target=\"_blank\" rel=\"noopener\">langage<\/a> n\u00e9gatif et les th\u00e9matiques li\u00e9es au stress ont connu une augmentation significative au cours de ces cinq d\u00e9cennies. Parall\u00e8lement, les chercheurs ont observ\u00e9 une simplification progressive du vocabulaire employ\u00e9 dans les paroles. Les tubes contemporains utilisent des mots plus basiques et des structures linguistiques moins \u00e9labor\u00e9es que ceux des ann\u00e9es 1970 et 1980.<\/p>\n<p>Le miroir d\u2019une soci\u00e9t\u00e9 sous pression<\/p>\n<p class=\"font-claude-response-body break-words whitespace-normal leading-[1.7]\">Cette \u00e9volution musicale ne se produit pas en vase clos. Les auteurs \u00e9tablissent une corr\u00e9lation troublante avec l\u2019augmentation des taux de d\u00e9pression et d\u2019anxi\u00e9t\u00e9 rapport\u00e9s dans la population g\u00e9n\u00e9rale. Des \u00e9tudes ant\u00e9rieures avaient d\u00e9j\u00e0 document\u00e9 une mont\u00e9e de la n\u00e9gativit\u00e9 dans les m\u00e9dias traditionnels et la fiction contemporaine. La musique pop semble donc s\u2019inscrire dans une tendance soci\u00e9tale plus large, refl\u00e9tant et possiblement amplifiant le mal-\u00eatre collectif.<\/p>\n<p class=\"font-claude-response-body break-words whitespace-normal leading-[1.7]\">L\u2019explication la plus \u00e9vidente serait \u00e9conomique : une soci\u00e9t\u00e9 plus stress\u00e9e financi\u00e8rement produirait une culture plus sombre. Pourtant, les chercheurs n\u2019ont trouv\u00e9 aucun lien clair entre cette tendance musicale et l\u2019\u00e9volution du revenu m\u00e9dian des m\u00e9nages am\u00e9ricains. Le ph\u00e9nom\u00e8ne transcende donc les simples consid\u00e9rations mat\u00e9rielles pour toucher \u00e0 quelque chose de plus profond dans la psych\u00e9 collective.<\/p>\n<p><img loading=\"lazy\" data-lazyloaded=\"1\" decoding=\"async\" class=\"aligncenter size-full wp-image-321681\" src=\"https:\/\/www.europesays.com\/fr\/wp-content\/uploads\/2026\/01\/iStock-2173082236.jpg\" alt=\"musique\" width=\"1254\" height=\"836\"  data-\/>Cr\u00e9dit : AntonioGuillem<\/p>\n<p>Le paradoxe des catastrophes<\/p>\n<p class=\"font-claude-response-body break-words whitespace-normal leading-[1.7]\">La d\u00e9couverte la plus surprenante de cette \u00e9tude concerne les \u00e9v\u00e9nements traumatiques majeurs. Logiquement, on s\u2019attendrait \u00e0 ce que des crises comme les attentats du 11 septembre 2001 ou la pand\u00e9mie de COVID-19 g\u00e9n\u00e8rent des chansons encore plus pessimistes et anxiog\u00e8nes. Or, c\u2019est exactement l\u2019inverse qui s\u2019est produit.<\/p>\n<p class=\"font-claude-response-body break-words whitespace-normal leading-[1.7]\">Ces moments de crise collective ont co\u00efncid\u00e9 avec l\u2019\u00e9mergence de chansons pop significativement plus positives et aux paroles plus complexes. Les chercheurs parlent d\u2019une \u00ab\u00a0pr\u00e9f\u00e9rence pour une musique dont les \u00e9motions sont en d\u00e9calage\u00a0\u00bb avec la r\u00e9alit\u00e9 v\u00e9cue. Autrement dit, quand le monde s\u2019effondre, nous ne cherchons pas dans notre musique un reflet suppl\u00e9mentaire de cette noirceur. Au contraire, nous nous tournons vers des m\u00e9lodies et des textes qui offrent un r\u00e9pit, une \u00e9vasion, voire un espoir.<\/p>\n<p class=\"font-claude-response-body break-words whitespace-normal leading-[1.7]\">Ce ph\u00e9nom\u00e8ne sugg\u00e8re que la musique joue un r\u00f4le de r\u00e9gulation \u00e9motionnelle sophistiqu\u00e9. En p\u00e9riode de stress aigu et collectif, elle devient un outil de r\u00e9silience plut\u00f4t qu\u2019un amplificateur de d\u00e9tresse.<\/p>\n<p>Les limites de l\u2019observation<\/p>\n<p class=\"font-claude-response-body break-words whitespace-normal leading-[1.7]\">Les auteurs rappellent avec prudence que leur \u00e9tude reste observationnelle. Ils identifient des associations temporelles sans pouvoir \u00e9tablir de liens causaux d\u00e9finitifs. Impossible de dire avec certitude si la musique plus sombre g\u00e9n\u00e8re davantage d\u2019anxi\u00e9t\u00e9 dans la population, ou si c\u2019est l\u2019anxi\u00e9t\u00e9 ambiante qui inspire des cr\u00e9ations plus sombres. Probablement un peu des deux, dans une boucle de r\u00e9troaction complexe.<\/p>\n<p class=\"font-claude-response-body break-words whitespace-normal leading-[1.7]\">N\u00e9anmoins, ces travaux soulignent l\u2019importance culturelle et psychologique de la musique populaire. Loin d\u2019\u00eatre un simple divertissement superficiel, elle constitue un indicateur sensible de l\u2019\u00e9tat \u00e9motionnel collectif et un outil essentiel pour naviguer dans un monde souvent difficile.<\/p>\n","protected":false},"excerpt":{"rendered":"Nostalgiques de tous horizons, vous aviez peut-\u00eatre raison. Votre impression que la musique actuelle sonne plus sombre et&hellip;\n","protected":false},"author":2,"featured_media":641306,"comment_status":"","ping_status":"","sticky":false,"template":"","format":"standard","meta":{"footnotes":""},"categories":[7],"tags":[1011,27,43,40,41,39,42,44],"class_list":{"0":"post-641305","1":"post","2":"type-post","3":"status-publish","4":"format-standard","5":"has-post-thumbnail","7":"category-sciences-et-technologies","8":"tag-fr","9":"tag-france","10":"tag-science","11":"tag-science-and-technology","12":"tag-sciences","13":"tag-sciences-et-technologies","14":"tag-technologies","15":"tag-technology"},"share_on_mastodon":{"url":"https:\/\/pubeurope.com\/@fr\/115839330099999871","error":""},"_links":{"self":[{"href":"https:\/\/www.europesays.com\/fr\/wp-json\/wp\/v2\/posts\/641305","targetHints":{"allow":["GET"]}}],"collection":[{"href":"https:\/\/www.europesays.com\/fr\/wp-json\/wp\/v2\/posts"}],"about":[{"href":"https:\/\/www.europesays.com\/fr\/wp-json\/wp\/v2\/types\/post"}],"author":[{"embeddable":true,"href":"https:\/\/www.europesays.com\/fr\/wp-json\/wp\/v2\/users\/2"}],"replies":[{"embeddable":true,"href":"https:\/\/www.europesays.com\/fr\/wp-json\/wp\/v2\/comments?post=641305"}],"version-history":[{"count":0,"href":"https:\/\/www.europesays.com\/fr\/wp-json\/wp\/v2\/posts\/641305\/revisions"}],"wp:featuredmedia":[{"embeddable":true,"href":"https:\/\/www.europesays.com\/fr\/wp-json\/wp\/v2\/media\/641306"}],"wp:attachment":[{"href":"https:\/\/www.europesays.com\/fr\/wp-json\/wp\/v2\/media?parent=641305"}],"wp:term":[{"taxonomy":"category","embeddable":true,"href":"https:\/\/www.europesays.com\/fr\/wp-json\/wp\/v2\/categories?post=641305"},{"taxonomy":"post_tag","embeddable":true,"href":"https:\/\/www.europesays.com\/fr\/wp-json\/wp\/v2\/tags?post=641305"}],"curies":[{"name":"wp","href":"https:\/\/api.w.org\/{rel}","templated":true}]}}