{"id":641307,"date":"2026-01-04T23:04:12","date_gmt":"2026-01-04T23:04:12","guid":{"rendered":"https:\/\/www.europesays.com\/fr\/641307\/"},"modified":"2026-01-04T23:04:12","modified_gmt":"2026-01-04T23:04:12","slug":"cette-methode-de-faux-demenagement-transforme-votre-maison-en-3-semaines-et-revele-80-dobjets-a-faire-partir","status":"publish","type":"post","link":"https:\/\/www.europesays.com\/fr\/641307\/","title":{"rendered":"Cette m\u00e9thode de faux d\u00e9m\u00e9nagement transforme votre maison en 3 semaines et r\u00e9v\u00e8le 80 % d\u2019objets \u00e0 faire partir"},"content":{"rendered":"<p itemprop=\"description\">Et si un faux d\u00e9m\u00e9nagement suffisait \u00e0<br \/>\nbriser le cercle infernal du bazar et de la charge mentale \u00e0 la<br \/>\nmaison ? Avec la m\u00e9thode packing party, un simple d\u00e9fi de trois<br \/>\nsemaines peut transformer durablement votre organisation.<\/p>\n<p>Vous rentrez chez vous et tout vous saute aux yeux : chaussures<br \/>\nqui tra\u00eenent, courrier en retard, bibelots partout. Vous rangez<br \/>\nsans arr\u00eat, mais la maison redevient chaotique en deux jours et la<br \/>\ncharge mentale grimpe, tout comme le stress. Beaucoup r\u00eavent d\u2019un<br \/>\ngrand coup de balai d\u00e9finitif sans savoir comment s\u2019y prendre pour<br \/>\nque le calme dure vraiment.<\/p>\n<p>Pour les professionnelles du home organising, la solution<br \/>\ncommence par clarifier le r\u00f4le de chaque objet. \u00ab\u00a0Le Home Organising<br \/>\nconsiste \u00e0 organiser votre espace de vie gr\u00e2ce au tri, au<br \/>\nd\u00e9sencombrement, \u00e0 l\u2019optimisation de vos espaces, \u00e0 la mise en<br \/>\nplace d\u2019une organisation sur mesure, et enfin \u00e0 un rangement<br \/>\nefficace et p\u00e9renne\u00a0\u00bb, explique Marion, home organiser certifi\u00e9e.<br \/>\nSandra Fradin r\u00e9sume d\u2019une formule percutante : \u00ab\u00a0Je vous aide \u00e0<br \/>\nvous lib\u00e9rer du bazar gr\u00e2ce au pouvoir du d\u00e9sencombrement et de<br \/>\nl\u00a0\u00bborganisation r\u00e9fl\u00e9chie\u00a0\u00bb.<\/p>\n<p>Quand le d\u00e9sordre devient un poids, place au d\u00e9sencombrement<br \/>\nextr\u00eame<\/p>\n<p>Reste un obstacle de taille : l\u00e2cher ce que l\u2019on garde \u00ab\u00a0au cas<br \/>\no\u00f9\u00a0\u00bb. \u00ab\u00a0La peur du manque, ce que j\u2019appelle le \u2018Au cas o\u00f9\u2019, est notre<br \/>\npire ennemi\u00a0\u00bb, explique Myl\u00e8ne Guilhot sur France Bleu. Elle invite<br \/>\n\u00e0 d\u2019abord \u00ab\u00a0se d\u00e9culpabiliser\u00a0\u00bb et \u00e0 regarder en face cette peur<br \/>\ntransmise parfois de g\u00e9n\u00e9ration en g\u00e9n\u00e9ration. Dans certains<br \/>\nfoyers, ce n\u2019est qu\u2019en provoquant un choc de<br \/>\n<strong>d\u00e9sencombrement extr\u00eame<\/strong> que l\u2019on parvient enfin \u00e0<br \/>\ntrier.<\/p>\n<p>Pour cela, une astuce radicale a \u00e9t\u00e9 imagin\u00e9e par le minimaliste<br \/>\nRyan Nicodemus : la \u00ab\u00a0packing party\u00a0\u00bb. Dans son appartement d\u2019environ<br \/>\n2 000 square feet, il a fait emballer absolument toutes ses<br \/>\naffaires avec l\u2019aide d\u2019un ami, chaque carton \u00e9tant soigneusement<br \/>\n\u00e9tiquet\u00e9. Pendant trois semaines, il n\u2019a ressorti que ce dont il<br \/>\navait r\u00e9ellement besoin. Au terme de l\u2019exp\u00e9rience, pr\u00e8s de 80 % de<br \/>\nses objets dormaient encore en caisse et ont quitt\u00e9 son<br \/>\nint\u00e9rieur.<\/p>\n<p>M\u00e9thode packing party : organiser un faux d\u00e9m\u00e9nagement chez<br \/>\nsoi<\/p>\n<p>Appliqu\u00e9e chez vous, la <strong>m\u00e9thode packing party<\/strong><br \/>\ncommence par une pr\u00e9paration carr\u00e9e. On choisit une date, on<br \/>\npr\u00e9voit au moins une journ\u00e9e libre, on rassemble cartons, ruban<br \/>\nadh\u00e9sif, \u00e9tiquettes et trois bacs : \u00e0 jeter, \u00e0 donner, \u00e0 garder ou<br \/>\nvendre. Avant de fermer le moindre carton, on d\u00e9finit ce qui<br \/>\nrestera en dehors : papiers vitaux, quelques h\u00e9ritages, objets<br \/>\nsaisonniers. Le designer William Morris conseillait d\u00e9j\u00e0 d\u2019\u00a0\u00bbn\u2019avoir<br \/>\ndans vos maisons que ce que vous savez \u00eatre utile ou que vous<br \/>\ncroyez beau\u00a0\u00bb.<\/p>\n<p>Vient ensuite le grand emballage : pi\u00e8ce par pi\u00e8ce, on vide les<br \/>\nplacards en tournant dans le sens des aiguilles d\u2019une montre pour<br \/>\nne rien oublier. Tout part en carton, sauf un kit minimal pour les<br \/>\npremi\u00e8res 24 heures : lit pr\u00eat, quelques v\u00eatements, n\u00e9cessaire pour<br \/>\ncuisiner et se laver. Durant les trois semaines suivantes, on ne<br \/>\nrouvre un carton que lorsqu\u2019un objet manque vraiment, puis on lui<br \/>\nattribue aussit\u00f4t une place fixe dans la maison.<\/p>\n<p>Adapter la packing party et garder une<br \/>\nmaison organis\u00e9e sur la dur\u00e9e<\/p>\n<p>\u00c0 la fin du d\u00e9lai, tous les cartons rest\u00e9s ferm\u00e9s deviennent<br \/>\ncandidats au don, \u00e0 la vente ou au recyclage via ressourceries,<br \/>\nEmma\u00fcs ou \u00e9changes entre amis. Pour entretenir ce tri massif sans<br \/>\nse laisser d\u00e9border, les sp\u00e9cialistes recommandent de petites<br \/>\nsessions quotidiennes de 15 \u00e0 30 minutes sur une micro-zone. \u00ab\u00a0C&rsquo;est<br \/>\nun rituel simple qui lib\u00e8re de l&rsquo;espace et m&rsquo;aide \u00e0 commencer la<br \/>\nnouvelle ann\u00e9e avec un \u00e9tat d&rsquo;esprit frais et organis\u00e9\u00a0\u00bb, dit Ashley<br \/>\nGarcia, cit\u00e9e par Le Journal de la Maison.<\/p>\n<p>Pour \u00e9viter de replonger dans l\u2019accumulation, Myl\u00e8ne Guilhot<br \/>\nconseille aussi la r\u00e8gle \u00ab\u00a0un qui rentre, un qui sort\u00a0\u00bb, efficace<br \/>\napr\u00e8s un vrai ttri, et la \u00ab\u00a0m\u00e9thode du quart d\u2019heure\u00a0\u00bb : 15 \u00e0 30<br \/>\nminutes de tri cibl\u00e9, tous les jours. Un dressing all\u00e9g\u00e9 se<br \/>\nmaintient avec la technique du cintre invers\u00e9, qui r\u00e9v\u00e8le d\u2019un coup<br \/>\nd\u2019\u0153il les v\u00eatements jamais port\u00e9s de la saison, \u00e0 faire partir en<br \/>\npriorit\u00e9.<\/p>\n","protected":false},"excerpt":{"rendered":"Et si un faux d\u00e9m\u00e9nagement suffisait \u00e0 briser le cercle infernal du bazar et de la charge mentale&hellip;\n","protected":false},"author":2,"featured_media":641308,"comment_status":"","ping_status":"","sticky":false,"template":"","format":"standard","meta":{"footnotes":""},"categories":[6],"tags":[9857,36744,35,33,34,1011,27,73478,16978,49561],"class_list":{"0":"post-641307","1":"post","2":"type-post","3":"status-publish","4":"format-standard","5":"has-post-thumbnail","7":"category-economie","8":"tag-amenagement","9":"tag-astuces","10":"tag-business","11":"tag-economie","12":"tag-economy","13":"tag-fr","14":"tag-france","15":"tag-gain-de-place","16":"tag-interieur","17":"tag-rangement"},"share_on_mastodon":{"url":"https:\/\/pubeurope.com\/@fr\/115839334596518633","error":""},"_links":{"self":[{"href":"https:\/\/www.europesays.com\/fr\/wp-json\/wp\/v2\/posts\/641307","targetHints":{"allow":["GET"]}}],"collection":[{"href":"https:\/\/www.europesays.com\/fr\/wp-json\/wp\/v2\/posts"}],"about":[{"href":"https:\/\/www.europesays.com\/fr\/wp-json\/wp\/v2\/types\/post"}],"author":[{"embeddable":true,"href":"https:\/\/www.europesays.com\/fr\/wp-json\/wp\/v2\/users\/2"}],"replies":[{"embeddable":true,"href":"https:\/\/www.europesays.com\/fr\/wp-json\/wp\/v2\/comments?post=641307"}],"version-history":[{"count":0,"href":"https:\/\/www.europesays.com\/fr\/wp-json\/wp\/v2\/posts\/641307\/revisions"}],"wp:featuredmedia":[{"embeddable":true,"href":"https:\/\/www.europesays.com\/fr\/wp-json\/wp\/v2\/media\/641308"}],"wp:attachment":[{"href":"https:\/\/www.europesays.com\/fr\/wp-json\/wp\/v2\/media?parent=641307"}],"wp:term":[{"taxonomy":"category","embeddable":true,"href":"https:\/\/www.europesays.com\/fr\/wp-json\/wp\/v2\/categories?post=641307"},{"taxonomy":"post_tag","embeddable":true,"href":"https:\/\/www.europesays.com\/fr\/wp-json\/wp\/v2\/tags?post=641307"}],"curies":[{"name":"wp","href":"https:\/\/api.w.org\/{rel}","templated":true}]}}