{"id":641309,"date":"2026-01-04T23:05:14","date_gmt":"2026-01-04T23:05:14","guid":{"rendered":"https:\/\/www.europesays.com\/fr\/641309\/"},"modified":"2026-01-04T23:05:14","modified_gmt":"2026-01-04T23:05:14","slug":"la-generation-ou-jamais-pour-attaquer-taiwan","status":"publish","type":"post","link":"https:\/\/www.europesays.com\/fr\/641309\/","title":{"rendered":"La g\u00e9n\u00e9ration ou jamais pour attaquer Ta\u00efwan\u00a0?"},"content":{"rendered":"<p>Le Parti communiste chinois en est persuad\u00e9, <a href=\"https:\/\/www.20minutes.fr\/dossier\/taiwan\" class=\"c-link c-link--is-underlined\" target=\"_blank\" rel=\"noopener\">Ta\u00efwan<\/a> finira par leur appartenir, accomplissant la proph\u00e9tie d\u2019une seule <a href=\"https:\/\/www.20minutes.fr\/dossier\/chine\" class=\"c-link c-link--is-underlined\" target=\"_blank\" rel=\"noopener\">Chine<\/a> unie. Une conviction si in\u00e9luctable dans la politique du parti qu\u2019on peut se demander d\u00e8s lors\u00a0: pourquoi \u00eatre si press\u00e9\u00a0? Toute l\u2019ann\u00e9e\u00a02025, l\u2019arm\u00e9e a multipli\u00e9 les provocations et les exercices militaires, en plus de s\u2019entra\u00eener activement \u00e0 l\u2019id\u00e9e d\u2019un d\u00e9barquement ou d\u2019un blocus. Une des explications \u00e0 cette h\u00e2te soudaine se trouverait dans les <a href=\"https:\/\/www.20minutes.fr\/dossier\/demographie\" class=\"c-link c-link--is-underlined\" target=\"_blank\" rel=\"noopener\">courbes d\u00e9mographiques<\/a> du pays, annonciatrices de d\u00e9cennies moins dor\u00e9es.<\/p>\n<p>Malgr\u00e9 la fin de la <a href=\"https:\/\/www.20minutes.fr\/dossier\/enfant\" class=\"c-link c-link--is-underlined\" target=\"_blank\" rel=\"noopener\">politique de l\u2019enfant unique<\/a>, la Chine a du mal \u00e0 relancer sa <a href=\"https:\/\/www.20minutes.fr\/dossier\/natalite\" class=\"c-link c-link--is-underlined\" target=\"_blank\" rel=\"noopener\">natalit\u00e9<\/a>. Avec 1,16 naissance par femme, le pays a l\u2019une des pires f\u00e9condit\u00e9s au monde, et perd m\u00eame de la population depuis trois ans. D\u2019ici\u00a02070, le pays devrait descendre sous la barre du milliard d\u2019habitants, lui qui en compte actuellement 1,4\u00a0milliard. Faute de renouvellement, sa population <a href=\"https:\/\/www.20minutes.fr\/dossier\/vieillissement\" class=\"c-link c-link--is-underlined\" target=\"_blank\" rel=\"noopener\">vieillit<\/a>, et vieillit vite. L\u2019\u00e2ge m\u00e9dian y est pass\u00e9 de 29 ans en\u00a02000 \u00e0 40 ans en\u00a02024.<\/p>\n<p>Une d\u00e9mographie pas tr\u00e8s guerri\u00e8re<\/p>\n<p>L\u2019usage est plut\u00f4t de faire la <a href=\"https:\/\/www.20minutes.fr\/dossier\/guerre\" class=\"c-link c-link--is-underlined\" target=\"_blank\" rel=\"noopener\">guerre<\/a> avec des forces vives. \u00ab\u00a0Pendant des si\u00e8cles, la France, monstre d\u00e9mographique d\u2019Europe, en a \u00e9t\u00e9 un bon exemple. On se lance dans des guerres lorsqu\u2019on sait qu\u2019on a les effectifs non seulement pour supporter le conflit, mais \u00e9galement pour assurer l\u2019avenir d\u00e9mographique du pays\u00a0\u00bb, rappelle St\u00e9phane Audrand, consultant ind\u00e9pendant en risques internationaux. En somme, compter assez d\u2019adultes \u00e0 la fois pour mourir au front et pour faire des enfants plus tard. A contrario, lorsque la population est d\u00e9j\u00e0 en d\u00e9clin, chaque jeune mort au front serait une perte terrible pour l\u2019avenir du pays et le renouvellement de la population.<\/p>\n<p>Certes, la conqu\u00eate de Ta\u00efwan, fut-ce avec l\u2019usage de la force, sera loin de causer des millions de morts sur le champ de bataille, et n\u2019aura que peu d\u2019incidence sur sa <a href=\"https:\/\/www.20minutes.fr\/dossier\/population\" class=\"c-link c-link--is-underlined\" target=\"_blank\" rel=\"noopener\">population<\/a>, mais la d\u00e9mographie ne concerne pas uniquement le nombre de soldats potentiellement envoy\u00e9s au front. P\u00e9kin vit actuellement les d\u00e9cennies du \u00ab\u00a0pic\u00a0\u00bb de sa puissance \u00e9conomique, gr\u00e2ce \u00e0 un bonus d\u00e9mographique inconnu en Occident\u00a0: une population constitu\u00e9e presque exclusivement d\u2019actifs. 70\u00a0% des Chinois ont entre 15 et 59 ans, contre moins de 60\u00a0% en <a href=\"https:\/\/www.20minutes.fr\/dossier\/europe\" class=\"c-link c-link--is-underlined\" target=\"_blank\" rel=\"noopener\">Europe<\/a>.<\/p>\n<p>Des hordes d\u2019inactifs \u00e0 la place des porte-avions<\/p>\n<p>Le vieillissement va supprimer ce bonus. A la fin du si\u00e8cle, il devrait y avoir un travailleur pour un retrait\u00e9, contre 2,26 travailleurs aujourd\u2019hui. Sans attendre 2100, le versement des retraites repr\u00e9sentera 20\u00a0% du PIB chinois dans 10 ans contre 5\u00a0% aujourd\u2019hui. C\u2019est donc maintenant, et non dans quelques ann\u00e9es, qu\u2019il faut construire des porte-avions et des navires, lorsqu\u2019il n\u2019y a pas encore besoin de financer des hordes d\u2019inactifs. \u00ab\u00a0La Chine va fatalement perdre en puissance dans les prochaines d\u00e9cennies\u00a0\u00bb, conclut Dominique Trinquand, expert militaire et ancien g\u00e9n\u00e9ral de l\u2019arm\u00e9e fran\u00e7aise.<\/p>\n<\/p>\n<p>Pour autant, \u00ab\u00a0je n\u2019imagine pas la Chine se lancer dans une guerre uniquement parce que la d\u00e9mographie l\u2019y inviterait\u00a0\u00bb, avertit Guillaume Ancel, ancien officier et auteur du blog <a href=\"https:\/\/nepassubir.fr\/\" target=\"_blank\" class=\"c-link c-link--is-underlined\" rel=\"noopener\">Ne pas subir<\/a>. Toujours sur la population, beaucoup de militaires actuels sont le fruit de la politique de l\u2019enfant unique, \u00ab\u00a0ce qui rend leur mort absolument inconcevable pour les familles, la filiation restant tr\u00e8s importante dans le confucianisme\u00a0\u00bb, d\u00e9veloppe Dominique Trinquand.<\/p>\n<p>Le moment ou jamais pour attaquer Ta\u00efwan\u00a0?<\/p>\n<p>Enfin, la guerre en Ukraine a quelque peu invalid\u00e9 la th\u00e9orie de l\u2019attaque d\u00e9mographique, rappelle St\u00e9phane Audrand \u00ab\u00a0La Russie avait d\u00e9j\u00e0 une d\u00e9mographie en baisse et une tr\u00e8s mauvaise natalit\u00e9 en\u00a02022. On voit bien que, chez certains r\u00e9gimes, l\u2019id\u00e9ologie surpasse tout, m\u00eame la natalit\u00e9\u00a0\u00bb. A ce titre, l\u2019an\u00a02049 qui marquera le centenaire de la Chine communiste est un nombre beaucoup plus mena\u00e7ant pour Ta\u00efwan que n\u2019importe quel taux de f\u00e9condit\u00e9.<\/p>\n<p>Pas de raison de se pr\u00e9cipiter donc\u00a0? Si la d\u00e9mographie ne fait pas tout, beaucoup d\u2019aventures militaires hasardeuses ont bel et bien d\u00e9but\u00e9 par le sentiment du \u00ab\u00a0C\u2019est le moment ou jamais\u00a0\u00bb, nuance l\u2019expert. Le Japon en\u00a01941 ou l\u2019Allemagne en\u00a01914 \u00ab\u00a0ont \u00e9t\u00e9 marqu\u00e9s par l\u2019id\u00e9e qu\u2019il valait mieux se lancer dans la guerre au plus vite, car une trappe se fermait ensuite. La France et la Russie commen\u00e7aient \u00e0 rattraper leur retard militaire sur l\u2019<a href=\"https:\/\/www.20minutes.fr\/dossier\/allemagne\" class=\"c-link c-link--is-underlined\" target=\"_blank\" rel=\"noopener\">Allemagne<\/a>. La pr\u00e9sence am\u00e9ricaine commen\u00e7ait, elle, \u00e0 se renforcer dans le Pacifique face au Japon\u2026\u00a0\u00bb<\/p>\n<p>La Chine aura difficilement un meilleur alignement des plan\u00e8tes que les ann\u00e9es \u00e0 venir avec notamment le deuxi\u00e8me mandat d\u2019un <a href=\"https:\/\/www.20minutes.fr\/dossier\/donald_trump\" class=\"c-link c-link--is-underlined\" target=\"_blank\" rel=\"noopener\">Donald Trump<\/a> tr\u00e8s isolationniste. Alors que pour les prochaines ann\u00e9es, le <a href=\"https:\/\/www.20minutes.fr\/dossier\/japon\" class=\"c-link c-link--is-underlined\" target=\"_blank\" rel=\"noopener\">Japon<\/a> commence \u00e0 se r\u00e9armer et la marine am\u00e9ricaine se renforce encore\u2026 Attaquer maintenant, avant que l\u2019avantage dans le Pacifique se r\u00e9duise\u00a0? Un conflit pourrait en d\u00e9cider un autre\u00a0: la guerre en Ukraine, tr\u00e8s suivie par P\u00e9kin. \u00ab\u00a0La Chine regarde avec attention l\u2019engagement occidental pour Kiev. Si celui-ci faiblit trop, et qu\u2019elle voit que les Occidentaux n\u2019interviendront pas \u00e0 Ta\u00efwan, elle attaquera\u00a0\u00bb, alerte Guillaume Ancel. B\u00e9b\u00e9s ou pas, il est des occasions qui ne se refusent pas.<\/p>\n","protected":false},"excerpt":{"rendered":"Le Parti communiste chinois en est persuad\u00e9, Ta\u00efwan finira par leur appartenir, accomplissant la proph\u00e9tie d\u2019une seule Chine&hellip;\n","protected":false},"author":2,"featured_media":641310,"comment_status":"","ping_status":"","sticky":false,"template":"","format":"standard","meta":{"footnotes":""},"categories":[5],"tags":[11,1813,309,1011,27,1146,131,14,74,26608,12,2484,132,22053,28],"class_list":{"0":"post-641309","1":"post","2":"type-post","3":"status-publish","4":"format-standard","5":"has-post-thumbnail","7":"category-international","8":"tag-actualites","9":"tag-armee","10":"tag-chine","11":"tag-fr","12":"tag-france","13":"tag-guerre","14":"tag-guerre-en-ukraine","15":"tag-international","16":"tag-monde","17":"tag-natalite","18":"tag-news","19":"tag-pekin","20":"tag-russie","21":"tag-taiwan","22":"tag-world"},"share_on_mastodon":{"url":"https:\/\/pubeurope.com\/@fr\/115839337963454951","error":""},"_links":{"self":[{"href":"https:\/\/www.europesays.com\/fr\/wp-json\/wp\/v2\/posts\/641309","targetHints":{"allow":["GET"]}}],"collection":[{"href":"https:\/\/www.europesays.com\/fr\/wp-json\/wp\/v2\/posts"}],"about":[{"href":"https:\/\/www.europesays.com\/fr\/wp-json\/wp\/v2\/types\/post"}],"author":[{"embeddable":true,"href":"https:\/\/www.europesays.com\/fr\/wp-json\/wp\/v2\/users\/2"}],"replies":[{"embeddable":true,"href":"https:\/\/www.europesays.com\/fr\/wp-json\/wp\/v2\/comments?post=641309"}],"version-history":[{"count":0,"href":"https:\/\/www.europesays.com\/fr\/wp-json\/wp\/v2\/posts\/641309\/revisions"}],"wp:featuredmedia":[{"embeddable":true,"href":"https:\/\/www.europesays.com\/fr\/wp-json\/wp\/v2\/media\/641310"}],"wp:attachment":[{"href":"https:\/\/www.europesays.com\/fr\/wp-json\/wp\/v2\/media?parent=641309"}],"wp:term":[{"taxonomy":"category","embeddable":true,"href":"https:\/\/www.europesays.com\/fr\/wp-json\/wp\/v2\/categories?post=641309"},{"taxonomy":"post_tag","embeddable":true,"href":"https:\/\/www.europesays.com\/fr\/wp-json\/wp\/v2\/tags?post=641309"}],"curies":[{"name":"wp","href":"https:\/\/api.w.org\/{rel}","templated":true}]}}