{"id":641315,"date":"2026-01-04T23:10:14","date_gmt":"2026-01-04T23:10:14","guid":{"rendered":"https:\/\/www.europesays.com\/fr\/641315\/"},"modified":"2026-01-04T23:10:14","modified_gmt":"2026-01-04T23:10:14","slug":"le-mans-fc-tient-en-echec-saint-etienne-et-poursuit-sa-belle-serie-angers-info","status":"publish","type":"post","link":"https:\/\/www.europesays.com\/fr\/641315\/","title":{"rendered":"Le Mans FC tient en \u00e9chec Saint-\u00c9tienne et poursuit sa belle s\u00e9rie \u2013 Angers Info"},"content":{"rendered":"<p><img fetchpriority=\"high\" decoding=\"async\" width=\"1024\" height=\"768\" src=\"https:\/\/www.europesays.com\/fr\/wp-content\/uploads\/2025\/12\/Le_mans_fc_laval-1024x768.jpg\" alt=\"\" class=\"wp-image-171394\"  \/>Le Mans FC a obtenu le point du nul hier face \u00e0 Saint Etienne \/ DR<\/p>\n<p><strong>Devant plus de 24 000 spectateurs au stade Marie-Marvingt, Le Mans FC a obtenu le match nul face \u00e0 l\u2019AS Saint-\u00c9tienne (0-0), samedi 3 janvier 2026, lors de la 18e journ\u00e9e de Ligue 2. Un r\u00e9sultat solide, comme le rapporte Le Maine Libre, qui permet aux Sarthois de prolonger leur dynamique positive.<\/strong><\/p>\n<p><strong>Un nul logique dans un stade comble<\/strong><\/p>\n<p>Dans une enceinte pleine, les Manceaux et les St\u00e9phanois se sont quitt\u00e9s dos \u00e0 dos au terme d\u2019une rencontre globalement \u00e9quilibr\u00e9e. Malgr\u00e9 une possession de balle \u00e0 l\u2019avantage des Verts, Le Mans FC a su r\u00e9pondre par une organisation solide et un engagement constant, emp\u00eachant les visiteurs de faire la diff\u00e9rence.<\/p>\n<p><strong>Des occasions de part et d\u2019autre<\/strong><\/p>\n<p>Les deux \u00e9quipes se sont procur\u00e9 plusieurs situations franches. Le gardien manceau Nicolas Kocik s\u2019est illustr\u00e9 \u00e0 plusieurs reprises, tandis que les Sang et Or ont fr\u00f4l\u00e9 l\u2019ouverture du score en seconde p\u00e9riode, notamment sur des frappes et des t\u00eates dangereuses qui ont manqu\u00e9 de pr\u00e9cision. Malgr\u00e9 l\u2019intensit\u00e9 et les occasions, aucun but n\u2019a \u00e9t\u00e9 inscrit.<\/p>\n<p><strong>Une s\u00e9rie d\u2019invincibilit\u00e9 qui se prolonge<\/strong><\/p>\n<p>Avec ce match nul, Le Mans FC encha\u00eene une treizi\u00e8me rencontre cons\u00e9cutive sans d\u00e9faite en championnat, confirmant sa solidit\u00e9 depuis plusieurs semaines. Les Sarthois tourneront d\u00e9sormais leur attention vers la Coupe de France, avec la r\u00e9ception de Nancy, dimanche 11 janvier, avant de reprendre leur parcours en Ligue 2.<\/p>\n","protected":false},"excerpt":{"rendered":"Le Mans FC a obtenu le point du nul hier face \u00e0 Saint Etienne \/ DR Devant plus&hellip;\n","protected":false},"author":2,"featured_media":587994,"comment_status":"","ping_status":"","sticky":false,"template":"","format":"standard","meta":{"footnotes":""},"categories":[9653],"tags":[1111,11,2430,1777,674,1011,27,40797,446,12,25,4001,25849],"class_list":{"0":"post-641315","1":"post","2":"type-post","3":"status-publish","4":"format-standard","5":"has-post-thumbnail","7":"category-saint-etienne","8":"tag-actu","9":"tag-actualites","10":"tag-auvergne-rhone-alpes","11":"tag-eu","12":"tag-europe","13":"tag-fr","14":"tag-france","15":"tag-le-mans-fc","16":"tag-ligue-2","17":"tag-news","18":"tag-republique-francaise","19":"tag-saint-etienne","20":"tag-sarthe"},"share_on_mastodon":{"url":"https:\/\/pubeurope.com\/@fr\/115839357638675808","error":""},"_links":{"self":[{"href":"https:\/\/www.europesays.com\/fr\/wp-json\/wp\/v2\/posts\/641315","targetHints":{"allow":["GET"]}}],"collection":[{"href":"https:\/\/www.europesays.com\/fr\/wp-json\/wp\/v2\/posts"}],"about":[{"href":"https:\/\/www.europesays.com\/fr\/wp-json\/wp\/v2\/types\/post"}],"author":[{"embeddable":true,"href":"https:\/\/www.europesays.com\/fr\/wp-json\/wp\/v2\/users\/2"}],"replies":[{"embeddable":true,"href":"https:\/\/www.europesays.com\/fr\/wp-json\/wp\/v2\/comments?post=641315"}],"version-history":[{"count":0,"href":"https:\/\/www.europesays.com\/fr\/wp-json\/wp\/v2\/posts\/641315\/revisions"}],"wp:featuredmedia":[{"embeddable":true,"href":"https:\/\/www.europesays.com\/fr\/wp-json\/wp\/v2\/media\/587994"}],"wp:attachment":[{"href":"https:\/\/www.europesays.com\/fr\/wp-json\/wp\/v2\/media?parent=641315"}],"wp:term":[{"taxonomy":"category","embeddable":true,"href":"https:\/\/www.europesays.com\/fr\/wp-json\/wp\/v2\/categories?post=641315"},{"taxonomy":"post_tag","embeddable":true,"href":"https:\/\/www.europesays.com\/fr\/wp-json\/wp\/v2\/tags?post=641315"}],"curies":[{"name":"wp","href":"https:\/\/api.w.org\/{rel}","templated":true}]}}