{"id":641316,"date":"2026-01-04T23:11:15","date_gmt":"2026-01-04T23:11:15","guid":{"rendered":"https:\/\/www.europesays.com\/fr\/641316\/"},"modified":"2026-01-04T23:11:15","modified_gmt":"2026-01-04T23:11:15","slug":"gagnez-vos-places-pour-son-spectacle-a-nancy","status":"publish","type":"post","link":"https:\/\/www.europesays.com\/fr\/641316\/","title":{"rendered":"gagnez vos places pour son spectacle \u00e0 Nancy"},"content":{"rendered":"<p>Mercredi 28 janvier \u00e0 20h00, Antoine Donneaux pr\u00e9sente son spectacle \u00ab\u00a0Imitateur, mais pas que !\u00a0\u00bb.<\/p>\n<p>Antoine Donneaux a un probl\u00e8me. Non pas tellement qu&rsquo;il soit hypocondriaque&#8230;.En fait, ce jeune et \u00e9l\u00e9gant humoriste belge est imitateur. Mais malgr\u00e9 lui.<\/p>\n<p>Imaginez-le en train de vous raconter sa vie, fa\u00e7on stand up. Vous parlez des trucs qu&rsquo;il aime, qu&rsquo;il n&rsquo;aime pas, \u00e9voquer des souvenirs. Voire discourir sur de vrais sujets de soci\u00e9t\u00e9 comme par exemple l&rsquo;influence insidieuse qu&rsquo;exerce sur tout un chacun la publicit\u00e9. Et soudain, voil\u00e0 qu&rsquo;il se transforme, ses cordes vocales comme poss\u00e9d\u00e9es par un autre. Ou parfois m\u00eame : une autre.<\/p>\n<p>Le public est conquis!\u00a0 Ce charismatique artiste laisse l&rsquo;un ou l&rsquo;autre personnage bien connu se glisser dans ses chroniques absurdes et ses petites tranches de vie palpitante. La premi\u00e8re personnalit\u00e9 qu&rsquo;il a imit\u00e9e n&rsquo;est autre que son p\u00e8re devant son poste de t\u00e9l\u00e9vision. On sent chez lui un souci d&rsquo;authenticit\u00e9.\u00a0<\/p>\n<p>\u00ab Et sinon, demanderont certains, est-ce qu&rsquo;Antoine fait Johnny ? \u00bb Ben non ! Enfin, si, presque. Vous verrez bien ! Ah, oui, et un petit conseil : \u00ab Antoine Donneaux, imitateur mais pas que\u00a0&#8230; \u00bb \u00e9tant \u00e0 la sc\u00e8ne ce qu&rsquo;un Marvel est au cin\u00e9ma de super-h\u00e9ros, restez dans la salle apr\u00e8s le g\u00e9n\u00e9rique, ou plut\u00f4t le rappel. Car il y a avec lui aussi une petite surprise \u00e0 la cl\u00e9.<\/p>\n<p>A 16 ans, il commence \u00e0 chanter et est mordu par le virus de l\u2019imitation. Depuis, il n\u2019arr\u00eate plus, puisant dans la chanson, l\u2019humour et d\u2019autres domaines encore, devenant tant\u00f4t\u00a0<strong>Pascal Obispo<\/strong>, tant\u00f4t\u00a0<strong>Francis Cabrel<\/strong>,\u00a0<strong>Fran\u00e7ois Damiens<\/strong>,\u00a0<strong>Aznavour<\/strong>,\u00a0<strong>Olivier de Benoist<\/strong>\u00a0ou\u00a0<strong>Nikos Aliagias<\/strong>.<\/p>\n<p>Ce nouveau spectacle \u00ab\u00a0Imitateur mais pas que !\u00a0\u00bb a \u00e9t\u00e9 co-\u00e9crit et mis en sc\u00e8ne par\u00a0<strong>Mathieu Debaty<\/strong>, qui a notamment travaill\u00e9 avec Carole Matagne, Manon Lepomme, Isabelle Innocente, Jean-Philippe Lorph\u00e8vre, Samuel Tits ou encore les 3 barbes 2 touffes.<\/p>\n","protected":false},"excerpt":{"rendered":"Mercredi 28 janvier \u00e0 20h00, Antoine Donneaux pr\u00e9sente son spectacle \u00ab\u00a0Imitateur, mais pas que !\u00a0\u00bb. Antoine Donneaux a&hellip;\n","protected":false},"author":2,"featured_media":641317,"comment_status":"","ping_status":"","sticky":false,"template":"","format":"standard","meta":{"footnotes":""},"categories":[9635],"tags":[1111,11,2389,74791,1777,674,1011,27,775,30237,43055,5366,73687,71518,3457,11209,1702,12,1825,25,64894,774],"class_list":{"0":"post-641316","1":"post","2":"type-post","3":"status-publish","4":"format-standard","5":"has-post-thumbnail","7":"category-nancy","8":"tag-actu","9":"tag-actualites","10":"tag-alsace","11":"tag-antoine-donneaux","12":"tag-eu","13":"tag-europe","14":"tag-fr","15":"tag-france","16":"tag-grand-est","17":"tag-haute-marne","18":"tag-imitateur","19":"tag-la-france-a-un-incroyable-talent","20":"tag-magnum","21":"tag-magnum-la-radio","22":"tag-meurthe-et-moselle","23":"tag-meuse","24":"tag-nancy","25":"tag-news","26":"tag-radio","27":"tag-republique-francaise","28":"tag-salle-poirel","29":"tag-vosges"},"share_on_mastodon":{"url":"https:\/\/pubeurope.com\/@fr\/115839361508532748","error":""},"_links":{"self":[{"href":"https:\/\/www.europesays.com\/fr\/wp-json\/wp\/v2\/posts\/641316","targetHints":{"allow":["GET"]}}],"collection":[{"href":"https:\/\/www.europesays.com\/fr\/wp-json\/wp\/v2\/posts"}],"about":[{"href":"https:\/\/www.europesays.com\/fr\/wp-json\/wp\/v2\/types\/post"}],"author":[{"embeddable":true,"href":"https:\/\/www.europesays.com\/fr\/wp-json\/wp\/v2\/users\/2"}],"replies":[{"embeddable":true,"href":"https:\/\/www.europesays.com\/fr\/wp-json\/wp\/v2\/comments?post=641316"}],"version-history":[{"count":0,"href":"https:\/\/www.europesays.com\/fr\/wp-json\/wp\/v2\/posts\/641316\/revisions"}],"wp:featuredmedia":[{"embeddable":true,"href":"https:\/\/www.europesays.com\/fr\/wp-json\/wp\/v2\/media\/641317"}],"wp:attachment":[{"href":"https:\/\/www.europesays.com\/fr\/wp-json\/wp\/v2\/media?parent=641316"}],"wp:term":[{"taxonomy":"category","embeddable":true,"href":"https:\/\/www.europesays.com\/fr\/wp-json\/wp\/v2\/categories?post=641316"},{"taxonomy":"post_tag","embeddable":true,"href":"https:\/\/www.europesays.com\/fr\/wp-json\/wp\/v2\/tags?post=641316"}],"curies":[{"name":"wp","href":"https:\/\/api.w.org\/{rel}","templated":true}]}}