{"id":641320,"date":"2026-01-04T23:14:13","date_gmt":"2026-01-04T23:14:13","guid":{"rendered":"https:\/\/www.europesays.com\/fr\/641320\/"},"modified":"2026-01-04T23:14:13","modified_gmt":"2026-01-04T23:14:13","slug":"il-y-a-un-an-disparaissait-marie-claude-beaud-marraine-culturelle-pour-toulon","status":"publish","type":"post","link":"https:\/\/www.europesays.com\/fr\/641320\/","title":{"rendered":"il y a un an disparaissait Marie-Claude Beaud, marraine culturelle pour Toulon"},"content":{"rendered":"<p class=\"fs-5 \">On l\u2019appelait la \u00ab grande dame des mus\u00e9es \u00bb. Elle en avait \u00e9cum\u00e9 beaucoup effectivement, contribuant \u00e0 introduire l\u2019art contemporain en province\u2026 Surtout \u00e0 Toulon, o\u00f9 elle prit les r\u00eanes du mus\u00e9e d\u2019art.<\/p>\n<p>        <img src=\"https:\/\/www.europesays.com\/fr\/wp-content\/uploads\/2026\/01\/c9b7e80_upload-from-url-1-wbtzwe9zbxre-14721902-pspisoko.jpg\"   loading=\"lazy\" decoding=\"async\" alt=\"\" class=\"img-fluid position-absolute w-100 object-fit-cover rounded-2\" width=\"600\" height=\"400\"\/><\/p>\n<p class=\"fs-5 \">Le 29 d\u00e9cembre 2024, Marie-Claude Beaud y est d\u00e9c\u00e9d\u00e9e, laissant derri\u00e8re elle beaucoup de souvenirs et de traces de son \u00e9poque (b\u00e9nite).<\/p>\n<p>                                                                                De Bordeaux \u00e0 Toulon en passant par New York<\/p>\n<p class=\"fs-5 \">Un an apr\u00e8s, l\u2019une de ses ni\u00e8ces, Anne-C\u00e9cile, se souvient : \u00ab Nous sommes ravis que le mus\u00e9e de Toulon ait d\u00e9di\u00e9 un espace \u00e0 son nom. La fondation Cartier \u00e0 Paris, o\u00f9 elle a travaill\u00e9 \u00e9galement, lui a rendu un magnifique hommage en donnant son nom \u00e0 un auditorium multiforme d\u2019un incroyable rouge Cartier. Tout \u00e7a nous fait chaud au c\u0153ur et t\u00e9moigne du talent et de la libert\u00e9 de Marie-Claude. \u00bb<\/p>\n<p class=\"fs-5 \">Marie-Claude Beaud avait d\u2019abord fait ses armes en France au mus\u00e9e CAPC de Bordeaux, o\u00f9 elle avait impos\u00e9 des artistes honnis ailleurs. Bingo ! Cela avait attir\u00e9 tous les regards.<\/p>\n<p class=\"fs-5 \">En 2005, la princesse Caroline de Monaco l\u2019avait appel\u00e9e pour prendre la t\u00eate de la direction artistique du Prix international d\u2019art contemporain de la Fondation Prince Pierre de Monaco.<\/p>\n<p class=\"fs-5 \">Elle dirigea ensuite le Nouveau mus\u00e9e national de Monaco.<\/p>\n<p class=\"fs-5 \">En parall\u00e8le, elle avait soutenu, depuis le d\u00e9but, l\u2019ascension de la Villa Noailles, \u00e0 Hy\u00e8res, comme centre d\u2019art contemporain. Accompagnant le virage mode et design des cr\u00e9ateurs.<\/p>\n<p class=\"fs-5 \">Avant de s\u2019en \u00e9loigner discr\u00e8tement.<\/p>\n<p class=\"fs-5 \">Mais, surtout, Marie-Claude avait soutenu, encourag\u00e9 et port\u00e9 des artistes majeurs du XXe si\u00e8cle. Basquiat, Warhol, Lou Reed, John Cale\u2026 Durant ses escapades \u00e0 New York, elle baignait dans le milieu arty des ann\u00e9es 80.<\/p>\n<p class=\"fs-5 \">\u00ab D\u2019ailleurs, c\u2019est elle qui avait organis\u00e9 le dernier concert du Velvet Underground \u00e0 la fondation Cartier au d\u00e9but des ann\u00e9es 1990. Un \u00e9v\u00e9nement unique \u00bb, ajoute Anne-C\u00e9line.<\/p>\n<p>                                                                                Rendez-vous \u00e0 Port-Cros pour MCB !<\/p>\n<p>        <img decoding=\"async\" src=\"https:\/\/www.europesays.com\/fr\/wp-content\/uploads\/2026\/01\/ARTBLOCKVIEW-10663198-1128-752-9e6ef93_upload-from-url-1-phllikhnpx1h-data-art-16887561.jpg\" class=\"figure-img img-fluid rounded\" alt=\"Ce patchwork a \u00e9t\u00e9 r\u00e9alis\u00e9 par Anne-C\u00e9line, l\u2019une de ses ni\u00e8ces. \u00abIl lui ressemble.\u00bb Photo DR \"\/><\/p>\n<p class=\"fs-5 \">Pas \u00e9tonnant que le si\u00e8ge de la Fondation Cartier garde une empreinte de son passage. Tout comme Toulon, o\u00f9 les cendres de MCB, comme aimaient l\u2019appeler ses proches, ont \u00e9t\u00e9 dispers\u00e9es en septembre dernier.<\/p>\n<p class=\"fs-5 \">\u00ab On a pris un bateau entre famille et amis et on est partis au large, raconte sa ni\u00e8ce. Puis on s\u2019est tous retrouv\u00e9s sur l\u2019\u00eele de Port-Cros, o\u00f9 Marie-Claude avait ses habitudes. Au Manoir de Port-Cros, une grande table avait \u00e9t\u00e9 pr\u00e9par\u00e9e par le ma\u00eetre des lieux (ami de Marie-Claude) et on a tous ri, pleur\u00e9 et partag\u00e9 nos souvenirs. \u00bb<\/p>\n<p class=\"fs-5 \">Pour Anne-C\u00e9line, \u00ab MC \u00e9tait une femme libre depuis le d\u00e9but. Sans compromis. Pour moi, elle est un exemple quasi philosophique, dont j\u2019essaie de m\u2019inspirer au quotidien. \u00bb<\/p>\n<p>                                                                                Vente d\u2019\u0153uvres d\u2019art bient\u00f4t ?<\/p>\n<p class=\"fs-5 \">Sa derni\u00e8re demeure a \u00e9t\u00e9 un grand appartement \u00e0 Toulon, du c\u00f4t\u00e9 du quartier de Chalucet. Et dans lequel de nombreuses \u0153uvres de ma\u00eetres de l\u2019art contemporain avaient \u00e9t\u00e9 accumul\u00e9es par la ma\u00eetresse des lieux.<\/p>\n<p class=\"fs-5 \">Elle nous en avait parl\u00e9 lors de la grande interview que nous lui avions consacr\u00e9e quelques mois avant sa mort.<\/p>\n<p class=\"fs-5 \">La succession est en cours, mais une partie de ses \u0153uvres d\u2019art seront bient\u00f4t mises en vente. Toute la peinture contemporaine du XXe si\u00e8cle s\u2019y retrouvera. Avec, dedans, des tr\u00e9sors de l\u2019art moderne, encore m\u00e9connus \u00e0 ce jour.<\/p>\n<p class=\"fs-5 \">On r\u00eave alors que cette vente s\u2019organise \u00e0 Toulon, la ville pr\u00e9f\u00e9r\u00e9e de la fin de sa vie, o\u00f9 les couleurs du ciel lui donnaient du baume au c\u0153ur.<\/p>\n","protected":false},"excerpt":{"rendered":"On l\u2019appelait la \u00ab grande dame des mus\u00e9es \u00bb. Elle en avait \u00e9cum\u00e9 beaucoup effectivement, contribuant \u00e0 introduire&hellip;\n","protected":false},"author":2,"featured_media":641321,"comment_status":"","ping_status":"","sticky":false,"template":"","format":"standard","meta":{"footnotes":""},"categories":[9619],"tags":[1111,11,1777,674,1011,27,12,882,25,2310],"class_list":{"0":"post-641320","1":"post","2":"type-post","3":"status-publish","4":"format-standard","5":"has-post-thumbnail","7":"category-toulon","8":"tag-actu","9":"tag-actualites","10":"tag-eu","11":"tag-europe","12":"tag-fr","13":"tag-france","14":"tag-news","15":"tag-provence-alpes-cote-dazur","16":"tag-republique-francaise","17":"tag-toulon"},"share_on_mastodon":{"url":"https:\/\/pubeurope.com\/@fr\/115839373674192860","error":""},"_links":{"self":[{"href":"https:\/\/www.europesays.com\/fr\/wp-json\/wp\/v2\/posts\/641320","targetHints":{"allow":["GET"]}}],"collection":[{"href":"https:\/\/www.europesays.com\/fr\/wp-json\/wp\/v2\/posts"}],"about":[{"href":"https:\/\/www.europesays.com\/fr\/wp-json\/wp\/v2\/types\/post"}],"author":[{"embeddable":true,"href":"https:\/\/www.europesays.com\/fr\/wp-json\/wp\/v2\/users\/2"}],"replies":[{"embeddable":true,"href":"https:\/\/www.europesays.com\/fr\/wp-json\/wp\/v2\/comments?post=641320"}],"version-history":[{"count":0,"href":"https:\/\/www.europesays.com\/fr\/wp-json\/wp\/v2\/posts\/641320\/revisions"}],"wp:featuredmedia":[{"embeddable":true,"href":"https:\/\/www.europesays.com\/fr\/wp-json\/wp\/v2\/media\/641321"}],"wp:attachment":[{"href":"https:\/\/www.europesays.com\/fr\/wp-json\/wp\/v2\/media?parent=641320"}],"wp:term":[{"taxonomy":"category","embeddable":true,"href":"https:\/\/www.europesays.com\/fr\/wp-json\/wp\/v2\/categories?post=641320"},{"taxonomy":"post_tag","embeddable":true,"href":"https:\/\/www.europesays.com\/fr\/wp-json\/wp\/v2\/tags?post=641320"}],"curies":[{"name":"wp","href":"https:\/\/api.w.org\/{rel}","templated":true}]}}