{"id":641324,"date":"2026-01-04T23:16:12","date_gmt":"2026-01-04T23:16:12","guid":{"rendered":"https:\/\/www.europesays.com\/fr\/641324\/"},"modified":"2026-01-04T23:16:12","modified_gmt":"2026-01-04T23:16:12","slug":"un-livre-pour-aborder-la-villa-des-cent-regards-autrement","status":"publish","type":"post","link":"https:\/\/www.europesays.com\/fr\/641324\/","title":{"rendered":"Un livre pour aborder la Villa des cent regards autrement"},"content":{"rendered":"<p>\n                                                                Les propri\u00e9taires du site et l\u2019association Animation de la Villa des cents regards viennent de faire \u00e9diter un ouvrage retra\u00e7ant l\u2019histoire du lieu et de son insolite cr\u00e9ateur.\n                            <\/p>\n<p>\u00ab\u00a0On est assez content du r\u00e9sultat\u00a0\u00bb, l\u00e2che, sobrement, Michel Fressoz. Modeste, l\u2019homme y voit une \u0153uvre collective que celle de produire et auto \u00e9diter un ouvrage retra\u00e7ant la gen\u00e8se, la construction, l\u2019existence et le sauvetage de la Villa des cent regards.Cette singuli\u00e8re et baroque b\u00e2tisse, pos\u00e9e \u00e0 l\u2019angle des rues de La Roqueturi\u00e8re et d\u2019Agn\u00e8s-d\u2019Aragon dans le r\u00e9sidentiel quartier d\u2019Aiguelongue.<\/p>\n<p>    Vittorio Grazi, ce singulier \u201cma\u00e7on romain\u201d<\/p>\n<p>Comme un certain nombre de ses contemporains, Vittorio Grazi a pris attache avec la France pour fuir la mont\u00e9e du fascisme transalpin.<\/p>\n<p>Cimentier et ma\u00e7on, dipl\u00f4m\u00e9 de l\u2019\u00e9cole de Rome, l\u2019homme et son \u00e9pouse, Ilda, s\u2019installent, \u00e0 Montpellier dans les ann\u00e9es trente. Et ont acquis le terrain de l\u2019actuelle villa en 1937.<\/p>\n<p>Outre la villa, l\u2019on retrouve Vittorio Grazi sur un autre chantier d\u00e9sormais inscrit dans le paysage local\u2005: l\u2019\u00e9glise Sainte-Th\u00e9r\u00e8se, avenue d\u2019Assas.<\/p>\n<p>Command\u00e9 en 1931, l\u2019\u00e9difice religieux a \u00e9t\u00e9 achev\u00e9 au cours de l\u2019ann\u00e9e 1947. Un chantier auquel a particip\u00e9 Vittorio Grazi.L\u2019ouvrage sur la villa le montre sur un clich\u00e9 pris sur le d\u00f4me, en cours de construction, du b\u00e2timent cultuel.<\/p>\n<p>Habile de ses mains, bon ouvrier, Vittorio Grazi n\u2019a jamais explicit\u00e9 la raisonde son acharnement \u00e0 b\u00e2tir la villa et \u00e0 y consacrer un peu plus de trois d\u00e9cennies.\u00a0Aujourd\u2019hui prot\u00e9g\u00e9, seule son inscription \u00e0 l\u2019inventaire des monuments historiques permettrait de sanctuariser le lieu.<\/p>\n<p>Saccag\u00e9e, r\u00e9habilit\u00e9e, d\u00e9grad\u00e9e puis restaur\u00e9e<\/p>\n<p>Soit le fruit d\u2019une longue histoire commenc\u00e9e par le concepteur de l\u2019habitation. Poursuivie ensuite gr\u00e2ce \u00e0 l\u2019opini\u00e2tret\u00e9 d\u2019une poign\u00e9e de Montpelli\u00e9rains f\u00e9rus d\u2019urbanisme, d\u2019histoire et patrimoine. Un endroit habit\u00e9, jusqu\u2019en 1970, par son concepteur Vittorio Grazi (lire ci-contre).<\/p>\n<p>D\u00e9laiss\u00e9e puis laiss\u00e9e ouverte aux quatre vents, d\u00e9grad\u00e9e, la villa va fr\u00f4ler la d\u00e9molition. \u00ab\u00a0Une fois \u00e0 la retraite, j\u2019avais ouvert une galerie d\u2019art \u00e0 Saint-C\u00f4me. En 2004, lors d\u2019une exposition de Xavier Dejean, l\u2019ancien conservateur du Mus\u00e9e Fabre, l\u2019adjoint municipal \u00e0 la culture de l\u2019\u00e9poque Henri Talvat y est venu. Et m\u2019a dit que la mairie allait la d\u00e9molir. Je lui ai alors fait remarquer que c\u2019\u00e9tait dommage. Il m\u2019a alors r\u00e9pondu\u2005: \u201cSi vous voulez, vous n&rsquo;avez qu\u2019\u00e0 l\u2019acheter\u2005!\u201d Donc voil\u00e0\u2026\u00a0\u00bb, raconte Michel Fressoz. Ni une ni deux, l\u2019ancien directeur r\u00e9gional du Centre national de la fonction publique territoriale (CNFPT) saute le pas et acquiert l&rsquo;ensemble pour une centaine de milliers d\u2019euros.<\/p>\n<p>    Ma\u00e7on Grazi et facteur Cheval<\/p>\n<p>Quel point commun entre le facteur Ferdinand Cheval (1836-1924, palais id\u00e9al \u00e0 Hauterives dans la Dr\u00f4me), Vittorio Grazi (1896-1970) et l\u2019ouvrier du b\u00e2timent napolitain Simon Rodia (1879-1965, b\u00e2tisseur des Watts towers, un ensemble de dix-sept tours dans sa r\u00e9sidence californienne) ? Ils ont consacr\u00e9 chacun 33 ans \u00e0 b\u00e2tir leur \u0153uvre architecturale au cours du XXe si\u00e8cle !<\/p>\n<p>\u00ab\u00a0Nous voulions sauver la m\u00e9moire du lieu\u00a0\u00bb<\/p>\n<p>\u00c0 partir de l\u00e0 va d\u00e9buter une longue restauration.\u00a0Une r\u00e9habilitation pour conserver le reste de superbe de l\u2019ouvrage. Mais pas seulement. \u00ab\u00a0Nous l&rsquo;avons restaur\u00e9 et en avons fait un petit lieu culturel pour y accueillir conf\u00e9rences, expositions et ateliers\u00a0\u00bb. Las. \u00c0\u00a0nouveau saccag\u00e9e en 2017, la villa a bien failli cette fois \u00eatre abandonn\u00e9e \u00ab\u00a0car j\u2019\u00e9tais trop vieux. Mmais des gens ont dit qu\u2019ils prenaient la rel\u00e8ve\u00a0\u00bb. Notamment Alain Viricel et Jean-Michel Moulet, deux des solides piliers de l\u2019association.<\/p>\n<p>Une nouvelle fois sauv\u00e9e de la d\u00e9cr\u00e9pitude, la maison est d\u00e9sormais rouverte \u00e0 la visite, chaque premier samedi du mois. Et sert toujours de cadre \u00e0 des actions culturelles.<br \/>Mais pouvoir conserver une trace compl\u00e8te du lieu faisait partie des souhaits de Michel Fressoz. \u00ab\u00a0Le b\u00e2timent \u00e9tait quasiment sauv\u00e9 mais l\u00e0, nous voulions sauver la m\u00e9moire du lieu\u00a0\u00bb.<\/p>\n<p>D\u2019o\u00f9 l\u2019id\u00e9e de consacrer un ouvrage complet (doubl\u00e9 d\u2019un montage vid\u00e9o) \u00e0 la villa. \u00ab\u00a0Il y a quatre \u00e0 cinq ans, la Fondation de la Banque Populaire du Sud a lanc\u00e9 un appel \u00e0 projets culturels. Nous avons \u00e9t\u00e9 retenus et d\u00e9croch\u00e9 cinq mille euros.Ce qui \u00e9tait \u00e9norme pour une petite association\u00a0\u00bb.<\/p>\n<p>En revanche, le dossier permettant d\u2019obtenir le label \u201carchitecture contemporaine remarquable\u201d aupr\u00e8s de la Direction r\u00e9gionale des affaires culturelles (Drac) ne s\u2019est toujours pas concr\u00e9tis\u00e9. Une inertie difficile \u00e0 comprendre. D\u2019autant que pour d\u00e9crocher ladite certification l\u2019un des crit\u00e8res n\u00e9cessaire repose sur la notori\u00e9t\u00e9.<\/p>\n<p>\u00c0 ce sujet, la renomm\u00e9e de la villa est, elle, bien \u00e9tablie. Preuves\u2005? Les nombreuses coupures de presse et son r\u00e9f\u00e9rencement au Mus\u00e9e d\u2019art modeste de Lille.<\/p>\n","protected":false},"excerpt":{"rendered":"Les propri\u00e9taires du site et l\u2019association Animation de la Villa des cents regards viennent de faire \u00e9diter un&hellip;\n","protected":false},"author":2,"featured_media":641325,"comment_status":"","ping_status":"","sticky":false,"template":"","format":"standard","meta":{"footnotes":""},"categories":[9599],"tags":[1111,11,872,1777,674,1011,27,7089,2208,12,2680,2551,25],"class_list":{"0":"post-641324","1":"post","2":"type-post","3":"status-publish","4":"format-standard","5":"has-post-thumbnail","7":"category-montpellier","8":"tag-actu","9":"tag-actualites","10":"tag-culture-et-loisirs","11":"tag-eu","12":"tag-europe","13":"tag-fr","14":"tag-france","15":"tag-herault","16":"tag-montpellier","17":"tag-news","18":"tag-occitanie","19":"tag-patrimoine","20":"tag-republique-francaise"},"share_on_mastodon":{"url":"https:\/\/pubeurope.com\/@fr\/115839381230203688","error":""},"_links":{"self":[{"href":"https:\/\/www.europesays.com\/fr\/wp-json\/wp\/v2\/posts\/641324","targetHints":{"allow":["GET"]}}],"collection":[{"href":"https:\/\/www.europesays.com\/fr\/wp-json\/wp\/v2\/posts"}],"about":[{"href":"https:\/\/www.europesays.com\/fr\/wp-json\/wp\/v2\/types\/post"}],"author":[{"embeddable":true,"href":"https:\/\/www.europesays.com\/fr\/wp-json\/wp\/v2\/users\/2"}],"replies":[{"embeddable":true,"href":"https:\/\/www.europesays.com\/fr\/wp-json\/wp\/v2\/comments?post=641324"}],"version-history":[{"count":0,"href":"https:\/\/www.europesays.com\/fr\/wp-json\/wp\/v2\/posts\/641324\/revisions"}],"wp:featuredmedia":[{"embeddable":true,"href":"https:\/\/www.europesays.com\/fr\/wp-json\/wp\/v2\/media\/641325"}],"wp:attachment":[{"href":"https:\/\/www.europesays.com\/fr\/wp-json\/wp\/v2\/media?parent=641324"}],"wp:term":[{"taxonomy":"category","embeddable":true,"href":"https:\/\/www.europesays.com\/fr\/wp-json\/wp\/v2\/categories?post=641324"},{"taxonomy":"post_tag","embeddable":true,"href":"https:\/\/www.europesays.com\/fr\/wp-json\/wp\/v2\/tags?post=641324"}],"curies":[{"name":"wp","href":"https:\/\/api.w.org\/{rel}","templated":true}]}}