{"id":641332,"date":"2026-01-04T23:21:20","date_gmt":"2026-01-04T23:21:20","guid":{"rendered":"https:\/\/www.europesays.com\/fr\/641332\/"},"modified":"2026-01-04T23:21:20","modified_gmt":"2026-01-04T23:21:20","slug":"avez-vous-vu-cet-homme","status":"publish","type":"post","link":"https:\/\/www.europesays.com\/fr\/641332\/","title":{"rendered":"avez-vous vu cet homme ?"},"content":{"rendered":"<p>Ce jeune homme de 30 ans, souffrant de probl\u00e8mes psychiatriques, n&rsquo;a plus donn\u00e9 signe de vie depuis samedi. Ce jour-l\u00e0, il a \u00e9t\u00e9 vu sur la commune de La Tronche, au niveau de la cabane de Roche-Bise.<\/p>\n<p>La CRS Alpes lance un appel \u00e0 t\u00e9moins ce dimanche pour le retrouver.<\/p>\n<p>Octave mesure 1m73, est de corpulence fine, a les yeux bleus et les cheveux blonds. Il porte une barbe fournie. Il serait v\u00eatu d&rsquo;un pull de couleur moutarde.<\/p>\n<p>Toute personne disposant d&rsquo;informations le concernant peut contacter la CRS Alpes au 04 76 22 22 22 ou au 04 76 84 70 43.<\/p>\n","protected":false},"excerpt":{"rendered":"Ce jeune homme de 30 ans, souffrant de probl\u00e8mes psychiatriques, n&rsquo;a plus donn\u00e9 signe de vie depuis samedi.&hellip;\n","protected":false},"author":2,"featured_media":641333,"comment_status":"","ping_status":"","sticky":false,"template":"","format":"standard","meta":{"footnotes":""},"categories":[9566],"tags":[1111,11,2813,2430,1109,251,1112,2811,1777,674,118,1011,27,21780,2731,14004,1922,1110,1114,108,12,316,25,2812,517,800],"class_list":{"0":"post-641332","1":"post","2":"type-post","3":"status-publish","4":"format-standard","5":"has-post-thumbnail","7":"category-grenoble","8":"tag-actu","9":"tag-actualites","10":"tag-article","11":"tag-auvergne-rhone-alpes","12":"tag-breves","13":"tag-culture","14":"tag-depeches","15":"tag-economique","16":"tag-eu","17":"tag-europe","18":"tag-faits-divers","19":"tag-fr","20":"tag-france","21":"tag-gf38","22":"tag-grenoble","23":"tag-grenoblemag","24":"tag-info","25":"tag-informations","26":"tag-infos","27":"tag-isere","28":"tag-news","29":"tag-politique","30":"tag-republique-francaise","31":"tag-sociale","32":"tag-sport","33":"tag-transports"},"share_on_mastodon":{"url":"https:\/\/pubeurope.com\/@fr\/115839400850867975","error":""},"_links":{"self":[{"href":"https:\/\/www.europesays.com\/fr\/wp-json\/wp\/v2\/posts\/641332","targetHints":{"allow":["GET"]}}],"collection":[{"href":"https:\/\/www.europesays.com\/fr\/wp-json\/wp\/v2\/posts"}],"about":[{"href":"https:\/\/www.europesays.com\/fr\/wp-json\/wp\/v2\/types\/post"}],"author":[{"embeddable":true,"href":"https:\/\/www.europesays.com\/fr\/wp-json\/wp\/v2\/users\/2"}],"replies":[{"embeddable":true,"href":"https:\/\/www.europesays.com\/fr\/wp-json\/wp\/v2\/comments?post=641332"}],"version-history":[{"count":0,"href":"https:\/\/www.europesays.com\/fr\/wp-json\/wp\/v2\/posts\/641332\/revisions"}],"wp:featuredmedia":[{"embeddable":true,"href":"https:\/\/www.europesays.com\/fr\/wp-json\/wp\/v2\/media\/641333"}],"wp:attachment":[{"href":"https:\/\/www.europesays.com\/fr\/wp-json\/wp\/v2\/media?parent=641332"}],"wp:term":[{"taxonomy":"category","embeddable":true,"href":"https:\/\/www.europesays.com\/fr\/wp-json\/wp\/v2\/categories?post=641332"},{"taxonomy":"post_tag","embeddable":true,"href":"https:\/\/www.europesays.com\/fr\/wp-json\/wp\/v2\/tags?post=641332"}],"curies":[{"name":"wp","href":"https:\/\/api.w.org\/{rel}","templated":true}]}}