{"id":641334,"date":"2026-01-04T23:23:33","date_gmt":"2026-01-04T23:23:33","guid":{"rendered":"https:\/\/www.europesays.com\/fr\/641334\/"},"modified":"2026-01-04T23:23:33","modified_gmt":"2026-01-04T23:23:33","slug":"il-faut-que-ca-bouge-a-rennes-les-habitants-du-quartier-du-blosne-exasperes-par-les-coupures-de-chauffage","status":"publish","type":"post","link":"https:\/\/www.europesays.com\/fr\/641334\/","title":{"rendered":"\u00ab\u00a0Il faut que \u00e7a bouge\u00a0!\u00a0\u00bb : \u00c0 Rennes, les habitants du quartier du Blosne exasp\u00e9r\u00e9s par les coupures de chauffage"},"content":{"rendered":"<p>Des centaines d&rsquo;habitants du quartier du Blosne, \u00e0 Rennes, subissent depuis plusieurs jours de grosses pannes de chauffage et d&rsquo;eau chaude. La faute \u00e0 des fuites \u00e0 r\u00e9p\u00e9tition sur le r\u00e9seau d&rsquo;alimentation.<\/p>\n<p>Des pannes de chauffage \u00e0 r\u00e9p\u00e9tition dans des immeubles du quartier du Blosne \u00e0 Rennes. Depuis mi-d\u00e9cembre, les radiateurs ne fonctionnent plus, ou fonctionnent mal dans plusieurs immeubles de ce quartier populaire. Il y a aussi r\u00e9guli\u00e8rement des coupures d&rsquo;eau chaude. <strong>Des centaines de personnes<\/strong> sont touch\u00e9es, en plein \u00e9pisode de froid. Dans les tours des Grisons, par exemple, les habitants sont exasp\u00e9r\u00e9s.<\/p>\n<p>Michel habite au 7e \u00e9tage et \u00e7a fait des semaines qu&rsquo;il <strong>touche f\u00e9brilement ses radiateurs<\/strong>. \u00ab\u00a0Quand on sent un peu de chaud, on se dit que \u00e7a revient, et puis en fait non, soupire-t-il. R\u00e9sultat, il fait entre 12 et 15 degr\u00e9s dans l&rsquo;appartement.\u00a0\u00bb Il ne vit donc plus vraiment comme avant. \u00ab\u00a0On a achet\u00e9 des bouillotes avec ma femme car le lit est trop froid, on a pris des vestes, des chaussettes, qu&rsquo;on garde toute la journ\u00e9e.\u00a0\u00bb<\/p>\n<p>Pas de chauffage ni d&rsquo;eau chaude pour No\u00ebl<\/p>\n<p>Le pire \u00e9pisode a \u00e9t\u00e9 le jour de No\u00ebl\u00a0: coupure g\u00e9n\u00e9rale, pas de chauffage du tout, ni d&rsquo;eau chaude. Il a fallu attendre le 26 pour prendre une douche. Cette panne a fait parler par son ampleur, par sa date symbolique aussi, mais en r\u00e9alit\u00e9 \u00e7a fait <strong>bien plus longtemps que les probl\u00e8mes existent.<\/strong><\/p>\n<p> <img decoding=\"async\" src=\"https:\/\/www.europesays.com\/fr\/wp-content\/uploads\/2026\/01\/1767569013_894_1280.jpeg\" alt=\"illustration agrandir l'image\" style=\"--_image-preview:url('data:image\/jpeg;base64,\/9j\/2wBDACgcHiMeGSgjISMtKygwPGRBPDc3PHtYXUlkkYCZlo+AjIqgtObDoKrarYqMyP\/L2u71\/\/\/\/m8H\/\/\/\/6\/+b9\/\/j\/2wBDASstLTw1PHZBQXb4pYyl+Pj4+Pj4+Pj4+Pj4+Pj4+Pj4+Pj4+Pj4+Pj4+Pj4+Pj4+Pj4+Pj4+Pj4+Pj4+Pj4+Pj\/wAARCAAfACoDASIAAhEBAxEB\/8QAGAABAQEBAQAAAAAAAAAAAAAAAgABAwT\/xAAYEAEBAQEBAAAAAAAAAAAAAAAAARECEv\/EABYBAQEBAAAAAAAAAAAAAAAAAAIBAP\/EABYRAQEBAAAAAAAAAAAAAAAAAAABEf\/aAAwDAQACEQMRAD8A8\/leTxuFGtDyyx0GlgudA+gFXo1aGsvSSlYd6G0L0y1dHFaK1JrP\/9k=');\" loading=\"lazy\" fetchpriority=\"low\" class=\"svelte-1cksh76 rounded\" onload=\"this.__e=event\" onerror=\"this.__e=event\"\/> Le thermom\u00e8tre indique 14,6 degr\u00e9s dans l&rsquo;un des appartements de la Tour des Grisons. \u00a9 Radio France &#8211; Thomas Pinaroli  <\/p>\n<p>\u00ab\u00a0J&rsquo;ai dit au directeur d&rsquo;Archipel Habitat (le bailleur social, ndlr) d\u00e8s l&rsquo;automne qu&rsquo;il y avait de gros soucis de chauffage, confie Lucienne Mazurais, repr\u00e9sentante de l&rsquo;association de d\u00e9fense des locataires CLCV. Donc ils sont au courant depuis d\u00e9but octobre\u00a0!\u00a0\u00bb Le bailleur a lui-m\u00eame alert\u00e9 le fournisseur Engie. Ce dernier <strong>reconna\u00eet des fuites \u00e0 r\u00e9p\u00e9tition<\/strong> dans le quartier du Blosne.<\/p>\n<p>Un r\u00e9seau fragile qui craque \u00e0 plusieurs endroits<\/p>\n<p>Les r\u00e9parations sont syst\u00e9matiquement faites mais <strong>les tuyaux craquent \u00e0 un autre endroit<\/strong>, et ainsi de suite.\u00a0Les habitants craignent donc de passer l&rsquo;hiver comme \u00e7a. \u00ab\u00a0Il faut que \u00e7a bouge\u00a0!\u00a0\u00bb, s&#8217;emporte Lucienne Mazurais. Les habitants attendent une solution viable, car le bailleur social a bien distribu\u00e9 des radiateurs d&rsquo;appoint, mais leur utilisation co\u00fbte tr\u00e8s cher en \u00e9lectricit\u00e9.<\/p>\n<p>Engie assure de son c\u00f4t\u00e9 que depuis le 31 d\u00e9cembre <strong>tous les b\u00e2timents sont chauff\u00e9s<\/strong>, et que les \u00e9quipes d&rsquo;astreinte interviennent au plus vite \u00e0 chaque alerte.<\/p>\n","protected":false},"excerpt":{"rendered":"Des centaines d&rsquo;habitants du quartier du Blosne, \u00e0 Rennes, subissent depuis plusieurs jours de grosses pannes de chauffage&hellip;\n","protected":false},"author":2,"featured_media":641335,"comment_status":"","ping_status":"","sticky":false,"template":"","format":"standard","meta":{"footnotes":""},"categories":[2821],"tags":[1111,11,829,1777,674,1011,27,12,584,25],"class_list":{"0":"post-641334","1":"post","2":"type-post","3":"status-publish","4":"format-standard","5":"has-post-thumbnail","7":"category-rennes","8":"tag-actu","9":"tag-actualites","10":"tag-bretagne","11":"tag-eu","12":"tag-europe","13":"tag-fr","14":"tag-france","15":"tag-news","16":"tag-rennes","17":"tag-republique-francaise"},"share_on_mastodon":{"url":"https:\/\/pubeurope.com\/@fr\/115839408747530302","error":""},"_links":{"self":[{"href":"https:\/\/www.europesays.com\/fr\/wp-json\/wp\/v2\/posts\/641334","targetHints":{"allow":["GET"]}}],"collection":[{"href":"https:\/\/www.europesays.com\/fr\/wp-json\/wp\/v2\/posts"}],"about":[{"href":"https:\/\/www.europesays.com\/fr\/wp-json\/wp\/v2\/types\/post"}],"author":[{"embeddable":true,"href":"https:\/\/www.europesays.com\/fr\/wp-json\/wp\/v2\/users\/2"}],"replies":[{"embeddable":true,"href":"https:\/\/www.europesays.com\/fr\/wp-json\/wp\/v2\/comments?post=641334"}],"version-history":[{"count":0,"href":"https:\/\/www.europesays.com\/fr\/wp-json\/wp\/v2\/posts\/641334\/revisions"}],"wp:featuredmedia":[{"embeddable":true,"href":"https:\/\/www.europesays.com\/fr\/wp-json\/wp\/v2\/media\/641335"}],"wp:attachment":[{"href":"https:\/\/www.europesays.com\/fr\/wp-json\/wp\/v2\/media?parent=641334"}],"wp:term":[{"taxonomy":"category","embeddable":true,"href":"https:\/\/www.europesays.com\/fr\/wp-json\/wp\/v2\/categories?post=641334"},{"taxonomy":"post_tag","embeddable":true,"href":"https:\/\/www.europesays.com\/fr\/wp-json\/wp\/v2\/tags?post=641334"}],"curies":[{"name":"wp","href":"https:\/\/api.w.org\/{rel}","templated":true}]}}