{"id":641338,"date":"2026-01-04T23:27:18","date_gmt":"2026-01-04T23:27:18","guid":{"rendered":"https:\/\/www.europesays.com\/fr\/641338\/"},"modified":"2026-01-04T23:27:18","modified_gmt":"2026-01-04T23:27:18","slug":"une-cagnotte-leetchi-en-soutien-au-varois-blesse-a-crans-montana","status":"publish","type":"post","link":"https:\/\/www.europesays.com\/fr\/641338\/","title":{"rendered":"Une cagnotte Leetchi en soutien au Varois bless\u00e9 \u00e0 Crans-Montana"},"content":{"rendered":"<p class=\"fs-5 \">La solidarit\u00e9 marche \u00e0 plein r\u00e9gime apr\u00e8s l\u2019incendie du bar Le Constellation ayant co\u00fbt\u00e9 la vie \u00e0 40 personnes et bless\u00e9 119 autres \u00e0 Crans-Montana (Suisse) lors du r\u00e9veillon du Nouvel an.<\/p>\n<p class=\"fs-5 \">Dernier exemple en date avec <a href=\"https:\/\/www.leetchi.com\/fr\/c\/gaetan-4707391\" target=\"_blank\" rel=\"nofollow noopener\">la cagnotte Leetchi<\/a> (1) lanc\u00e9e par des proches de G<a href=\"https:\/\/www.nicematin.com\/faits-divers\/un-varois-parmi-les-victimes-de-crans-montana-10663041\" target=\"_blank\" rel=\"noopener\">aetan T., barman varois<\/a> \u00e9tant parti faire la saison hivernale dans la station suisse et bless\u00e9 lors du drame.<\/p>\n<p>        <img src=\"https:\/\/www.europesays.com\/fr\/wp-content\/uploads\/2026\/01\/1767569238_64_7c7c68a_upload-from-url-1-4qon1dopox4o-data-art-16889352.jpg\"   loading=\"lazy\" decoding=\"async\" alt=\"Le High Club, discoth\u00e8que renomm\u00e9e \u00e0 Nice, arr\u00eate d\u00e9finitivement les feux de Bengale. \" class=\"img-fluid position-absolute w-100 object-fit-cover rounded-2\" width=\"600\" height=\"400\"\/><\/p>\n<p class=\"fs-5 \">Cr\u00e9\u00e9e le 3 janvier afin de soutenir le jeune homme \u00ab dans cette \u00e9preuve terrible \u00bb, celle-ci avait r\u00e9colt\u00e9 pr\u00e8s de 5 200 euros dimanche en fin d\u2019apr\u00e8s-midi aupr\u00e8s d\u2019une centaine de g\u00e9n\u00e9reux contributeurs.<\/p>\n<p>                                                                                \u00ab Un petit coup de pouce financier \u00bb<\/p>\n<p class=\"fs-5 \">\u00ab On voudrait, m\u00eame si c\u2019est pas grand-chose, te donner un petit coup de pouce financier pour te permettre de faire face aux frais courants qui risquent de s\u2019amonceler pendant ta convalescence et, d\u00e8s que tu iras mieux, pour t\u2019aider \u00e0 r\u00e9aliser tes projets personnels ou professionnels \u00bb indique la description sur le site Internet.<\/p>\n<p class=\"fs-5 \">Gaetan.T., connu comme barman au Mafana Zen Caf\u00e9 \u00e0 Six-Fours-les-Plages, fait partie des 16 Fran\u00e7ais bless\u00e9s lors de l\u2019incendie. Il aurait \u00e9t\u00e9 br\u00fbl\u00e9 sur un c\u00f4t\u00e9 du visage, sur les bras et les mains, et aussi dans le dos.<\/p>\n<p class=\"fs-5 \">\u00ab Il a \u00e9t\u00e9 plac\u00e9 sous respiration artificielle et il est maintenant sous surveillance. Sa peau a \u00e9t\u00e9 br\u00fbl\u00e9e au 3e degr\u00e9. Et il a inhal\u00e9 \u00e9norm\u00e9ment de fum\u00e9e \u00bb, a racont\u00e9 un proche de la victime \u00e0 Var-matin.<\/p>\n<p class=\"fs-5 \">Selon nos informations, Gaetan devrait \u00eatre transf\u00e9r\u00e9 vers un h\u00f4pital \u00e0 Marseille d\u00e8s que son \u00e9tat de sant\u00e9 l\u2019y autorisera.<\/p>\n<p class=\"fs-5 \">1. <a href=\"https:\/\/www.leetchi.com\/fr\/c\/gaetan-4707391\" target=\"_blank\" rel=\"nofollow noopener\">https:\/\/www.leetchi.com\/fr\/c\/gaetan-4707391<\/a><\/p>\n","protected":false},"excerpt":{"rendered":"La solidarit\u00e9 marche \u00e0 plein r\u00e9gime apr\u00e8s l\u2019incendie du bar Le Constellation ayant co\u00fbt\u00e9 la vie \u00e0 40&hellip;\n","protected":false},"author":2,"featured_media":641339,"comment_status":"","ping_status":"","sticky":false,"template":"","format":"standard","meta":{"footnotes":""},"categories":[2819],"tags":[1111,11,1777,674,1011,27,12,2401,882,25],"class_list":{"0":"post-641338","1":"post","2":"type-post","3":"status-publish","4":"format-standard","5":"has-post-thumbnail","7":"category-nice","8":"tag-actu","9":"tag-actualites","10":"tag-eu","11":"tag-europe","12":"tag-fr","13":"tag-france","14":"tag-news","15":"tag-nice","16":"tag-provence-alpes-cote-dazur","17":"tag-republique-francaise"},"share_on_mastodon":{"url":"https:\/\/pubeurope.com\/@fr\/115839424508176467","error":""},"_links":{"self":[{"href":"https:\/\/www.europesays.com\/fr\/wp-json\/wp\/v2\/posts\/641338","targetHints":{"allow":["GET"]}}],"collection":[{"href":"https:\/\/www.europesays.com\/fr\/wp-json\/wp\/v2\/posts"}],"about":[{"href":"https:\/\/www.europesays.com\/fr\/wp-json\/wp\/v2\/types\/post"}],"author":[{"embeddable":true,"href":"https:\/\/www.europesays.com\/fr\/wp-json\/wp\/v2\/users\/2"}],"replies":[{"embeddable":true,"href":"https:\/\/www.europesays.com\/fr\/wp-json\/wp\/v2\/comments?post=641338"}],"version-history":[{"count":0,"href":"https:\/\/www.europesays.com\/fr\/wp-json\/wp\/v2\/posts\/641338\/revisions"}],"wp:featuredmedia":[{"embeddable":true,"href":"https:\/\/www.europesays.com\/fr\/wp-json\/wp\/v2\/media\/641339"}],"wp:attachment":[{"href":"https:\/\/www.europesays.com\/fr\/wp-json\/wp\/v2\/media?parent=641338"}],"wp:term":[{"taxonomy":"category","embeddable":true,"href":"https:\/\/www.europesays.com\/fr\/wp-json\/wp\/v2\/categories?post=641338"},{"taxonomy":"post_tag","embeddable":true,"href":"https:\/\/www.europesays.com\/fr\/wp-json\/wp\/v2\/tags?post=641338"}],"curies":[{"name":"wp","href":"https:\/\/api.w.org\/{rel}","templated":true}]}}