{"id":641346,"date":"2026-01-04T23:33:12","date_gmt":"2026-01-04T23:33:12","guid":{"rendered":"https:\/\/www.europesays.com\/fr\/641346\/"},"modified":"2026-01-04T23:33:12","modified_gmt":"2026-01-04T23:33:12","slug":"toulouse-inquietude-pour-thomas","status":"publish","type":"post","link":"https:\/\/www.europesays.com\/fr\/641346\/","title":{"rendered":"Toulouse: Inqui\u00e9tude pour Thomas"},"content":{"rendered":"<p><strong>Sorti en toute fin de match ce<br \/>\nsamedi lors de la d\u00e9faite de Toulouse sur la pelouse de Perpignan,<br \/>\nTeddy Thomas va prochainement passer des examens en raison d\u2019une<br \/>\ndouleur \u00e0 une cuisse.<\/strong><\/p>\n<p><strong>Le week-end aura \u00e9t\u00e9 bien compliqu\u00e9 pour<br \/>\nToulouse.<\/strong> Alors qu\u2019Ugo Mola a d\u00e9cid\u00e9 de faire tourner son<br \/>\neffectif en vue des rendez-vous face aux Saracens et \u00e0 Sale dans le<br \/>\ncadre de Champions Cup lors des deux prochains week-ends, les<br \/>\nchampions de France en titre ont chut\u00e9 de peu sur la pelouse de<br \/>\nPerpignan ce samedi. Auteur du premier essai des Rouge-et-Noir \u00e0<br \/>\nl\u2019approche du milieu de la premi\u00e8re p\u00e9riode, <strong>Teddy Thomas<br \/>\nn\u2019a pas pris part \u00e0 la rencontre jusqu\u2019au coup de sifflet<br \/>\nfinal<\/strong>. En effet, l\u2019ancien joueur de La Rochelle a c\u00e9d\u00e9 sa<br \/>\nplace au jeune J\u00e9r\u00e9my Nemor \u00e0 la 75eme minute.<\/p>\n<p><strong>Ce qui a permis \u00e0 l\u2019ailier de 19 ans de faire sa toute<br \/>\npremi\u00e8re apparition en Top 14.<\/strong> Mais ce remplacement avait<br \/>\nune raison autre que la volont\u00e9 de donner du temps de jeu \u00e0 un<br \/>\njoueur issu du centre de formation du Stade Toulousain. En effet,<br \/>\nselon les informations du quotidien r\u00e9gional La D\u00e9p\u00eache,<br \/>\n<strong>Teddy Thomas a ressenti une douleur au niveau d\u2019une<br \/>\ncuisse<\/strong> ayant pouss\u00e9 Ugo Mola \u00e0 faire preuve de pr\u00e9caution<br \/>\navec un joueur qui monte en puissance depuis son arriv\u00e9e en<br \/>\nHaute-Garonne cet \u00e9t\u00e9. Ainsi, le joueur aux 28 s\u00e9lections avec le<br \/>\nXV de France va passer des examens au retour \u00e0 Toulouse.<\/p>\n<p>Pas d\u2019inqui\u00e9tude les autres<br \/>\njoueurs touch\u00e9s<\/p>\n<p><strong>Les r\u00e9sultats permettront d\u2019avoir une id\u00e9e pr\u00e9cise d\u2019une<br \/>\n\u00e9ventuelle indisponibilit\u00e9<\/strong>. Sa pr\u00e9sence dans le groupe<br \/>\npour le d\u00e9placement \u00e0 Londres le week-end prochain est ainsi \u00e0<br \/>\nconjuguer au conditionnel. Ce qui viendrait un peu plus amoindrir<br \/>\nun secteur de jeu pour lequel Pierre-Louis Barassi, Ange Capuozzo,<br \/>\nMatthis Lebel ou encore Juan Cruz Mallia sont d\u00e9j\u00e0 indisponible sur<br \/>\nblessure. La d\u00e9faite \u00e0 Perpignan a \u00e9galement vu Mathis Castro<br \/>\nFerreira \u00eatre touch\u00e9 \u00e0 la m\u00e2choire quand autant Paul Graou que<br \/>\nKalvin Gourgues se sont plaints des \u00e9paules. N\u00e9anmoins,<br \/>\n<strong>leur \u00e9tat de sant\u00e9 n\u2019inspire pas la moindre inqui\u00e9tude pour<br \/>\nl\u2019encadrement technique du club toulousain<\/strong>.<\/p>\n","protected":false},"excerpt":{"rendered":"Sorti en toute fin de match ce samedi lors de la d\u00e9faite de Toulouse sur la pelouse de&hellip;\n","protected":false},"author":2,"featured_media":641347,"comment_status":"","ping_status":"","sticky":false,"template":"","format":"standard","meta":{"footnotes":""},"categories":[2816],"tags":[1111,11,57948,1777,674,34465,1011,27,12,2680,25,479,57681,9134,478,2312],"class_list":{"0":"post-641346","1":"post","2":"type-post","3":"status-publish","4":"format-standard","5":"has-post-thumbnail","7":"category-toulouse","8":"tag-actu","9":"tag-actualites","10":"tag-cuisse","11":"tag-eu","12":"tag-europe","13":"tag-examens","14":"tag-fr","15":"tag-france","16":"tag-news","17":"tag-occitanie","18":"tag-republique-francaise","19":"tag-rugby","20":"tag-sport365-fr","21":"tag-thomas","22":"tag-top-14","23":"tag-toulouse"},"share_on_mastodon":{"url":"https:\/\/pubeurope.com\/@fr\/115839448052936897","error":""},"_links":{"self":[{"href":"https:\/\/www.europesays.com\/fr\/wp-json\/wp\/v2\/posts\/641346","targetHints":{"allow":["GET"]}}],"collection":[{"href":"https:\/\/www.europesays.com\/fr\/wp-json\/wp\/v2\/posts"}],"about":[{"href":"https:\/\/www.europesays.com\/fr\/wp-json\/wp\/v2\/types\/post"}],"author":[{"embeddable":true,"href":"https:\/\/www.europesays.com\/fr\/wp-json\/wp\/v2\/users\/2"}],"replies":[{"embeddable":true,"href":"https:\/\/www.europesays.com\/fr\/wp-json\/wp\/v2\/comments?post=641346"}],"version-history":[{"count":0,"href":"https:\/\/www.europesays.com\/fr\/wp-json\/wp\/v2\/posts\/641346\/revisions"}],"wp:featuredmedia":[{"embeddable":true,"href":"https:\/\/www.europesays.com\/fr\/wp-json\/wp\/v2\/media\/641347"}],"wp:attachment":[{"href":"https:\/\/www.europesays.com\/fr\/wp-json\/wp\/v2\/media?parent=641346"}],"wp:term":[{"taxonomy":"category","embeddable":true,"href":"https:\/\/www.europesays.com\/fr\/wp-json\/wp\/v2\/categories?post=641346"},{"taxonomy":"post_tag","embeddable":true,"href":"https:\/\/www.europesays.com\/fr\/wp-json\/wp\/v2\/tags?post=641346"}],"curies":[{"name":"wp","href":"https:\/\/api.w.org\/{rel}","templated":true}]}}