{"id":641348,"date":"2026-01-04T23:35:36","date_gmt":"2026-01-04T23:35:36","guid":{"rendered":"https:\/\/www.europesays.com\/fr\/641348\/"},"modified":"2026-01-04T23:35:36","modified_gmt":"2026-01-04T23:35:36","slug":"ligue-1-rennes-simpose-a-lille-au-terme-dun-match-tendu-et-poursuit-sa-remontee","status":"publish","type":"post","link":"https:\/\/www.europesays.com\/fr\/641348\/","title":{"rendered":"Ligue 1. Rennes s&rsquo;impose \u00e0 Lille au terme d&rsquo;un match tendu et poursuit sa remont\u00e9e"},"content":{"rendered":"<p>2026 a bien mal commenc\u00e9 pour Lille, battu \u00e0 domicile par Rennes (2-0) samedi soir au stade Pierre-Mauroy, apr\u00e8s avoir pass\u00e9 plus des trois quarts du match en inf\u00e9riorit\u00e9 num\u00e9rique. Le Losc est assur\u00e9 de conserver sa quatri\u00e8me place (32 points) \u00e0 l&rsquo;issue de cette 17e journ\u00e9e de Ligue 1, mais voit Lyon (5e) et Rennes (6e) revenir \u00e0 deux unit\u00e9s, tandis que Marseille (3e, 32 pts) et le Paris Saint-Germain (2e, 36 pts) pourraient prendre de l&rsquo;avance en cas de succ\u00e8s dimanche.<\/p>\n<p>Si Lille a vu sa s\u00e9rie de quatre succ\u00e8s s&rsquo;\u00e9vanouir en m\u00eame temps que 2025, c&rsquo;est en grande partie \u00e0 cause du carton rouge re\u00e7u par Alexsandro d\u00e8s la 13e minute. L&rsquo;international br\u00e9silien (3 s\u00e9lections) a \u00e9t\u00e9 coupable d&rsquo;une perte de balle dangereuse aux abords de sa surface de r\u00e9paration, avant de faucher Breel Embolo, qui venait de la r\u00e9cup\u00e9rer. Cela valait-il un carton rouge ? Pas selon <a href=\"https:\/\/www.republicain-lorrain.fr\/p\/bruno-genesio\" target=\"_blank\" rel=\"noopener\">Bruno Genesio<\/a>, qui a d\u00fb \u00eatre retenu par plusieurs joueurs alors qu&rsquo;il se dirigeait vers \u00c9ric Wattellier \u00e0 la mi-temps, ni Olivier L\u00e9tang, qui a interpell\u00e9 l&rsquo;arbitre \u00e0 la mi-temps, ce qui n&rsquo;am\u00e9liorera pas son image aupr\u00e8s des instances dirigeantes du football.<\/p>\n<p>Genesio avait d\u00e9j\u00e0 fortement critiqu\u00e9 l&rsquo;arbitrage de M. Wattellier apr\u00e8s le derby perdu \u00e0 Lens (3-0) plus t\u00f4t dans la saison.\u00a0Ce carton rouge a en tout cas plomb\u00e9 les espoirs des Dogues, et le retour d&rsquo;Alexsandro apr\u00e8s trois mois et demi loin des pelouses \u00e0 cause d&rsquo;une blessure au quadriceps droit. Bruno Genesio comptait pourtant beaucoup sur lui, en l&rsquo;absence d&rsquo;A\u00efssa Mandi et Chancel Mbemba qui disputent la Coupe d&rsquo;Afrique des nations (CAN).<\/p>\n<p>Lille assomm\u00e9 en huit minutes<\/p>\n<p>Avec Nabil Bentaleb redescendu au sein de la d\u00e9fense centrale, Lille s&rsquo;est pourtant procur\u00e9 les meilleures occasions de la premi\u00e8re p\u00e9riode par Thomas Meunier, d&rsquo;une frappe qui a fr\u00f4l\u00e9 les cages rennaises (33e), puis Matias Fernandez-Pardo, pas assez pr\u00e9cis pour battre Brice Samba (40e, 45e+3).<\/p>\n<p>Apr\u00e8s un premier acte d\u00e9cevant malgr\u00e9 la possession du ballon (65\u00a0%), le Stade rennais a assomm\u00e9 son adversaire en huit minutes\u00a0: d&rsquo;abord en ouvrant le score gr\u00e2ce \u00e0 Przemyslaw Frankowski, tout heureux de placer une t\u00eate gagnante (49e) face \u00e0 son ancien grand rival, lorsqu&rsquo;il portait les couleurs lensoises; puis par Quentin Merlin, bien d\u00e9cal\u00e9 par Breel Embolo alors que la d\u00e9fense lilloise s&rsquo;\u00e9tait oubli\u00e9e (57e).<\/p>\n<p>Sans \u00eatre dominateur dans le jeu ni m\u00eame serein en d\u00e9fense, le club breton a conserv\u00e9 son avantage jusqu&rsquo;au bout pour entretenir sa belle forme faite de six victoires lors des sept derniers matches de championnat. Les joueurs d&rsquo;Habib Beye, dont l&rsquo;objectif est de d\u00e9crocher un ticket europ\u00e9en en fin de saison, ont eu l&rsquo;occasion d&rsquo;aggraver le score par Breel Embolo (65e) et Esteban Lepaul (83e), sans toutefois y parvenir.<\/p>\n<p>En face, les Nordistes auraient pu profiter de plusieurs pertes de balles dangereuses des Rennais pour r\u00e9duire le score mais ni Hakon Haraldsson (82e) ni Ayyoub Bouaddi (88e) n&rsquo;ont r\u00e9ussi \u00e0 le faire. Au terme d&rsquo;un match disput\u00e9 sans rythme, sous le toit ferm\u00e9 du stade Pierre-Mauroy, Rennes a lanc\u00e9 son ann\u00e9e civile id\u00e9alement, laissant Lille \u00e0 ses regrets.<\/p>\n","protected":false},"excerpt":{"rendered":"2026 a bien mal commenc\u00e9 pour Lille, battu \u00e0 domicile par Rennes (2-0) samedi soir au stade Pierre-Mauroy,&hellip;\n","protected":false},"author":2,"featured_media":639269,"comment_status":"","ping_status":"","sticky":false,"template":"","format":"standard","meta":{"footnotes":""},"categories":[2815],"tags":[1111,11,1777,674,107,63,1011,27,811,7020,1307,12,25,517,1947],"class_list":{"0":"post-641348","1":"post","2":"type-post","3":"status-publish","4":"format-standard","5":"has-post-thumbnail","7":"category-lille","8":"tag-actu","9":"tag-actualites","10":"tag-eu","11":"tag-europe","12":"tag-fil-info","13":"tag-football","14":"tag-fr","15":"tag-france","16":"tag-hauts-de-france","17":"tag-ligue-1-football","18":"tag-lille","19":"tag-news","20":"tag-republique-francaise","21":"tag-sport","22":"tag-sport-national"},"share_on_mastodon":{"url":"https:\/\/pubeurope.com\/@fr\/115839455957150353","error":""},"_links":{"self":[{"href":"https:\/\/www.europesays.com\/fr\/wp-json\/wp\/v2\/posts\/641348","targetHints":{"allow":["GET"]}}],"collection":[{"href":"https:\/\/www.europesays.com\/fr\/wp-json\/wp\/v2\/posts"}],"about":[{"href":"https:\/\/www.europesays.com\/fr\/wp-json\/wp\/v2\/types\/post"}],"author":[{"embeddable":true,"href":"https:\/\/www.europesays.com\/fr\/wp-json\/wp\/v2\/users\/2"}],"replies":[{"embeddable":true,"href":"https:\/\/www.europesays.com\/fr\/wp-json\/wp\/v2\/comments?post=641348"}],"version-history":[{"count":0,"href":"https:\/\/www.europesays.com\/fr\/wp-json\/wp\/v2\/posts\/641348\/revisions"}],"wp:featuredmedia":[{"embeddable":true,"href":"https:\/\/www.europesays.com\/fr\/wp-json\/wp\/v2\/media\/639269"}],"wp:attachment":[{"href":"https:\/\/www.europesays.com\/fr\/wp-json\/wp\/v2\/media?parent=641348"}],"wp:term":[{"taxonomy":"category","embeddable":true,"href":"https:\/\/www.europesays.com\/fr\/wp-json\/wp\/v2\/categories?post=641348"},{"taxonomy":"post_tag","embeddable":true,"href":"https:\/\/www.europesays.com\/fr\/wp-json\/wp\/v2\/tags?post=641348"}],"curies":[{"name":"wp","href":"https:\/\/api.w.org\/{rel}","templated":true}]}}