{"id":641349,"date":"2026-01-04T23:36:10","date_gmt":"2026-01-04T23:36:10","guid":{"rendered":"https:\/\/www.europesays.com\/fr\/641349\/"},"modified":"2026-01-04T23:36:10","modified_gmt":"2026-01-04T23:36:10","slug":"info-bfmtv-un-homme-tue-par-balles-dans-le-centre-ville-de-marseille-les-tireurs-ont-pris-la-fuite","status":"publish","type":"post","link":"https:\/\/www.europesays.com\/fr\/641349\/","title":{"rendered":"INFO BFMTV. Un homme tu\u00e9 par balles dans le centre-ville de Marseille, les tireurs ont pris la fuite"},"content":{"rendered":"<p>Un homme a \u00e9t\u00e9 mortellement touch\u00e9 par balles en plein coeur du centre-ville de Marseille ce dimanche vers 21h30. Les tireurs ont pris la fuite \u00e0 bord d&rsquo;un v\u00e9hicule.<\/p>\n<p>Un homme a \u00e9t\u00e9 tu\u00e9 par balles ce dimanche 4 janvier 2026, peu avant 21h40, dans le quartier Belsunce pr\u00e8s du Vieux-Port de Marseille, a appris BFMTV de la police.<\/p>\n<p>\u00c0 l\u2019arriv\u00e9e des marins-pompiers, l&rsquo;homme, touch\u00e9 par plusieurs impacts de balles notamment au niveau du thorax, n&rsquo;a pas pu \u00eatre ranim\u00e9.<\/p>\n<p>Le ou les auteurs ont pris la fuite \u00e0 bord d&rsquo;un v\u00e9hicule.<\/p>\n","protected":false},"excerpt":{"rendered":"Un homme a \u00e9t\u00e9 mortellement touch\u00e9 par balles en plein coeur du centre-ville de Marseille ce dimanche vers&hellip;\n","protected":false},"author":2,"featured_media":138892,"comment_status":"","ping_status":"","sticky":false,"template":"","format":"standard","meta":{"footnotes":""},"categories":[2814],"tags":[1111,11,1777,674,1011,27,884,12,882,25],"class_list":{"0":"post-641349","1":"post","2":"type-post","3":"status-publish","4":"format-standard","5":"has-post-thumbnail","7":"category-marseille","8":"tag-actu","9":"tag-actualites","10":"tag-eu","11":"tag-europe","12":"tag-fr","13":"tag-france","14":"tag-marseille","15":"tag-news","16":"tag-provence-alpes-cote-dazur","17":"tag-republique-francaise"},"share_on_mastodon":{"url":"https:\/\/pubeurope.com\/@fr\/115839460181401298","error":""},"_links":{"self":[{"href":"https:\/\/www.europesays.com\/fr\/wp-json\/wp\/v2\/posts\/641349","targetHints":{"allow":["GET"]}}],"collection":[{"href":"https:\/\/www.europesays.com\/fr\/wp-json\/wp\/v2\/posts"}],"about":[{"href":"https:\/\/www.europesays.com\/fr\/wp-json\/wp\/v2\/types\/post"}],"author":[{"embeddable":true,"href":"https:\/\/www.europesays.com\/fr\/wp-json\/wp\/v2\/users\/2"}],"replies":[{"embeddable":true,"href":"https:\/\/www.europesays.com\/fr\/wp-json\/wp\/v2\/comments?post=641349"}],"version-history":[{"count":0,"href":"https:\/\/www.europesays.com\/fr\/wp-json\/wp\/v2\/posts\/641349\/revisions"}],"wp:featuredmedia":[{"embeddable":true,"href":"https:\/\/www.europesays.com\/fr\/wp-json\/wp\/v2\/media\/138892"}],"wp:attachment":[{"href":"https:\/\/www.europesays.com\/fr\/wp-json\/wp\/v2\/media?parent=641349"}],"wp:term":[{"taxonomy":"category","embeddable":true,"href":"https:\/\/www.europesays.com\/fr\/wp-json\/wp\/v2\/categories?post=641349"},{"taxonomy":"post_tag","embeddable":true,"href":"https:\/\/www.europesays.com\/fr\/wp-json\/wp\/v2\/tags?post=641349"}],"curies":[{"name":"wp","href":"https:\/\/api.w.org\/{rel}","templated":true}]}}