{"id":641352,"date":"2026-01-04T23:38:24","date_gmt":"2026-01-04T23:38:24","guid":{"rendered":"https:\/\/www.europesays.com\/fr\/641352\/"},"modified":"2026-01-04T23:38:24","modified_gmt":"2026-01-04T23:38:24","slug":"quel-impact-sur-le-trafic-routier-a-lyon-ce-lundi","status":"publish","type":"post","link":"https:\/\/www.europesays.com\/fr\/641352\/","title":{"rendered":"quel impact sur le trafic routier \u00e0 Lyon ce lundi\u00a0?"},"content":{"rendered":"<p>Un important convoi d\u2019environ 70 tracteurs avec remorques, r\u00e9unissant des agriculteurs venus du Rh\u00f4ne, de l\u2019Ain, de l\u2019Is\u00e8re, de la Loire et de la Haute-Loire, est attendu ce lundi 5\u00a0janvier d\u00e8s l\u2019aube. Le rassemblement d\u00e9butera \u00e0 partir de 4 heures du matin \u00e0 Mornant, avant un d\u00e9part pr\u00e9vu pour 5 heures en \u00ab\u00a0op\u00e9ration escargot\u00a0\u00bb vers le site des Sept Chemins, \u00e0 Brignais, o\u00f9 un point de rendez-vous est fix\u00e9 \u00e0 6\u00a0h\u00a030.<\/p>\n<p>Dans la matin\u00e9e, le tron\u00e7on de l\u2019A450 reliant Brignais \u00e0 Saint-Fons sera ainsi bloqu\u00e9 par les tracteurs, qui pr\u00e9voient ensuite de converger vers la M7, en direction de Pierre-B\u00e9nite o\u00f9 ils comptent s\u2019installer, face au site Arkema Sud-Lyon. \u00ab\u00a0L\u2019objectif est de s&rsquo;\u00e9tablir la M7 pour une dur\u00e9e ind\u00e9termin\u00e9e\u00a0\u00bb, indique Laurence Chanove, responsable de l\u2019animation r\u00e9gionale de la Coordination rurale. D\u2019autres perturbations <a href=\"https:\/\/www.ledauphine.com\/economie\/2026\/01\/02\/les-agriculteurs-prevoient-de-partiellement-bloquer-le-peage-de-reventin-des-lundi\" target=\"_blank\" rel=\"noopener\">sont attendues plus au sud, comme au p\u00e9age de Vienne-Reventin<\/a>, dans le nord-ouest de l\u2019Is\u00e8re, qui sera filtr\u00e9 dans les deux sens par d\u2019autres agriculteurs.<\/p>\n<p>  Campement sur la M7, blocage de l\u2019A7<\/p>\n<p>Sur la M7, les manifestants envisagent la mise en place d\u2019un campement avec chapiteau, dortoirs et cuisine. \u00ab\u00a0Nous sommes autoris\u00e9s pour 300 personnes, mais beaucoup viendront nous rejoindre en voiture\u00a0\u00bb, pr\u00e9cise Bertrand Molinier, \u00e9leveur laitier \u00e0 Chabani\u00e8re. \u00ab\u00a0Sur place on va accueillir tous les soirs un maximum de responsables locaux, \u00e9lus, s\u00e9nateurs et d\u00e9put\u00e9s avec qui l\u2019on va discuter et organiser des conf\u00e9rences pour pr\u00e9senter nos difficult\u00e9s. Heureusement, tous ont annonc\u00e9 qu\u2019ils allaient r\u00e9pondre pr\u00e9sent. C\u2019est par eux que nos probl\u00e8mes peuvent se r\u00e9gler.\u00a0\u00bb<\/p>\n<p><a href=\"https:\/\/www.leprogres.fr\/economie\/2026\/01\/02\/mercosur-gestion-de-la-dermatose-les-agriculteurs-et-leurs-tracteurs-vont-bloquer-le-sud-de-lyon-lundi\" target=\"_blank\" rel=\"noopener\">\u00c0 l\u2019origine de la mobilisation<\/a>, les revendications sont les m\u00eames\u00a0: la gestion gouvernementale de la dermatose bovine et le projet de trait\u00e9 de libre-\u00e9change entre l\u2019Union europ\u00e9enne et le Mercosur (zone de libre-\u00e9change entre plusieurs pays d\u2019Am\u00e9rique du Sud). Mais les agriculteurs r\u00e9clament en premier lieu le r\u00e9tablissement du dialogue avec l\u2019\u00c9tat\u00a0: \u00ab\u00a0On a un gros probl\u00e8me avec la Ministre de l\u2019agriculture (Annie Genevard, NDLR) qui n\u2019y conna\u00eet rien au m\u00e9tier et qui nous d\u00e9nigre compl\u00e8tement, poursuit l\u2019exploitant laitier. Le Premier ministre a repris les choses en main et re\u00e7u les responsables syndicaux, mais on attend \u00e0 ce que soient mis des interlocuteurs dans les r\u00e9gions, avec qui on puisse convenir de plans d\u2019action\u00a0\u00bb.<\/p>\n<p>Ce contenu est bloqu\u00e9 car vous n&rsquo;avez pas accept\u00e9 les cookies et autres traceurs.<\/p>\n<p>En cliquant sur \u00ab J\u2019accepte \u00bb, les cookies et autres traceurs seront d\u00e9pos\u00e9s et vous pourrez visualiser les contenus  (<a href=\"\" class=\"consentModule_policy\" target=\"_blank\" title=\"Consulter la politique de protection des donn\u00e9es du fournisseur\">plus d&rsquo;informations<\/a>).<\/p>\n<p>En cliquant sur \u00ab J\u2019accepte tous les cookies \u00bb, vous autorisez des d\u00e9p\u00f4ts de cookies et autres traceurs pour le stockage de vos donn\u00e9es sur nos sites et applications \u00e0 des fins de personnalisation et de ciblage publicitaire.<\/p>\n<p class=\"consentModule_secondaryText\">Vous gardez la possibilit\u00e9 de retirer votre consentement \u00e0 tout moment en consultant notre <a href=\"https:\/\/www.leprogres.fr\/protection-des-donnees\" target=\"_blank\" title=\"Consulter notre politique de protection des donn\u00e9es\" rel=\"noopener\">politique de protection des donn\u00e9es<\/a>. <br \/>&#13;<br \/>\n            <a href=\"https:\/\/www.leprogres.fr\/social\/2026\/01\/04\/javascript:Didomi.notice.show()\" class=\"consentModule_cmp\" target=\"_blank\" rel=\"noopener\">G\u00e9rer mes choix<\/a>&#13;\n        <\/p>\n<p>&#13;<br \/>\n                        J&rsquo;accepte&#13;<br \/>\n            J&rsquo;accepte tous les cookies&#13;\n        <\/p>\n<p>En Nord-Is\u00e8re, les agriculteurs pr\u00e9voient plusieurs actions d\u00e8s lundi selon nos confr\u00e8res du <a href=\"https:\/\/www.ledauphine.com\/transport\/2026\/01\/04\/isere-colere-des-agriculteurs-des-actions-de-blocage-prevues-ce-lundi\" target=\"_blank\" rel=\"noopener\">Dauphin\u00e9 Lib\u00e9r\u00e9<\/a>. Un important blocage de l\u2019A7 est annonc\u00e9 au p\u00e9age de Reventin-Vaugris et \u00e0 l\u2019\u00e9changeur Sud\/Nord, avec une soixantaine de tracteurs venus de la vall\u00e9e du Rh\u00f4ne et du pays berjallien. Le collectif A7 Agri 2.0 manifestera aussi \u00e0 Chanas d\u00e8s 6\u202fh, provoquant de fortes perturbations. D\u2019autres actions pourraient cibler le p\u00e9age de l\u2019A43 \u00e0 Saint-Quentin-Fallavier ou le rond-point du Totem \u00e0 Chesnes, voire se disperser si les forces de l\u2019ordre interviennent.\u00a0\u00a0<\/p>\n","protected":false},"excerpt":{"rendered":"Un important convoi d\u2019environ 70 tracteurs avec remorques, r\u00e9unissant des agriculteurs venus du Rh\u00f4ne, de l\u2019Ain, de l\u2019Is\u00e8re,&hellip;\n","protected":false},"author":2,"featured_media":641353,"comment_status":"","ping_status":"","sticky":false,"template":"","format":"standard","meta":{"footnotes":""},"categories":[1889],"tags":[1111,11,2430,35406,3542,9671,3152,2757,3153,3154,3155,3156,1777,674,107,1011,27,2428,12,16766,25,2429,801,2803],"class_list":{"0":"post-641352","1":"post","2":"type-post","3":"status-publish","4":"format-standard","5":"has-post-thumbnail","7":"category-lyon","8":"tag-actu","9":"tag-actualites","10":"tag-auvergne-rhone-alpes","11":"tag-brignais-bassin","12":"tag-circulation","13":"tag-conflit-social","14":"tag-edition-est-lyonnais","15":"tag-edition-lyon-villeurbanne","16":"tag-edition-ouest-lyonnais","17":"tag-edition-sud-lyonnais","18":"tag-edition-tarare","19":"tag-edition-villefranche","20":"tag-eu","21":"tag-europe","22":"tag-fil-info","23":"tag-fr","24":"tag-france","25":"tag-lyon","26":"tag-news","27":"tag-pierre-benite","28":"tag-republique-francaise","29":"tag-rhone","30":"tag-social","31":"tag-transport"},"share_on_mastodon":{"url":"https:\/\/pubeurope.com\/@fr\/115839467742243816","error":""},"_links":{"self":[{"href":"https:\/\/www.europesays.com\/fr\/wp-json\/wp\/v2\/posts\/641352","targetHints":{"allow":["GET"]}}],"collection":[{"href":"https:\/\/www.europesays.com\/fr\/wp-json\/wp\/v2\/posts"}],"about":[{"href":"https:\/\/www.europesays.com\/fr\/wp-json\/wp\/v2\/types\/post"}],"author":[{"embeddable":true,"href":"https:\/\/www.europesays.com\/fr\/wp-json\/wp\/v2\/users\/2"}],"replies":[{"embeddable":true,"href":"https:\/\/www.europesays.com\/fr\/wp-json\/wp\/v2\/comments?post=641352"}],"version-history":[{"count":0,"href":"https:\/\/www.europesays.com\/fr\/wp-json\/wp\/v2\/posts\/641352\/revisions"}],"wp:featuredmedia":[{"embeddable":true,"href":"https:\/\/www.europesays.com\/fr\/wp-json\/wp\/v2\/media\/641353"}],"wp:attachment":[{"href":"https:\/\/www.europesays.com\/fr\/wp-json\/wp\/v2\/media?parent=641352"}],"wp:term":[{"taxonomy":"category","embeddable":true,"href":"https:\/\/www.europesays.com\/fr\/wp-json\/wp\/v2\/categories?post=641352"},{"taxonomy":"post_tag","embeddable":true,"href":"https:\/\/www.europesays.com\/fr\/wp-json\/wp\/v2\/tags?post=641352"}],"curies":[{"name":"wp","href":"https:\/\/api.w.org\/{rel}","templated":true}]}}