{"id":641354,"date":"2026-01-04T23:39:11","date_gmt":"2026-01-04T23:39:11","guid":{"rendered":"https:\/\/www.europesays.com\/fr\/641354\/"},"modified":"2026-01-04T23:39:11","modified_gmt":"2026-01-04T23:39:11","slug":"quatre-victimes-hospitalisees-a-lyon-valentin-plonge-dans-le-coma","status":"publish","type":"post","link":"https:\/\/www.europesays.com\/fr\/641354\/","title":{"rendered":"quatre victimes hospitalis\u00e9es \u00e0 Lyon, Valentin plong\u00e9 dans le coma"},"content":{"rendered":"<p>                    Par<br \/>\n        <strong><br \/>\n            <a href=\"https:\/\/actu.fr\/auteur\/nicolas-zaugra\" title=\"Consulter tous les articles de Nicolas Zaugra\" target=\"_blank\" rel=\"noopener\">Nicolas Zaugra<\/a><br \/>\n                    <\/strong><\/p>\n<p>        Publi\u00e9 le<\/p>\n<p>            4 janv. 2026 \u00e0 18h57        <\/p>\n<p>Le terrible bilan se pr\u00e9cise chaque jour un peu plus. Ce dimanche 4 janvier 2026, le minist\u00e8re des Affaires \u00e9trang\u00e8res a revu le <a href=\"https:\/\/actu.fr\/faits-divers\/incendie-de-crans-montana-huit-francais-sont-morts-et-un-autre-est-porte-disparu-selon-un-nouveau-bilan_63648232.html\" target=\"_blank\" rel=\"noopener\">bilan des morts fran\u00e7ais<\/a> tr\u00e8s \u00e0 la hausse, apr\u00e8s l<a href=\"https:\/\/actu.fr\/faits-divers\/incendie-d-un-bar-a-crans-montana-bilan-humain-causes-ce-que-l-on-sait-deux-jours-apres-le-drame-en-suisse_63645791.html\" target=\"_blank\" rel=\"noopener\">\u2018incendie du bar en Suisse \u00e0 Crans-Montana<\/a>, la nuit du Nouvel An. Huit Fran\u00e7ais sont morts et un autre est port\u00e9 disparu, selon ce nouveau bilan.<\/p>\n<p class=\" wall-content\">Un total de 23 Fran\u00e7ais ont \u00e9t\u00e9 bless\u00e9s dans l\u2019incendie, qui a fait 40 morts et 119 bless\u00e9s.\u00a0<\/p>\n<p class=\" wall-content\">On a aussi appris dans le week-end que le nombre de <a href=\"https:\/\/actu.fr\/auvergne-rhone-alpes\/lyon_69123\/incendie-mortel-de-crans-montana-des-jeunes-victimes-transferees-d-urgence-a-lyon_63643124.html\" target=\"_blank\" rel=\"noopener\">victimes hospitalis\u00e9es \u00e0 Lyon<\/a> se porte d\u00e9sormais \u00e0 <strong>quatre personnes<\/strong>. Elles sont prises en charge au sein du service des grands br\u00fbl\u00e9s des Hospices civils de Lyon (HCL). Une quatri\u00e8me victime a en effet \u00e9t\u00e9 accueillie dimanche.<\/p>\n<p>Un lyc\u00e9en fran\u00e7ais plong\u00e9 en coma artificiel<\/p>\n<p class=\" wall-content\">Artus, Edgar et Valentin, trois jeunes originaires des Yvelines, ont \u00e9t\u00e9 bless\u00e9s dans l\u2019incendie.<\/p>\n<p class=\" wall-content\">Selon <a href=\"https:\/\/www.leparisien.fr\/yvelines-78\/pourquoi-pourquoi-eux-trois-lyceens-de-versailles-parmi-les-victimes-du-drame-de-crans-montana-02-01-2026-34EVUXUQXZAOLH75MKEFBAWTJU.php?ts=1767549083055\" target=\"_blank\" rel=\"noopener\">Le Parisien<\/a>, Valentin, lyc\u00e9en en terminale dans un \u00e9tablissement de Versailles, a \u00e9t\u00e9 pris en charge dans un \u00e9tat tr\u00e8s grave dans un h\u00f4pital de Lyon. Le jeune mineur a \u00e9t\u00e9 plong\u00e9 dans un coma artificiel apr\u00e8s avoir \u00e9t\u00e9 touch\u00e9 par de graves blessures.<\/p>\n<p class=\" wall-content\">On ignore ce dimanche si le lyc\u00e9en fait d\u00e9sormais partie des victimes d\u00e9c\u00e9d\u00e9es annonc\u00e9es dans le dernier bilan du minist\u00e8re des Affaires \u00e9trang\u00e8res.<\/p>\n<p class=\" wall-content\">Personnalisez votre actualit\u00e9 en ajoutant vos villes et m\u00e9dias en favori avec <a href=\"https:\/\/moncompte.actu.fr\" title=\"D\u00e9couvez Mon Actu\" rel=\"nofollow noopener\" data-trk=\"{&quot;cta&quot;:{&quot;action&quot;:&quot;https:\\\/\\\/moncompte.actu.fr&quot;,&quot;category&quot;:&quot;mon compte&quot;,&quot;from&quot;:&quot;article footer&quot;,&quot;name&quot;:&quot;Mon actu&quot;,&quot;type&quot;:&quot;cta&quot;}}\" target=\"_blank\">Mon Actu<\/a>.<\/p>\n","protected":false},"excerpt":{"rendered":"Par Nicolas Zaugra Publi\u00e9 le 4 janv. 2026 \u00e0 18h57 Le terrible bilan se pr\u00e9cise chaque jour un&hellip;\n","protected":false},"author":2,"featured_media":641355,"comment_status":"","ping_status":"","sticky":false,"template":"","format":"standard","meta":{"footnotes":""},"categories":[1889],"tags":[1111,11,2430,1777,674,1011,27,23742,1310,303,2428,12,25,104],"class_list":{"0":"post-641354","1":"post","2":"type-post","3":"status-publish","4":"format-standard","5":"has-post-thumbnail","7":"category-lyon","8":"tag-actu","9":"tag-actualites","10":"tag-auvergne-rhone-alpes","11":"tag-eu","12":"tag-europe","13":"tag-fr","14":"tag-france","15":"tag-hospices-civils-de-lyon-hcl","16":"tag-incendie","17":"tag-justice","18":"tag-lyon","19":"tag-news","20":"tag-republique-francaise","21":"tag-societe"},"share_on_mastodon":{"url":"https:\/\/pubeurope.com\/@fr\/115839471711679414","error":""},"_links":{"self":[{"href":"https:\/\/www.europesays.com\/fr\/wp-json\/wp\/v2\/posts\/641354","targetHints":{"allow":["GET"]}}],"collection":[{"href":"https:\/\/www.europesays.com\/fr\/wp-json\/wp\/v2\/posts"}],"about":[{"href":"https:\/\/www.europesays.com\/fr\/wp-json\/wp\/v2\/types\/post"}],"author":[{"embeddable":true,"href":"https:\/\/www.europesays.com\/fr\/wp-json\/wp\/v2\/users\/2"}],"replies":[{"embeddable":true,"href":"https:\/\/www.europesays.com\/fr\/wp-json\/wp\/v2\/comments?post=641354"}],"version-history":[{"count":0,"href":"https:\/\/www.europesays.com\/fr\/wp-json\/wp\/v2\/posts\/641354\/revisions"}],"wp:featuredmedia":[{"embeddable":true,"href":"https:\/\/www.europesays.com\/fr\/wp-json\/wp\/v2\/media\/641355"}],"wp:attachment":[{"href":"https:\/\/www.europesays.com\/fr\/wp-json\/wp\/v2\/media?parent=641354"}],"wp:term":[{"taxonomy":"category","embeddable":true,"href":"https:\/\/www.europesays.com\/fr\/wp-json\/wp\/v2\/categories?post=641354"},{"taxonomy":"post_tag","embeddable":true,"href":"https:\/\/www.europesays.com\/fr\/wp-json\/wp\/v2\/tags?post=641354"}],"curies":[{"name":"wp","href":"https:\/\/api.w.org\/{rel}","templated":true}]}}